{"id":9093,"date":"2025-07-06T16:50:22","date_gmt":"2025-07-06T14:50:22","guid":{"rendered":"https:\/\/warayana.com.pe\/publicaciones\/?p=9093"},"modified":"2025-07-10T22:09:00","modified_gmt":"2025-07-10T20:09:00","slug":"los-30s-me-respiran-la-nuca","status":"publish","type":"post","link":"https:\/\/warayana.com.pe\/publicaciones\/2025\/07\/06\/los-30s-me-respiran-la-nuca\/","title":{"rendered":"LOS 30s ME RESPIRAN LA NUCA"},"content":{"rendered":"<div class=\"wp-block-image is-style-rounded\">\n<figure class=\"aligncenter size-full is-resized\"><img loading=\"lazy\" decoding=\"async\" width=\"540\" height=\"304\" src=\"https:\/\/warayana.com.pe\/publicaciones\/wp-content\/uploads\/2025\/07\/image.png\" alt=\"\" class=\"wp-image-9094\" style=\"width:642px;height:auto\" srcset=\"https:\/\/warayana.com.pe\/publicaciones\/wp-content\/uploads\/2025\/07\/image.png 540w, https:\/\/warayana.com.pe\/publicaciones\/wp-content\/uploads\/2025\/07\/image-300x169.png 300w\" sizes=\"auto, (max-width: 540px) 100vw, 540px\" \/><\/figure><\/div>\n\n\n<p>Y si t\u00fa ya est\u00e1s en esta etapa, te abrazo mucho, de verdad,\u201cte entiendo\u201d. Ya sea que la est\u00e9s pasando muy bien, neutro o muy mal, el hecho de haber llegado hasta este momento, en el que est\u00e1s hoy, seguro fue complicado en varias etapas de tu vida. Con alegr\u00edas, tristezas, desconciertos, incertidumbres, cambios importantes, reca\u00eddas, resiliencia\u2026 y mucho m\u00e1s.<\/p>\n\n\n\n<p>Es que se viven tant\u00edsimas cosas, que uno inevitablemente cambia, evoluciona, a veces retrocede. Por eso, en este art\u00edculo quiero hablarte un poquito de esta transici\u00f3n hacia los 30s\u2026 y tambi\u00e9n de parte de los 20s, porque si tienes 25, es muy probable que ya est\u00e9s experimentando ciertas dudas. Es un cuarto de vida importante, y tiene su propia transici\u00f3n. Seg\u00fan la APA, esta crisis vital suele estar marcada por la presi\u00f3n externa y la b\u00fasqueda interna de prop\u00f3sito y estabilidad emocional.<\/p>\n\n\n\n<p class=\"has-text-align-center\"><strong><em>Presi\u00f3n externa y b\u00fasqueda interna.<\/em><\/strong><\/p>\n\n\n\n<p>Los 30s vienen cargadisimos de presi\u00f3n, empecemos por una en particular, la presi\u00f3n de la sociedad. Porque, \u00bfqui\u00e9n no ha sentido que nos han puesto la valla bien alta? A los 30 ya \u201cdeber\u00edamos\u201d tener un patrimonio, una familia, casa propia, pareja estable, un trabajo so\u00f1ado o al menos estable, hijos, estabilidad\u2026 como si todo viniera en un checklist. \u00a1Qu\u00e9 abrumador! Todo tan ideal, tan perfecto&#8230; pero, \u00bfy si no lo logramos? o \u00bflo que hemos logrado \u201cno parece ser suficiente\u201d? \u00bfQu\u00e9 pasa entonces?<\/p>\n\n\n<div class=\"wp-block-image is-style-rounded\">\n<figure class=\"aligncenter size-full is-resized\"><img loading=\"lazy\" decoding=\"async\" width=\"413\" height=\"216\" src=\"https:\/\/warayana.com.pe\/publicaciones\/wp-content\/uploads\/2025\/07\/image-1.png\" alt=\"\" class=\"wp-image-9095\" style=\"width:605px;height:auto\" srcset=\"https:\/\/warayana.com.pe\/publicaciones\/wp-content\/uploads\/2025\/07\/image-1.png 413w, https:\/\/warayana.com.pe\/publicaciones\/wp-content\/uploads\/2025\/07\/image-1-300x157.png 300w\" sizes=\"auto, (max-width: 413px) 100vw, 413px\" \/><\/figure><\/div>\n\n\n<p class=\"has-text-align-center\">Aj\u00e1\u2026 ah\u00ed es donde empieza a aparecer esa monta\u00f1a rusa emocional. Con \u00e1nimo de empatizar contigo querido lector, los dos siguientes p\u00e1rrafos van desde mi propia experiencia, si tan solo un peque\u00f1o porcentaje se siente acompa\u00f1ado, para mi ser\u00e1 suficiente.<em>\u00a0<br><br><strong>En camino a los 30s siento que: <\/strong><\/em><\/p>\n\n\n\n<p><em>Hay d\u00edas\u2026 en los que cuesta, el cansancio me aprieta, las ganas se agotan, todo suena a lo mismo y la rutina pesa, la procrastinaci\u00f3n se hace grande, esos d\u00edas grises, en los que me pregunto si voy bien, si voy lento. Las dudas aparecen sin permiso y me hacen sentir chiquitita, la incertidumbre me grita fuerte, \u00bfrealmente estoy en el cambio correcto? <\/em><em><\/em><\/p>\n\n\n\n<p><em>Tambi\u00e9n hay esos d\u00edas en los que el presente me abraza, d\u00edas en los que llega esa conciencia compasiva, que me hace mirar lo que tengo ahora, valido mi proceso y reconozco las posibilidades que siguen ah\u00ed. D\u00edas en los que siento que puedo con todo. Me despierto con much\u00edsima energ\u00eda, el cuerpo responde, la mente tambi\u00e9n. Y aunque no todo est\u00e9 resuelto, voy con todo y entonces nace una nueva motivaci\u00f3n.<\/em><em><\/em><\/p>\n\n\n\n<p><em>En camino a los 30s me siento en un puente entre lo que fui, lo que soy y lo que quiero ser.<\/em><em><\/em><\/p>\n\n\n\n<p class=\"has-text-align-center\"><strong><em>El cuerpo se siente distinto y las emociones tambi\u00e9n.<\/em><\/strong><\/p>\n\n\n<div class=\"wp-block-image is-style-rounded\">\n<figure class=\"aligncenter size-full is-resized\"><img loading=\"lazy\" decoding=\"async\" width=\"436\" height=\"243\" src=\"https:\/\/warayana.com.pe\/publicaciones\/wp-content\/uploads\/2025\/07\/image-2.png\" alt=\"\" class=\"wp-image-9096\" style=\"width:630px;height:auto\" srcset=\"https:\/\/warayana.com.pe\/publicaciones\/wp-content\/uploads\/2025\/07\/image-2.png 436w, https:\/\/warayana.com.pe\/publicaciones\/wp-content\/uploads\/2025\/07\/image-2-300x167.png 300w\" sizes=\"auto, (max-width: 436px) 100vw, 436px\" \/><\/figure><\/div>\n\n\n<p><\/p>\n\n\n\n<p>Diversos estudios han demostrado que llegando a los 30s somos mucho m\u00e1s propensos a experimentar s\u00edntomas de burnout, ansiedad y fatiga constante. Y es que, a esta edad, no solo el cerebro est\u00e1 analizando caminos y replanteando decisiones de vida: tambi\u00e9n el cuerpo empieza a pasar factura.<\/p>\n\n\n\n<p>De pronto nos descubrimos con mayor rigidez muscular, m\u00e1s dolores de cabeza, pesadez estomacal, o ese sudor inc\u00f3modo en momentos donde antes no nos pasaba. Es como si nuestro cuerpo nos dijera en voz alta, \u201c\u00bfme vas a prestar atenci\u00f3n?\u201d, pidi\u00e9ndonos a gritos comer saludable, hacer ejercicio, dormir bien, momentos de distracci\u00f3n y m\u00e1s.<\/p>\n\n\n\n<p>Todo esto no solo tiene que ver con el ritmo de vida que llevamos, que dicho sea de paso, cada vez se vuelve m\u00e1s exigente. Tambi\u00e9n tiene que ver con que somos m\u00e1s conscientes de lo que sentimos, lo emocional f\u00e1cilmente no se puede esconder. Estamos m\u00e1s atentos, m\u00e1s sensibles y por supuesto un poquito m\u00e1s fr\u00e1giles tambi\u00e9n. Porque de pronto llegas a la conclusi\u00f3n pero de manera consciente que el cuerpo y la mente no van separados, que se hablan, y a veces hasta se gritan.<\/p>\n\n\n\n<p class=\"has-text-align-center\"><strong><em>Decisiones conscientes y autocuidado emocional.<\/em><\/strong><\/p>\n\n\n<div class=\"wp-block-image is-style-rounded\">\n<figure class=\"aligncenter size-full is-resized\"><img loading=\"lazy\" decoding=\"async\" width=\"249\" height=\"313\" src=\"https:\/\/warayana.com.pe\/publicaciones\/wp-content\/uploads\/2025\/07\/image-3.png\" alt=\"\" class=\"wp-image-9097\" style=\"width:340px;height:auto\" srcset=\"https:\/\/warayana.com.pe\/publicaciones\/wp-content\/uploads\/2025\/07\/image-3.png 249w, https:\/\/warayana.com.pe\/publicaciones\/wp-content\/uploads\/2025\/07\/image-3-239x300.png 239w\" sizes=\"auto, (max-width: 249px) 100vw, 249px\" \/><\/figure><\/div>\n\n\n<p><\/p>\n\n\n\n<p><strong><br><\/strong>A los 30 algo cambia. No es que de un d\u00eda para otro te vuelvas un experto en paz mental, pero empiezas a tomarte las pausas con m\u00e1s conciencia. Empiezas a cuestionar cosas que antes parec\u00edan obvias. Te preguntas si esa relaci\u00f3n, ese trabajo, esa rutina\u2026realmente te hacen bien, o si solo las sigues porque \u201cas\u00ed toca\u201d o \u201cas\u00ed es la vida\u201d.<\/p>\n\n\n\n<p>No es ego\u00edsmo ni rebeld\u00eda. Es m\u00e1s bien que, con el tiempo, vas aprendiendo a ser un poco m\u00e1s amable contigo mismo. A tomar decisiones que realmente suman a tu bienestar, no solo para cumplir con lo que esperan los dem\u00e1s.<\/p>\n\n\n\n<p>Cuestionas qui\u00e9n eres de verdad, dejando atr\u00e1s versiones antiguas que ya no te definen. Te vuelves m\u00e1s consciente, m\u00e1s solidario con los dem\u00e1s, y tambi\u00e9n m\u00e1s cuidadoso con tu salud emocional. Reconoces tu historia, con todo lo que aprendiste en el camino, y eso te ayuda a protegerte mejor.<\/p>\n\n\n<div class=\"wp-block-image is-style-rounded\">\n<figure class=\"aligncenter size-full is-resized\"><img loading=\"lazy\" decoding=\"async\" width=\"314\" height=\"252\" src=\"https:\/\/warayana.com.pe\/publicaciones\/wp-content\/uploads\/2025\/07\/image-4.png\" alt=\"\" class=\"wp-image-9098\" style=\"width:454px;height:auto\" srcset=\"https:\/\/warayana.com.pe\/publicaciones\/wp-content\/uploads\/2025\/07\/image-4.png 314w, https:\/\/warayana.com.pe\/publicaciones\/wp-content\/uploads\/2025\/07\/image-4-300x241.png 300w\" sizes=\"auto, (max-width: 314px) 100vw, 314px\" \/><\/figure><\/div>\n\n\n<p><\/p>\n\n\n\n<p class=\"has-text-align-center\"><strong><em>Entre dudas, pausas y nuevos comienzos<\/em><\/strong><\/p>\n\n\n\n<p>Los 30s no vienen con un manual de supervivencia, a veces puede sentirse como una continuaci\u00f3n rara de los 20s, y otras, un salto inesperado hacia otra vida (los 40s con su propia crisis vital). Hay presi\u00f3n, hay dudas, d\u00edas de procrastinaci\u00f3n, d\u00edas de alta motivaci\u00f3n.<\/p>\n\n\n\n<p>Pero tambi\u00e9n te trae algo muy reconfortante, m\u00e1s conciencia, m\u00e1s valent\u00eda para decir que no, para elegir distinto, para elegir cuidarte. Empiezas a escucharte m\u00e1s y a entender que est\u00e1 bien cambiar de idea, de camino, de ritmo.<\/p>\n\n\n\n<p>No se trata de tener todo resuelto. Se trata de ir encontrando un sentido. Y si a veces eso implica perderse por momentos, tambi\u00e9n es parte del proceso.<\/p>\n\n\n\n<p>Me gustar\u00eda recordarte que a los 30s y en realidad, a cualquier edad es importante y necesario volver a mirar lo propio, lo que s\u00ed est\u00e1s construyendo.<\/p>\n\n\n\n<p>En ocasiones, crecer, es solo eso, seguir caminando incluso cuando no tienes del todo claro a d\u00f3nde vas.<\/p>\n\n\n\n<p><strong>Referencias<\/strong><strong><\/strong><\/p>\n\n\n\n<p>Harmon, A. (2024). <em>Quarter-life crisis<\/em>. EBSCO Research Starters.<\/p>\n\n\n\n<p>Samuel Antonio S\u00e1nchez Amador. (2021, 1 de julio). <em>La relaci\u00f3n entre el estr\u00e9s y las somatizaciones<\/em>. Psicolog\u00eda y Mente.<\/p>\n","protected":false},"excerpt":{"rendered":"<p>Y si t\u00fa ya est\u00e1s en esta etapa, te abrazo mucho, de verdad,\u201cte entiendo\u201d. Ya sea que la est\u00e9s pasando muy bien, neutro o muy mal, el hecho de haber llegado hasta este momento, en el que est\u00e1s hoy, seguro fue complicado en varias etapas de tu vida. Con alegr\u00edas, tristezas, desconciertos, incertidumbres, cambios importantes, [&hellip;]<\/p>\n","protected":false},"author":48,"featured_media":9095,"comment_status":"open","ping_status":"open","sticky":false,"template":"","format":"standard","meta":{"footnotes":""},"categories":[248,289,253,747,217,1],"tags":[765,18,266,87],"class_list":["post-9093","post","type-post","status-publish","format-standard","has-post-thumbnail","hentry","category-desarrollo-personal","category-relaciones-interpersonales","category-salud-mental","category-sentido-de-vida","category-sentimiento-y-emocion","category-sin-categoria","tag-crisis","tag-emociones","tag-salud-mental","tag-vida"],"_links":{"self":[{"href":"https:\/\/warayana.com.pe\/publicaciones\/wp-json\/wp\/v2\/posts\/9093","targetHints":{"allow":["GET"]}}],"collection":[{"href":"https:\/\/warayana.com.pe\/publicaciones\/wp-json\/wp\/v2\/posts"}],"about":[{"href":"https:\/\/warayana.com.pe\/publicaciones\/wp-json\/wp\/v2\/types\/post"}],"author":[{"embeddable":true,"href":"https:\/\/warayana.com.pe\/publicaciones\/wp-json\/wp\/v2\/users\/48"}],"replies":[{"embeddable":true,"href":"https:\/\/warayana.com.pe\/publicaciones\/wp-json\/wp\/v2\/comments?post=9093"}],"version-history":[{"count":3,"href":"https:\/\/warayana.com.pe\/publicaciones\/wp-json\/wp\/v2\/posts\/9093\/revisions"}],"predecessor-version":[{"id":9103,"href":"https:\/\/warayana.com.pe\/publicaciones\/wp-json\/wp\/v2\/posts\/9093\/revisions\/9103"}],"wp:featuredmedia":[{"embeddable":true,"href":"https:\/\/warayana.com.pe\/publicaciones\/wp-json\/wp\/v2\/media\/9095"}],"wp:attachment":[{"href":"https:\/\/warayana.com.pe\/publicaciones\/wp-json\/wp\/v2\/media?parent=9093"}],"wp:term":[{"taxonomy":"category","embeddable":true,"href":"https:\/\/warayana.com.pe\/publicaciones\/wp-json\/wp\/v2\/categories?post=9093"},{"taxonomy":"post_tag","embeddable":true,"href":"https:\/\/warayana.com.pe\/publicaciones\/wp-json\/wp\/v2\/tags?post=9093"}],"curies":[{"name":"wp","href":"https:\/\/api.w.org\/{rel}","templated":true}]}}