{"id":9057,"date":"2025-06-11T17:24:31","date_gmt":"2025-06-11T15:24:31","guid":{"rendered":"https:\/\/warayana.com.pe\/publicaciones\/?p=9057"},"modified":"2025-06-11T17:24:32","modified_gmt":"2025-06-11T15:24:32","slug":"salud-mental-en-el-trabajo-un-pilar-para-la-productividad-y-el-bienestar-empresarial","status":"publish","type":"post","link":"https:\/\/warayana.com.pe\/publicaciones\/2025\/06\/11\/salud-mental-en-el-trabajo-un-pilar-para-la-productividad-y-el-bienestar-empresarial\/","title":{"rendered":"Salud Mental en el Trabajo: Un Pilar para la Productividad y el Bienestar Empresarial"},"content":{"rendered":"\n<p><strong>Introducci\u00f3n<\/strong><\/p>\n\n\n\n<figure class=\"wp-block-image size-full is-resized is-style-rounded\"><img loading=\"lazy\" decoding=\"async\" width=\"450\" height=\"227\" src=\"https:\/\/warayana.com.pe\/publicaciones\/wp-content\/uploads\/2025\/05\/image.png\" alt=\"\" class=\"wp-image-9062\" style=\"width:666px;height:auto\" srcset=\"https:\/\/warayana.com.pe\/publicaciones\/wp-content\/uploads\/2025\/05\/image.png 450w, https:\/\/warayana.com.pe\/publicaciones\/wp-content\/uploads\/2025\/05\/image-300x151.png 300w\" sizes=\"auto, (max-width: 450px) 100vw, 450px\" \/><\/figure>\n\n\n\n<p>En el mundo laboral contempor\u00e1neo, la productividad y los resultados suelen priorizarse sobre otros aspectos fundamentales para el desempe\u00f1o organizacional. No obstante, m\u00faltiples investigaciones han demostrado que la salud mental de los empleados es un factor clave para garantizar tanto el bienestar individual como la sostenibilidad empresarial (Organizaci\u00f3n Mundial de la Salud [OMS], 2022). Este art\u00edculo explora la relevancia de la salud mental en el trabajo, sus implicaciones en la econom\u00eda y las estrategias que pueden fortalecer un entorno laboral saludable.<\/p>\n\n\n\n<p><strong>\u00bfQu\u00e9 Implica la Salud Mental en el Trabajo?<\/strong><strong><\/strong><\/p>\n\n\n<div class=\"wp-block-image is-style-rounded\">\n<figure class=\"aligncenter size-full is-resized\"><img loading=\"lazy\" decoding=\"async\" width=\"450\" height=\"253\" src=\"https:\/\/warayana.com.pe\/publicaciones\/wp-content\/uploads\/2025\/05\/image-1.png\" alt=\"\" class=\"wp-image-9063\" style=\"width:642px;height:auto\" srcset=\"https:\/\/warayana.com.pe\/publicaciones\/wp-content\/uploads\/2025\/05\/image-1.png 450w, https:\/\/warayana.com.pe\/publicaciones\/wp-content\/uploads\/2025\/05\/image-1-300x169.png 300w\" sizes=\"auto, (max-width: 450px) 100vw, 450px\" \/><\/figure><\/div>\n\n\n<p>La salud mental en el trabajo no se limita a la ausencia de trastornos psicol\u00f3gicos; m\u00e1s bien, abarca el bienestar emocional, la resiliencia, el funcionamiento social, la satisfacci\u00f3n laboral y el equilibrio entre la vida profesional y personal (Frontiers in Psychology, 2022). Un entorno laboral que favorece estos elementos puede mejorar el rendimiento de los empleados y fortalecer el compromiso organizacional (EmpMonitor, 2025).<\/p>\n\n\n\n<p><strong>Impacto en la Productividad y la Econom\u00eda<\/strong><strong><\/strong><\/p>\n\n\n\n<p>Diversos estudios han demostrado la correlaci\u00f3n entre los problemas de salud mental y la reducci\u00f3n del desempe\u00f1o laboral. La OMS (2022) estima que la depresi\u00f3n y la ansiedad generan p\u00e9rdidas econ\u00f3micas globales de aproximadamente $1 bill\u00f3n de d\u00f3lares anualmente, principalmente debido a la disminuci\u00f3n de la productividad. Asimismo, el presentismo y el absentismo representan un costo significativo para las empresas (NAMI-Ipsos, 2025).<\/p>\n\n\n<div class=\"wp-block-image is-style-rounded\">\n<figure class=\"aligncenter size-full is-resized\"><img loading=\"lazy\" decoding=\"async\" width=\"450\" height=\"300\" src=\"https:\/\/warayana.com.pe\/publicaciones\/wp-content\/uploads\/2025\/05\/image-2.png\" alt=\"\" class=\"wp-image-9064\" style=\"width:722px;height:auto\" srcset=\"https:\/\/warayana.com.pe\/publicaciones\/wp-content\/uploads\/2025\/05\/image-2.png 450w, https:\/\/warayana.com.pe\/publicaciones\/wp-content\/uploads\/2025\/05\/image-2-300x200.png 300w\" sizes=\"auto, (max-width: 450px) 100vw, 450px\" \/><\/figure><\/div>\n\n\n<p>Adem\u00e1s, se ha identificado que los empleados en lugares de trabajo que ofrecen programas de capacitaci\u00f3n en salud mental reportan menores afectaciones en su productividad (NAMI-Ipsos, 2025). Esto resalta la importancia de adoptar estrategias organizacionales para mitigar los efectos negativos de los problemas psicol\u00f3gicos.<\/p>\n\n\n\n<p><strong>Estrategias para Promover la Salud Mental en el Trabajo<\/strong><strong><\/strong><\/p>\n\n\n\n<p>Los enfoques corporativos para la salud mental deben ser integrales, abarcando desde la cultura organizacional hasta los beneficios estructurales ofrecidos a los empleados (ResearchGate, 2025). Algunas estrategias recomendadas incluyen:<\/p>\n\n\n\n<p><strong>1. Fomentar una cultura de apoyo y comunicaci\u00f3n abierta<\/strong><strong><\/strong><\/p>\n\n\n\n<p>La creaci\u00f3n de un entorno donde los empleados se sientan seguros para hablar sobre su bienestar emocional es clave para reducir el estigma en torno a la salud mental. Seg\u00fan el <em>Global Wellness Institute<\/em>&nbsp;(2025), las organizaciones que promueven la transparencia y el apoyo muestran una mejora en la satisfacci\u00f3n laboral y la productividad. Estrategias espec\u00edficas incluyen:<\/p>\n\n\n\n<ul class=\"wp-block-list\">\n<li>Capacitaci\u00f3n en sensibilizaci\u00f3n sobre salud mental para l\u00edderes y empleados.<\/li>\n\n\n\n<li>Espacios de escucha activa y acompa\u00f1amiento psicol\u00f3gico.<\/li>\n\n\n\n<li>Fomento de la empat\u00eda en el liderazgo y equipos de trabajo.<\/li>\n<\/ul>\n\n\n<div class=\"wp-block-image is-style-rounded\">\n<figure class=\"aligncenter size-full is-resized\"><img loading=\"lazy\" decoding=\"async\" width=\"450\" height=\"216\" src=\"https:\/\/warayana.com.pe\/publicaciones\/wp-content\/uploads\/2025\/05\/image-3.png\" alt=\"\" class=\"wp-image-9065\" style=\"width:708px;height:auto\" srcset=\"https:\/\/warayana.com.pe\/publicaciones\/wp-content\/uploads\/2025\/05\/image-3.png 450w, https:\/\/warayana.com.pe\/publicaciones\/wp-content\/uploads\/2025\/05\/image-3-300x144.png 300w\" sizes=\"auto, (max-width: 450px) 100vw, 450px\" \/><\/figure><\/div>\n\n\n<p><\/p>\n\n\n\n<p><strong>2. Implementar programas de bienestar<\/strong><strong><\/strong><\/p>\n\n\n\n<p>Los programas de bienestar laboral pueden incluir diversas iniciativas dise\u00f1adas para mejorar la salud mental. <em>CuraLinc Healthcare<\/em>&nbsp;(2025) destaca que la implementaci\u00f3n de programas de manejo del estr\u00e9s y promoci\u00f3n de h\u00e1bitos saludables reduce el absentismo en un 25%. Algunas acciones recomendadas son:<\/p>\n\n\n\n<ul class=\"wp-block-list\">\n<li>Talleres de mindfulness y t\u00e9cnicas de manejo del estr\u00e9s.<\/li>\n\n\n\n<li>Espacios para actividades f\u00edsicas y recreativas.<\/li>\n\n\n\n<li>Programas de asistencia al empleado (PAE) con acceso a apoyo psicol\u00f3gico.<\/li>\n<\/ul>\n\n\n<div class=\"wp-block-image is-style-rounded\">\n<figure class=\"aligncenter size-full\"><img loading=\"lazy\" decoding=\"async\" width=\"590\" height=\"393\" src=\"https:\/\/warayana.com.pe\/publicaciones\/wp-content\/uploads\/2025\/05\/image-4.png\" alt=\"\" class=\"wp-image-9066\" srcset=\"https:\/\/warayana.com.pe\/publicaciones\/wp-content\/uploads\/2025\/05\/image-4.png 590w, https:\/\/warayana.com.pe\/publicaciones\/wp-content\/uploads\/2025\/05\/image-4-300x200.png 300w\" sizes=\"auto, (max-width: 590px) 100vw, 590px\" \/><\/figure><\/div>\n\n\n<p><\/p>\n\n\n\n<p><strong>3. Reducir el estigma asociado a la salud mental<\/strong><strong><\/strong><\/p>\n\n\n\n<p>El miedo al juicio de compa\u00f1eros y superiores impide que los empleados busquen apoyo. Seg\u00fan <em>Startups Magazine<\/em>&nbsp;(2025), el 45% de los empleados en entornos sin sensibilizaci\u00f3n prefieren ocultar sus problemas de salud mental. Para contrarrestar esto, se recomienda:<\/p>\n\n\n\n<ul class=\"wp-block-list\">\n<li>Campa\u00f1as de concienciaci\u00f3n sobre la importancia del bienestar mental.<\/li>\n\n\n\n<li>Integraci\u00f3n de testimonios y experiencias de empleados para normalizar la conversaci\u00f3n.<\/li>\n\n\n\n<li>Capacitaci\u00f3n en inteligencia emocional y liderazgo emp\u00e1tico.<\/li>\n<\/ul>\n\n\n<div class=\"wp-block-image is-style-rounded\">\n<figure class=\"aligncenter size-full\"><img loading=\"lazy\" decoding=\"async\" width=\"590\" height=\"393\" src=\"https:\/\/warayana.com.pe\/publicaciones\/wp-content\/uploads\/2025\/05\/image-5.png\" alt=\"\" class=\"wp-image-9067\" srcset=\"https:\/\/warayana.com.pe\/publicaciones\/wp-content\/uploads\/2025\/05\/image-5.png 590w, https:\/\/warayana.com.pe\/publicaciones\/wp-content\/uploads\/2025\/05\/image-5-300x200.png 300w\" sizes=\"auto, (max-width: 590px) 100vw, 590px\" \/><\/figure><\/div>\n\n\n<p><strong>4. Facilitar el acceso a recursos especializados<\/strong><strong><\/strong><\/p>\n\n\n\n<p>El acceso a profesionales de la salud mental puede marcar la diferencia en la calidad de vida laboral. <em>Akrivia HCM<\/em>&nbsp;(2024) enfatiza que empresas con convenios de salud mental experimentan una disminuci\u00f3n del estr\u00e9s laboral en un 30%. Algunas medidas incluyen:<\/p>\n\n\n\n<ul class=\"wp-block-list\">\n<li>Convenios con psic\u00f3logos y terapeutas especializados.<\/li>\n\n\n\n<li>Sesiones de terapia breve dentro del entorno laboral.<\/li>\n\n\n\n<li>Plataformas de bienestar digital con orientaci\u00f3n psicol\u00f3gica.<\/li>\n<\/ul>\n\n\n<div class=\"wp-block-image is-style-rounded\">\n<figure class=\"aligncenter size-full\"><img loading=\"lazy\" decoding=\"async\" width=\"590\" height=\"393\" src=\"https:\/\/warayana.com.pe\/publicaciones\/wp-content\/uploads\/2025\/05\/image-7.png\" alt=\"\" class=\"wp-image-9069\" srcset=\"https:\/\/warayana.com.pe\/publicaciones\/wp-content\/uploads\/2025\/05\/image-7.png 590w, https:\/\/warayana.com.pe\/publicaciones\/wp-content\/uploads\/2025\/05\/image-7-300x200.png 300w\" sizes=\"auto, (max-width: 590px) 100vw, 590px\" \/><\/figure><\/div>\n\n\n<p><strong>5. Establecer cargas de trabajo razonables y horarios flexibles<\/strong><strong><\/strong><\/p>\n\n\n\n<p>El exceso de carga laboral est\u00e1 vinculado al aumento de trastornos como el burnout. Un estudio de <em>ResearchGate<\/em>&nbsp;(2025) revela que los empleados con horarios flexibles presentan mayor satisfacci\u00f3n y menor agotamiento. Para ello se recomienda:<\/p>\n\n\n\n<ul class=\"wp-block-list\">\n<li>Fomentar el teletrabajo y esquemas h\u00edbridos.<\/li>\n\n\n\n<li>Establecer l\u00edmites en la jornada laboral y evitar jornadas extensas.<\/li>\n\n\n\n<li>Dise\u00f1ar procesos de trabajo eficientes y redistribuir tareas equitativamente.<\/li>\n<\/ul>\n\n\n<div class=\"wp-block-image is-style-rounded\">\n<figure class=\"aligncenter size-full is-resized\"><img loading=\"lazy\" decoding=\"async\" width=\"414\" height=\"276\" src=\"https:\/\/warayana.com.pe\/publicaciones\/wp-content\/uploads\/2025\/05\/image-8.png\" alt=\"\" class=\"wp-image-9070\" style=\"width:614px;height:auto\" srcset=\"https:\/\/warayana.com.pe\/publicaciones\/wp-content\/uploads\/2025\/05\/image-8.png 414w, https:\/\/warayana.com.pe\/publicaciones\/wp-content\/uploads\/2025\/05\/image-8-300x200.png 300w\" sizes=\"auto, (max-width: 414px) 100vw, 414px\" \/><\/figure><\/div>\n\n\n<p><strong>6. Promover el desarrollo profesional y el reconocimiento<\/strong><strong><\/strong><\/p>\n\n\n\n<p>Los empleados que perciben oportunidades de crecimiento tienen menor riesgo de sufrir estr\u00e9s cr\u00f3nico. Seg\u00fan <em>McKinsey<\/em>&nbsp;(2025), el reconocimiento laboral est\u00e1 directamente relacionado con la retenci\u00f3n de talento. Acciones clave incluyen:<\/p>\n\n\n\n<ul class=\"wp-block-list\">\n<li>Planes de desarrollo profesional individualizados.<\/li>\n\n\n\n<li>Programas de mentor\u00eda y capacitaci\u00f3n constante.<\/li>\n\n\n\n<li>Celebraciones de logros y reconocimiento p\u00fablico de esfuerzos.<\/li>\n<\/ul>\n\n\n<div class=\"wp-block-image is-style-rounded\">\n<figure class=\"aligncenter size-full is-resized\"><img loading=\"lazy\" decoding=\"async\" width=\"198\" height=\"297\" src=\"https:\/\/warayana.com.pe\/publicaciones\/wp-content\/uploads\/2025\/05\/image-10.png\" alt=\"\" class=\"wp-image-9072\" style=\"width:298px;height:auto\"\/><\/figure><\/div>\n\n\n<p><\/p>\n\n\n\n<p><strong>7. Evaluar riesgos psicosociales y crear pol\u00edticas preventivas<\/strong><strong><\/strong><\/p>\n\n\n\n<p>Identificar factores de riesgo psicosocial permite adoptar medidas proactivas. La OMS (2022) recomienda que las empresas realicen auditor\u00edas internas para detectar problemas antes de que impacten en la productividad. Estrategias incluyen:<\/p>\n\n\n\n<ul class=\"wp-block-list\">\n<li>Encuestas an\u00f3nimas sobre bienestar emocional de los empleados.<\/li>\n\n\n\n<li>Implementaci\u00f3n de protocolos de intervenci\u00f3n temprana.<\/li>\n\n\n\n<li>Adaptaci\u00f3n de espacios f\u00edsicos para mejorar el confort laboral.<\/li>\n<\/ul>\n\n\n<div class=\"wp-block-image is-style-rounded\">\n<figure class=\"aligncenter size-full is-resized\"><img loading=\"lazy\" decoding=\"async\" width=\"288\" height=\"414\" src=\"https:\/\/warayana.com.pe\/publicaciones\/wp-content\/uploads\/2025\/05\/image-9.png\" alt=\"\" class=\"wp-image-9071\" style=\"width:377px;height:auto\" srcset=\"https:\/\/warayana.com.pe\/publicaciones\/wp-content\/uploads\/2025\/05\/image-9.png 288w, https:\/\/warayana.com.pe\/publicaciones\/wp-content\/uploads\/2025\/05\/image-9-209x300.png 209w\" sizes=\"auto, (max-width: 288px) 100vw, 288px\" \/><\/figure><\/div>\n\n\n<p><strong>Conclusi\u00f3n<\/strong><strong><\/strong><\/p>\n\n\n\n<p>Invertir en la salud mental de los empleados no solo es una decisi\u00f3n \u00e9tica, sino una estrategia que impacta directamente la productividad y la rentabilidad empresarial. Un an\u00e1lisis reciente se\u00f1ala que las compa\u00f1\u00edas con pol\u00edticas s\u00f3lidas de bienestar mental pueden experimentar reducciones en la rotaci\u00f3n laboral y mejoras en la eficiencia econ\u00f3mica (McKinsey, 2025). Al adoptar pr\u00e1cticas que prioricen la salud mental, las empresas pueden construir un entorno m\u00e1s humano, resiliente y rentable.<\/p>\n\n\n\n<p><strong>Referencias<\/strong><strong><\/strong><\/p>\n\n\n\n<ul class=\"wp-block-list\">\n<li>Akrivia HCM. (2024). <em>Beneficios de invertir en la salud mental de los empleados<\/em>.<\/li>\n\n\n\n<li>CuraLinc Healthcare. (2025). <em>Impacto de los programas de salud mental en la rentabilidad empresarial<\/em>.<\/li>\n\n\n\n<li>EmpMonitor. (2025). <em>El estr\u00e9s laboral y su relaci\u00f3n con el rendimiento organizacional<\/em>.<\/li>\n\n\n\n<li>Frontiers in Psychology. (2022). <em>Salud mental y productividad laboral: Un an\u00e1lisis de impacto<\/em>.<\/li>\n\n\n\n<li>Global Wellness Institute. (2025). <em>Estrategias para la gesti\u00f3n de la salud mental en el trabajo<\/em>.<\/li>\n\n\n\n<li>McKinsey. (2025). <em>La relaci\u00f3n entre bienestar laboral y crecimiento econ\u00f3mico<\/em>.<\/li>\n\n\n\n<li>NAMI-Ipsos. (2025). <em>Encuesta sobre salud mental en el entorno corporativo<\/em>.<\/li>\n\n\n\n<li>Organizaci\u00f3n Mundial de la Salud. (2022). <em>El impacto econ\u00f3mico de la depresi\u00f3n y la ansiedad en el trabajo<\/em>.<\/li>\n\n\n\n<li>ResearchGate. (2025). <em>Factores estructurales que impactan el bienestar psicol\u00f3gico en el \u00e1mbito laboral<\/em>.<\/li>\n\n\n\n<li>Startups Magazine. (2025). <em>Auditor\u00edas de salud mental como herramienta estrat\u00e9gica para empresas<\/em>.<\/li>\n<\/ul>\n","protected":false},"excerpt":{"rendered":"<p>Introducci\u00f3n En el mundo laboral contempor\u00e1neo, la productividad y los resultados suelen priorizarse sobre otros aspectos fundamentales para el desempe\u00f1o organizacional. No obstante, m\u00faltiples investigaciones han demostrado que la salud mental de los empleados es un factor clave para garantizar tanto el bienestar individual como la sostenibilidad empresarial (Organizaci\u00f3n Mundial de la Salud [OMS], 2022). [&hellip;]<\/p>\n","protected":false},"author":69,"featured_media":9062,"comment_status":"open","ping_status":"open","sticky":false,"template":"","format":"standard","meta":{"footnotes":""},"categories":[748,248,289,253,747,1],"tags":[],"class_list":["post-9057","post","type-post","status-publish","format-standard","has-post-thumbnail","hentry","category-cuidado-personal","category-desarrollo-personal","category-relaciones-interpersonales","category-salud-mental","category-sentido-de-vida","category-sin-categoria"],"_links":{"self":[{"href":"https:\/\/warayana.com.pe\/publicaciones\/wp-json\/wp\/v2\/posts\/9057","targetHints":{"allow":["GET"]}}],"collection":[{"href":"https:\/\/warayana.com.pe\/publicaciones\/wp-json\/wp\/v2\/posts"}],"about":[{"href":"https:\/\/warayana.com.pe\/publicaciones\/wp-json\/wp\/v2\/types\/post"}],"author":[{"embeddable":true,"href":"https:\/\/warayana.com.pe\/publicaciones\/wp-json\/wp\/v2\/users\/69"}],"replies":[{"embeddable":true,"href":"https:\/\/warayana.com.pe\/publicaciones\/wp-json\/wp\/v2\/comments?post=9057"}],"version-history":[{"count":3,"href":"https:\/\/warayana.com.pe\/publicaciones\/wp-json\/wp\/v2\/posts\/9057\/revisions"}],"predecessor-version":[{"id":9087,"href":"https:\/\/warayana.com.pe\/publicaciones\/wp-json\/wp\/v2\/posts\/9057\/revisions\/9087"}],"wp:featuredmedia":[{"embeddable":true,"href":"https:\/\/warayana.com.pe\/publicaciones\/wp-json\/wp\/v2\/media\/9062"}],"wp:attachment":[{"href":"https:\/\/warayana.com.pe\/publicaciones\/wp-json\/wp\/v2\/media?parent=9057"}],"wp:term":[{"taxonomy":"category","embeddable":true,"href":"https:\/\/warayana.com.pe\/publicaciones\/wp-json\/wp\/v2\/categories?post=9057"},{"taxonomy":"post_tag","embeddable":true,"href":"https:\/\/warayana.com.pe\/publicaciones\/wp-json\/wp\/v2\/tags?post=9057"}],"curies":[{"name":"wp","href":"https:\/\/api.w.org\/{rel}","templated":true}]}}