{"id":8782,"date":"2024-10-30T15:54:28","date_gmt":"2024-10-30T14:54:28","guid":{"rendered":"https:\/\/warayana.com.pe\/publicaciones\/?p=8782"},"modified":"2024-11-23T23:08:00","modified_gmt":"2024-11-23T22:08:00","slug":"una-conversacion-intima","status":"publish","type":"post","link":"https:\/\/warayana.com.pe\/publicaciones\/2024\/10\/30\/una-conversacion-intima\/","title":{"rendered":"UNA CONVERSACI\u00d3N \u00cdNTIMA."},"content":{"rendered":"\n<div class=\"wp-block-image is-style-rounded\"><figure class=\"aligncenter size-large\"><img loading=\"lazy\" decoding=\"async\" width=\"633\" height=\"533\" src=\"https:\/\/warayana.com.pe\/publicaciones\/wp-content\/uploads\/2024\/10\/WhatsApp-Image-2024-10-30-at-9.47.25-AM.jpeg\" alt=\"\" class=\"wp-image-8783\" srcset=\"https:\/\/warayana.com.pe\/publicaciones\/wp-content\/uploads\/2024\/10\/WhatsApp-Image-2024-10-30-at-9.47.25-AM.jpeg 633w, https:\/\/warayana.com.pe\/publicaciones\/wp-content\/uploads\/2024\/10\/WhatsApp-Image-2024-10-30-at-9.47.25-AM-300x253.jpeg 300w\" sizes=\"auto, (max-width: 633px) 100vw, 633px\" \/><\/figure><\/div>\n\n\n\n<p>Hace unos d\u00edas, mientras caminaba por una calle cualquiera, me di cuenta que sent\u00eda que iba tarde, aunque en realidad no hab\u00eda nadie esper\u00e1ndome. Buscando un lugar para reflexionar, encontr\u00e9 un asiento en un parque y, sin pensarlo, me habl\u00e9 en voz alta: \u201c\u00bfQu\u00e9 pasa? \u00bfQu\u00e9 sientes? \u00bfQu\u00e9 te preocupa? \u00bfQu\u00e9 est\u00e1s pensando?\u201d. Me di cuenta que mi di\u00e1logo interno algunos d\u00edas es superficial, casi siempre concreto, vago, algunas veces no le doy importancia y ha cambiado.<\/p>\n\n\n\n<p><strong>\u00bfRealmente se lo que es un di\u00e1logo interno?<\/strong><\/p>\n\n\n\n<p>El di\u00e1logo interno es esa conversaci\u00f3n silenciosa que mantenemos con nosotros mismos, tambi\u00e9n conocida como mon\u00f3logo interno, esas conversaciones silenciosas y autom\u00e1ticas. A menudo lo ignoramos, pero reflexionar sobre nuestras emociones y pensamientos puede ser una de las tareas m\u00e1s dif\u00edciles de la vida. A veces, cuesta identificar y expresar lo que sentimos en un momento determinado, lo que puede llevarnos a la confusi\u00f3n.<\/p>\n\n\n\n<p>Nuestra voz interior tiene un impacto significativo en nuestra salud mental. Puede ser el principal detonante de ansiedad, depresi\u00f3n y otros sentimientos como culpa, inseguridad, miedo y autocr\u00edtica. Sin embargo, si aprendemos a regularla, puede convertirse en una poderosa herramienta de afirmaci\u00f3n, ayud\u00e1ndonos a gestionar nuestras emociones y fortalecer nuestra confianza. <strong><em>Por ello, es importante prestar atenci\u00f3n a nuestro di\u00e1logo interno y evaluar si ha evolucionado junto con nosotros.<\/em><\/strong><\/p>\n\n\n\n<div class=\"wp-block-image is-style-rounded\"><figure class=\"aligncenter size-large\"><img loading=\"lazy\" decoding=\"async\" width=\"521\" height=\"498\" src=\"https:\/\/warayana.com.pe\/publicaciones\/wp-content\/uploads\/2024\/10\/WhatsApp-Image-2024-10-30-at-9.48.01-AM.jpeg\" alt=\"\" class=\"wp-image-8784\" srcset=\"https:\/\/warayana.com.pe\/publicaciones\/wp-content\/uploads\/2024\/10\/WhatsApp-Image-2024-10-30-at-9.48.01-AM.jpeg 521w, https:\/\/warayana.com.pe\/publicaciones\/wp-content\/uploads\/2024\/10\/WhatsApp-Image-2024-10-30-at-9.48.01-AM-300x287.jpeg 300w\" sizes=\"auto, (max-width: 521px) 100vw, 521px\" \/><\/figure><\/div>\n\n\n\n<p><strong>Tipos de dialogo interno<\/strong><\/p>\n\n\n\n<p>Idealmente, nuestro di\u00e1logo interno deber\u00eda madurar y volverse m\u00e1s constructivo. Sin embargo, a menudo prevalece el di\u00e1logo negativo. Frases como <em>\u201cno soy suficiente\u201d o \u201cme voy a equivocar\u201d<\/em> son comunes en momentos de incertidumbre y miedo. Es fundamental reconocer estos pensamientos, ya que <strong><em>\u201cno hay mayor cr\u00edtico que nuestra propia mente\u201d.<\/em><\/strong><\/p>\n\n\n\n<p>Seg\u00fan investigaciones en nuestra mente van a existir aproximadamente 60 000 a 80 000 pensamientos al d\u00eda, algunos autom\u00e1ticos, repetitivos y otros ni siquiera son conscientes, imagina todo eso m\u00e1s el traj\u00edn de la cotidianidad, \u00a1que abrumador!, a lo mejor por eso disociamos, en otro art\u00edculo me gustar\u00eda hablar de ello.<\/p>\n\n\n\n<p>Existen diferentes tipos de di\u00e1logo interno, y es probable que uno de ellos sea m\u00e1s predominante o que experimentes varios. Seg\u00fan Donald Meichenbaum (1971), conocido psic\u00f3logo por desarrollar el \u201centrenamiento en autoinstrucciones\u201d, propone:<\/p>\n\n\n\n<ul class=\"wp-block-list\"><li><strong>Di\u00e1logo interno desadaptativo\/negativo<\/strong>: Pensamientos como \u00abno soy suficiente\u00bb, \u00abno soy capaz de hacer esto\u00bb o \u00absiempre me sale mal\u00bb, \u00abnunca lo lograr\u00e9\u00bb o \u00abno tengo lo que se necesita\u00bb, \u00abno deber\u00eda haber dicho eso\u00bb. Estos son autocr\u00edticos y negativos y pueden acabar con nuestra confianza, en lugar de motivarnos nos lleva a la frustraci\u00f3n. Este tipo de di\u00e1logo limita la capacidad de acci\u00f3n.<\/li><li><strong>Di\u00e1logo interno positivo<\/strong>: Pensamientos de aliento que promueven la confianza, afirmaciones que refuerzan nuestra motivaci\u00f3n y determinaci\u00f3n. por ejemplo, \u201cpuedo manejar esto\u00bb, \u00abhe pasado por situaciones dif\u00edciles antes y he salido adelante\u00bb, \u201cyo puedo con esto\u201d, etc.<\/li><li><strong>Di\u00e1logo interno para la soluci\u00f3n de problemas<\/strong>: Pensamientos proactivos que nos ayudan a enfrentar desaf\u00edos de manera pr\u00e1ctica, por ejemplo \u00abvoy a dividir esta tarea en pasos manejables\u00bb, \u00abprimero voy a organizar mis recursos\u00bb, etc.<\/li><\/ul>\n\n\n\n<p>Reconocer, transformar o potenciar estos tipos de di\u00e1logo interno es clave para mejorar nuestra regulaci\u00f3n emocional y desempe\u00f1o en diversas \u00e1reas de la vida.<\/p>\n\n\n\n<p><strong>\u00bfC\u00f3mo empezar a cultivar positivamente mi di\u00e1logo interno?<\/strong><\/p>\n\n\n\n<div class=\"wp-block-image is-style-rounded\"><figure class=\"aligncenter size-large\"><img loading=\"lazy\" decoding=\"async\" width=\"556\" height=\"556\" src=\"https:\/\/warayana.com.pe\/publicaciones\/wp-content\/uploads\/2024\/10\/WhatsApp-Image-2024-10-30-at-9.48.39-AM.jpeg\" alt=\"\" class=\"wp-image-8785\" srcset=\"https:\/\/warayana.com.pe\/publicaciones\/wp-content\/uploads\/2024\/10\/WhatsApp-Image-2024-10-30-at-9.48.39-AM.jpeg 556w, https:\/\/warayana.com.pe\/publicaciones\/wp-content\/uploads\/2024\/10\/WhatsApp-Image-2024-10-30-at-9.48.39-AM-300x300.jpeg 300w, https:\/\/warayana.com.pe\/publicaciones\/wp-content\/uploads\/2024\/10\/WhatsApp-Image-2024-10-30-at-9.48.39-AM-150x150.jpeg 150w, https:\/\/warayana.com.pe\/publicaciones\/wp-content\/uploads\/2024\/10\/WhatsApp-Image-2024-10-30-at-9.48.39-AM-60x60.jpeg 60w\" sizes=\"auto, (max-width: 556px) 100vw, 556px\" \/><\/figure><\/div>\n\n\n\n<p>Este proceso a menudo implica primero tomar conciencia del di\u00e1logo interno actual, evaluar su utilidad y adaptabilidad, y luego reemplazarlo con pensamientos m\u00e1s constructivos y funcionales.<\/p>\n\n\n\n<ul class=\"wp-block-list\"><li><strong>T\u00f3mate un tiempo para reflexionar<\/strong>: Encuentra momentos de calma para escuchar tu voz interna.<\/li><li><strong>Identifica el di\u00e1logo negativo<\/strong>: Anota los pensamientos autocr\u00edticos y cuestiona si son realmente ciertos.<\/li><li><strong>Reemplaza lo Negativo por lo positivo<\/strong>: Reemplaza pensamientos autocr\u00edticos por afirmaciones de aliento.<\/li><li><strong>Practica la Autocompasi\u00f3n<\/strong>: Seg\u00fan Kristin Neff, psic\u00f3loga pionera en el campo de la autocompasi\u00f3n, es fundamental tratarte a ti mismo con la misma amabilidad que ofrecer\u00edas a un amigo. Esto implica ser comprensivo contigo mismo en momentos de un di\u00e1logo interno negativo y reconocer que el sufrimiento es parte de la experiencia humana, validar el momento dif\u00edcil.<\/li><\/ul>\n\n\n\n<p><strong><em>Cultivar un di\u00e1logo interno saludable no se trata s\u00f3lo de suprimir pensamientos negativos, sino de aprender a entenderlos, gestionarlos y utilizarlos para mejorar.<\/em><\/strong> Con pr\u00e1ctica y atenci\u00f3n, puedes transformar tu di\u00e1logo interno en una herramienta valiosa para tu crecimiento personal.<\/p>\n\n\n\n<p>Es muy probable que al leer este art\u00edculo sientas que con los tips antes mencionados no sea suficiente, es por ello que culminando este escrito te dejo una gu\u00eda pr\u00e1ctica para regular tus pensamientos y tu di\u00e1logo interno.<\/p>\n\n\n\n<p><strong>Relaci\u00f3n con los pensamientos intrusivos<\/strong><\/p>\n\n\n\n<div class=\"wp-block-image is-style-rounded\"><figure class=\"aligncenter size-large\"><img loading=\"lazy\" decoding=\"async\" width=\"644\" height=\"365\" src=\"https:\/\/warayana.com.pe\/publicaciones\/wp-content\/uploads\/2024\/10\/WhatsApp-Image-2024-10-30-at-9.49.21-AM.jpeg\" alt=\"\" class=\"wp-image-8786\" srcset=\"https:\/\/warayana.com.pe\/publicaciones\/wp-content\/uploads\/2024\/10\/WhatsApp-Image-2024-10-30-at-9.49.21-AM.jpeg 644w, https:\/\/warayana.com.pe\/publicaciones\/wp-content\/uploads\/2024\/10\/WhatsApp-Image-2024-10-30-at-9.49.21-AM-300x170.jpeg 300w\" sizes=\"auto, (max-width: 644px) 100vw, 644px\" \/><\/figure><\/div>\n\n\n\n<p>Nuestro di\u00e1logo interno est\u00e1 muy relacionado con los pensamientos intrusivos, esos pensamientos no deseados que aparecen de manera repentina en nuestra mente. Estos pensamientos pueden ser perturbadores y generar malestar emocional, pero es importante entender que su mera presencia no define qui\u00e9nes somos ni afirma&nbsp;&nbsp; nuestras acciones.<\/p>\n\n\n\n<p>Los pensamientos intrusivos pueden potenciar un di\u00e1logo interno negativo si no los regulamos adecuadamente, es decir, puede desencadenar un bucle tremendo de afirmaciones negativas que refuerzan la ansiedad o la inseguridad, va un ejemplo para que lo entendamos mejor, (<strong>primera afirmaci\u00f3n negativa<\/strong>, \u201cmi pareja me es infiel\u201d, <strong>bucle de pensamientos intrusivos<\/strong>, \u201cseguro est\u00e1 con ella\u201d, \u201cnunca me dice d\u00f3nde va\u201d, \u201cno soy lo suficientemente buena para \u00e9l\u201d, \u201csi lo fuera, no tendr\u00eda que buscar a alguien m\u00e1s\u201d, \u201cnadie me quiere de verdad, siempre me abandonan o me enga\u00f1an\u201d, \u201csi \u00e9l realmente me amara, no har\u00eda esto\u201d, \u201cdebo hacer algo para evitar que me deje\u201d, \u201cno puedo confiar en nadie, siempre terminar\u00e9 sola\u201d).<\/p>\n\n\n\n<p>Sin embargo, con las herramientas adecuadas, podemos aprender a gestionar estos pensamientos sin dejarse atrapar por ellos y <strong>desengancharse a tiempo<\/strong> con la primera afirmaci\u00f3n negativa.<\/p>\n\n\n\n<p><strong>Gu\u00eda pr\u00e1ctica para evaluar nuestros pensamientos<\/strong><\/p>\n\n\n\n<p>Cuando te encuentres atrapado en un ciclo de pensamientos negativos e intrusivos, puedes utilizar estas preguntas como herramienta de an\u00e1lisis y reflexi\u00f3n:<\/p>\n\n\n\n<ul class=\"wp-block-list\"><li><strong>\u00bfEs cierto este pensamiento?<\/strong><\/li><li><strong>\u00bfQu\u00e9 hechos a favor lo hacen cierto y qu\u00e9 hechos en contra lo desmienten?<\/strong><\/li><li><strong>\u00bfEste pensamiento es coherente con mis valores?<\/strong><\/li><li><strong>\u00bfQu\u00e9 lo haya pensado significa que vaya a pasar?<\/strong><\/li><li><strong>\u00bfQu\u00e9 efecto tanto positivo como negativo me genera?<\/strong><\/li><li><strong>\u00bfHay otras formas de pensar sobre esto?<\/strong><\/li><li><strong>\u00bfQu\u00e9 pensamiento alternativo ser\u00eda m\u00e1s realista?<\/strong><\/li><li><strong>\u00bfDe qu\u00e9 me sirve tener este pensamiento?<\/strong><\/li><li><strong>\u00bfCu\u00e1nto me afecta del 1 a 100?<\/strong><\/li><\/ul>\n\n\n\n<p>Este proceso de cuestionamiento nos ayuda a desarrollar un di\u00e1logo interno m\u00e1s consciente y funcional. No se trata de eliminar todos los pensamientos negativos, sino de aprender a relacionarnos con ellos de una manera m\u00e1s adaptativa. Al practicar regularmente este tipo de an\u00e1lisis, fortalecemos nuestra capacidad de mantener un di\u00e1logo interno m\u00e1s equilibrado y beneficioso.<\/p>\n\n\n\n<p>Recuerda que este proceso requiere pr\u00e1ctica y paciencia, de tiempo para que estas preguntas se convertir\u00e1n en una herramienta para tu di\u00e1logo interno, ayud\u00e1ndote a mantener una visi\u00f3n m\u00e1s clara y realista de tus pensamientos y emociones.<\/p>\n\n\n\n<p>Finalmente, te dejo una charla amena sobre la importancia del di\u00e1logo interno. Es f\u00e1cil de entender y aborda conceptos clave. Lo recomiendo bastante.<\/p>\n\n\n\n<p><a href=\"https:\/\/www.youtube.com\/watch?v=iBx04-JqOwk&amp;t=2687s\">https:\/\/www.youtube.com\/watch?v=iBx04-JqOwk HYPERLINK \u00abhttps:\/\/www.youtube.com\/watch?v=iBx04-JqOwk&amp;t=2687s\u00bb&amp; HYPERLINK \u00abhttps:\/\/www.youtube.com\/watch?v=iBx04-JqOwk&amp;t=2687s\u00bbt=2687s<\/a><\/p>\n\n\n\n<p class=\"has-text-align-center\"><strong>Para realizar una acci\u00f3n positiva, debemos desarrollar una visi\u00f3n positiva.<\/strong><\/p>\n\n\n\n<p class=\"has-text-align-center\"><strong>Dalai lama<\/strong><\/p>\n\n\n\n<p><strong>REFERENCIAS<\/strong><\/p>\n\n\n\n<p>Meichenbaum, D. (1977). Modificaci\u00f3n del comportamiento cognitivo: Un enfoque integrador. Nueva York: Plenum Press.<\/p>\n\n\n\n<p>Neff, K. D. (2011). Autocompasi\u00f3n: El poder de ser amable contigo mismo. Barcelona: Ediciones Urano.<\/p>\n","protected":false},"excerpt":{"rendered":"<p>Hace unos d\u00edas, mientras caminaba por una calle cualquiera, me di cuenta que sent\u00eda que iba tarde, aunque en realidad no hab\u00eda nadie esper\u00e1ndome. Buscando un lugar para reflexionar, encontr\u00e9 un asiento en un parque y, sin pensarlo, me habl\u00e9 en voz alta: \u201c\u00bfQu\u00e9 pasa? \u00bfQu\u00e9 sientes? \u00bfQu\u00e9 te preocupa? \u00bfQu\u00e9 est\u00e1s pensando?\u201d. Me di [&hellip;]<\/p>\n","protected":false},"author":48,"featured_media":8783,"comment_status":"open","ping_status":"open","sticky":false,"template":"","format":"standard","meta":{"footnotes":""},"categories":[748,248,218,13,356,253],"tags":[753,752,754,755,756],"class_list":["post-8782","post","type-post","status-publish","format-standard","has-post-thumbnail","hentry","category-cuidado-personal","category-desarrollo-personal","category-ideas-y-creencias","category-procesos-cognitivos","category-psicologia-clinica","category-salud-mental","tag-dialogo","tag-dialogointerno","tag-monologo","tag-pensamientos","tag-pensamientosintrusivos"],"_links":{"self":[{"href":"https:\/\/warayana.com.pe\/publicaciones\/wp-json\/wp\/v2\/posts\/8782","targetHints":{"allow":["GET"]}}],"collection":[{"href":"https:\/\/warayana.com.pe\/publicaciones\/wp-json\/wp\/v2\/posts"}],"about":[{"href":"https:\/\/warayana.com.pe\/publicaciones\/wp-json\/wp\/v2\/types\/post"}],"author":[{"embeddable":true,"href":"https:\/\/warayana.com.pe\/publicaciones\/wp-json\/wp\/v2\/users\/48"}],"replies":[{"embeddable":true,"href":"https:\/\/warayana.com.pe\/publicaciones\/wp-json\/wp\/v2\/comments?post=8782"}],"version-history":[{"count":4,"href":"https:\/\/warayana.com.pe\/publicaciones\/wp-json\/wp\/v2\/posts\/8782\/revisions"}],"predecessor-version":[{"id":8876,"href":"https:\/\/warayana.com.pe\/publicaciones\/wp-json\/wp\/v2\/posts\/8782\/revisions\/8876"}],"wp:featuredmedia":[{"embeddable":true,"href":"https:\/\/warayana.com.pe\/publicaciones\/wp-json\/wp\/v2\/media\/8783"}],"wp:attachment":[{"href":"https:\/\/warayana.com.pe\/publicaciones\/wp-json\/wp\/v2\/media?parent=8782"}],"wp:term":[{"taxonomy":"category","embeddable":true,"href":"https:\/\/warayana.com.pe\/publicaciones\/wp-json\/wp\/v2\/categories?post=8782"},{"taxonomy":"post_tag","embeddable":true,"href":"https:\/\/warayana.com.pe\/publicaciones\/wp-json\/wp\/v2\/tags?post=8782"}],"curies":[{"name":"wp","href":"https:\/\/api.w.org\/{rel}","templated":true}]}}