{"id":8679,"date":"2024-09-27T04:02:49","date_gmt":"2024-09-27T02:02:49","guid":{"rendered":"https:\/\/warayana.com.pe\/publicaciones\/?p=8679"},"modified":"2024-11-23T23:09:16","modified_gmt":"2024-11-23T22:09:16","slug":"makeup-y-skincare-un-momento-conmigo-misma","status":"publish","type":"post","link":"https:\/\/warayana.com.pe\/publicaciones\/2024\/09\/27\/makeup-y-skincare-un-momento-conmigo-misma\/","title":{"rendered":"MAKEUP Y SKINCARE, UN MOMENTO CONMIGO MISMA."},"content":{"rendered":"\n<figure class=\"wp-block-image size-large\"><img loading=\"lazy\" decoding=\"async\" width=\"541\" height=\"541\" src=\"https:\/\/warayana.com.pe\/publicaciones\/wp-content\/uploads\/2024\/09\/image-10.png\" alt=\"\" class=\"wp-image-8684\" srcset=\"https:\/\/warayana.com.pe\/publicaciones\/wp-content\/uploads\/2024\/09\/image-10.png 541w, https:\/\/warayana.com.pe\/publicaciones\/wp-content\/uploads\/2024\/09\/image-10-300x300.png 300w, https:\/\/warayana.com.pe\/publicaciones\/wp-content\/uploads\/2024\/09\/image-10-150x150.png 150w, https:\/\/warayana.com.pe\/publicaciones\/wp-content\/uploads\/2024\/09\/image-10-60x60.png 60w\" sizes=\"auto, (max-width: 541px) 100vw, 541px\" \/><\/figure>\n\n\n\n<p>Algunas personas consideran que maquillarse es simplemente colocar color y brillo en el rostro. Sin embargo, el maquillaje es un arte que va m\u00e1s all\u00e1 de solo aplicarlo. Es necesario manejar ciertas t\u00e9cnicas, practicar y poseer las herramientas adecuadas para realizarlo correctamente y que se vea agradable en el rostro. No todo el mundo sabe hacerlo bien.<\/p>\n\n\n\n<p>Es fundamental resaltar la belleza de las mujeres a trav\u00e9s del cuidado personal, <em>ya que verse bien,<\/em> impacta positivamente en c\u00f3mo nos sentimos. Desde hace algunos a\u00f1os, he dedicado m\u00e1s atenci\u00f3n y tiempo a mi rutina de maquillaje y cuidado del rostro. Para m\u00ed, maquillarme se ha convertido en un momento de atenci\u00f3n plena que me permite conectar conmigo misma y realzar mi confianza, ayud\u00e1ndome a sentirme m\u00e1s hermosa.<\/p>\n\n\n\n<p><strong><em>El cuidado personal influye positivamente en la autoestima.<\/em><\/strong> <em>Es importante resaltar que el autocuidado no es exclusivo de un g\u00e9nero; tanto hombres como mujeres pueden beneficiarse del maquillaje y el skincare.<\/em> Estos rituales de cuidado no solo mejoran la apariencia f\u00edsica, sino que tambi\u00e9n fomentan una mayor conexi\u00f3n consigo mismos y refuerzan la autoconfianza en cualquier persona.<\/p>\n\n\n\n<p class=\"has-text-align-center\"><strong>El maquillaje como expresi\u00f3n personal<\/strong><\/p>\n\n\n\n<div class=\"wp-block-image is-style-default\"><figure class=\"aligncenter size-large\"><img loading=\"lazy\" decoding=\"async\" width=\"390\" height=\"437\" src=\"https:\/\/warayana.com.pe\/publicaciones\/wp-content\/uploads\/2024\/09\/image-7.png\" alt=\"\" class=\"wp-image-8681\" srcset=\"https:\/\/warayana.com.pe\/publicaciones\/wp-content\/uploads\/2024\/09\/image-7.png 390w, https:\/\/warayana.com.pe\/publicaciones\/wp-content\/uploads\/2024\/09\/image-7-268x300.png 268w\" sizes=\"auto, (max-width: 390px) 100vw, 390px\" \/><\/figure><\/div>\n\n\n\n<p>El maquillaje es un medio poderoso para la autoexpresi\u00f3n y la transformaci\u00f3n personal. Se puede explorar con diferentes looks, esto puede influir positivamente en la autoestima, ofreciendo un sentido de control sobre la identidad y c\u00f3mo gustas que los dem\u00e1s te perciban.<\/p>\n\n\n\n<p>Gueguen y Jacob (2011) demostraron en su investigaci\u00f3n publicada en Psicolog\u00eda de la Est\u00e9tica, la Creatividad y las Artes que el uso del labial, por ejemplo, puede aumentar tanto la percepci\u00f3n de atractivo como la autoestima de quienes lo usan. Y en efecto, \u00bfte has sentido distinta cuando usas un labial rojo, un nude o color vino? Cada uno expresa un distinto estado an\u00edmico, brindando mayor confianza personal, as\u00ed como tambi\u00e9n a expresar lo que se desea dependiendo del contexto y de la vestimenta, lo que lleva a una mayor sensaci\u00f3n de empoderamiento.<\/p>\n\n\n\n<p class=\"has-text-align-center\"><strong>Skincare y bienestar emocional<\/strong><\/p>\n\n\n\n<div class=\"wp-block-image is-style-rounded\"><figure class=\"aligncenter size-large\"><img loading=\"lazy\" decoding=\"async\" width=\"399\" height=\"399\" src=\"https:\/\/warayana.com.pe\/publicaciones\/wp-content\/uploads\/2024\/09\/image-11.png\" alt=\"\" class=\"wp-image-8685\" srcset=\"https:\/\/warayana.com.pe\/publicaciones\/wp-content\/uploads\/2024\/09\/image-11.png 399w, https:\/\/warayana.com.pe\/publicaciones\/wp-content\/uploads\/2024\/09\/image-11-300x300.png 300w, https:\/\/warayana.com.pe\/publicaciones\/wp-content\/uploads\/2024\/09\/image-11-150x150.png 150w, https:\/\/warayana.com.pe\/publicaciones\/wp-content\/uploads\/2024\/09\/image-11-60x60.png 60w\" sizes=\"auto, (max-width: 399px) 100vw, 399px\" \/><\/figure><\/div>\n\n\n\n<p>El ritual de autocuidado, especialmente a trav\u00e9s de una rutina de skincare, se ha convertido en un momento crucial de calma y autoatenci\u00f3n en mi vida cotidiana. Seg\u00fan Crouch et al. (2018), en su estudio sobre el impacto del autocuidado en la salud mental, <strong><em>una rutina de cuidado personal puede servir como una forma efectiva de reducir el estr\u00e9s y fomentar el bienestar emocional.<\/em><\/strong> Dedicar tiempo a un ritual de autocuidado no solo mejora la piel, sino que tambi\u00e9n se convierte en un momento de mindfulness en su m\u00e1xima expresi\u00f3n. Proporciona un espacio de atenci\u00f3n plena, donde puedes conectarte contigo mismo, observar tu rostro con cuidado y disfrutar de las texturas y aromas de las cremas. Particularmente experiment\u00f3 momentos espec\u00edficos de alivio, ya sea por los suaves masajes que me doy al rostro, por quitarme el maquillaje despu\u00e9s de un d\u00eda agotador, o por la frescura que siento al cuidar de m\u00ed misma.<\/p>\n\n\n\n<p>Y si, todos ya somos bonitos al natural, sin embargo, una piel bien cuidada puede tener efectos profundos en la autoimagen de una persona, esto trae consigo mayor confianza<strong><em>, \u201cnos sentimos bonitos, nos perciben bonitos\u201d<\/em><\/strong>, por supuesto tambi\u00e9n es necesario la buena actitud.<\/p>\n\n\n\n<p class=\"has-text-align-center\"><strong><em>Menos, es m\u00e1s, todo con moderaci\u00f3n<\/em><\/strong><\/p>\n\n\n\n<div class=\"wp-block-image is-style-rounded\"><figure class=\"aligncenter size-large\"><img loading=\"lazy\" decoding=\"async\" width=\"438\" height=\"438\" src=\"https:\/\/warayana.com.pe\/publicaciones\/wp-content\/uploads\/2024\/09\/image-9.png\" alt=\"\" class=\"wp-image-8683\" srcset=\"https:\/\/warayana.com.pe\/publicaciones\/wp-content\/uploads\/2024\/09\/image-9.png 438w, https:\/\/warayana.com.pe\/publicaciones\/wp-content\/uploads\/2024\/09\/image-9-300x300.png 300w, https:\/\/warayana.com.pe\/publicaciones\/wp-content\/uploads\/2024\/09\/image-9-150x150.png 150w, https:\/\/warayana.com.pe\/publicaciones\/wp-content\/uploads\/2024\/09\/image-9-60x60.png 60w\" sizes=\"auto, (max-width: 438px) 100vw, 438px\" \/><\/figure><\/div>\n\n\n\n<p>En un mundo donde las presiones sociales muchas veces se disfrazan de tendencias, el uso del maquillaje y el skincare puede convertirse en un tema delicado. Encontrar el equilibrio entre lo necesario y lo superficial o exagerado realmente es un reto. Como se\u00f1ala el psic\u00f3logo David Leary, \u201cLa imagen que proyectamos puede verse afectada por la necesidad de encajar en est\u00e1ndares sociales, lo que nos lleva a una lucha interna entre la autenticidad y la conformidad\u201d (Leary, 1995).<\/p>\n\n\n\n<p>Piensa en el maquillaje y en el h\u00e1bito de cuidar la piel como herramientas, y no como algo de lo que tengas que depender para sentirte segura(o) de ti mismo. Pueden resaltar lo que ya eres, pero jam\u00e1s deber\u00edan definirte. Mant\u00e9n tu genuidad en cada uno de tus looks, usa tus colores favoritos, prueba y pr\u00e1ctica. Por \u00faltimo, usa los truquitos de maquillaje para sentirte bien contigo misma, para resaltar la belleza que ya posees, sin buscar validaci\u00f3n en los dem\u00e1s.<\/p>\n\n\n\n<figure class=\"wp-block-image\"><img decoding=\"async\" src=\"https:\/\/www.elcorreo.com\/xlsemanal\/wp-content\/uploads\/sites\/5\/2023\/09\/coco-chanel-disenadora-biografia-influencer.jpg\" alt=\"Detr\u00e1s de Coco Chanel | XLSemanal\" \/><figcaption>\u00abLa belleza comienza en el momento en que decides ser t\u00fa misma.\u00bb&nbsp; Coco Chanel<\/figcaption><\/figure>\n\n\n\n<p><\/p>\n\n\n\n<figure class=\"wp-block-embed is-type-video is-provider-youtube wp-block-embed-youtube wp-embed-aspect-16-9 wp-has-aspect-ratio\"><div class=\"wp-block-embed__wrapper\">\n<iframe loading=\"lazy\" title=\"COCO CHANEL | Draw My Life\" width=\"648\" height=\"365\" src=\"https:\/\/www.youtube.com\/embed\/Uv52Jl3484U?feature=oembed\" frameborder=\"0\" allow=\"accelerometer; autoplay; clipboard-write; encrypted-media; gyroscope; picture-in-picture; web-share\" referrerpolicy=\"strict-origin-when-cross-origin\" allowfullscreen><\/iframe>\n<\/div><\/figure>\n\n\n\n<p><strong>REFERENCIAS<\/strong><\/p>\n\n\n\n<p>Gueguen, N., &amp; Jacob, C. (2011). El efecto del color del l\u00e1piz labial en la percepci\u00f3n de la atractividad y la autoconfianza. Psicolog\u00eda de la Est\u00e9tica, la Creatividad y las Artes, 5(2), 170-174.<\/p>\n\n\n\n<p>Crouch, M., &amp; Ritchie, H. (2018). El impacto de las pr\u00e1cticas de autocuidado en la salud mental: una revisi\u00f3n sistem\u00e1tica. Revista Internacional de Enfermer\u00eda en Salud Mental, 27(3), 900-911.<\/p>\n\n\n\n<p>Leary, D. (1995). Autopresentaci\u00f3n: Manejo de Impresiones y Comportamiento Interpersonal. Boulder, CO: Westview Press.<\/p>\n","protected":false},"excerpt":{"rendered":"<p>Algunas personas consideran que maquillarse es simplemente colocar color y brillo en el rostro. Sin embargo, el maquillaje es un arte que va m\u00e1s all\u00e1 de solo aplicarlo. Es necesario manejar ciertas t\u00e9cnicas, practicar y poseer las herramientas adecuadas para realizarlo correctamente y que se vea agradable en el rostro. No todo el mundo sabe [&hellip;]<\/p>\n","protected":false},"author":48,"featured_media":8716,"comment_status":"open","ping_status":"open","sticky":false,"template":"","format":"standard","meta":{"footnotes":""},"categories":[748,248,217],"tags":[707,759,758,757,760],"class_list":["post-8679","post","type-post","status-publish","format-standard","has-post-thumbnail","hentry","category-cuidado-personal","category-desarrollo-personal","category-sentimiento-y-emocion","tag-amor-propio","tag-autocuida","tag-makeup","tag-maquillaje","tag-selfcare"],"_links":{"self":[{"href":"https:\/\/warayana.com.pe\/publicaciones\/wp-json\/wp\/v2\/posts\/8679","targetHints":{"allow":["GET"]}}],"collection":[{"href":"https:\/\/warayana.com.pe\/publicaciones\/wp-json\/wp\/v2\/posts"}],"about":[{"href":"https:\/\/warayana.com.pe\/publicaciones\/wp-json\/wp\/v2\/types\/post"}],"author":[{"embeddable":true,"href":"https:\/\/warayana.com.pe\/publicaciones\/wp-json\/wp\/v2\/users\/48"}],"replies":[{"embeddable":true,"href":"https:\/\/warayana.com.pe\/publicaciones\/wp-json\/wp\/v2\/comments?post=8679"}],"version-history":[{"count":4,"href":"https:\/\/warayana.com.pe\/publicaciones\/wp-json\/wp\/v2\/posts\/8679\/revisions"}],"predecessor-version":[{"id":8877,"href":"https:\/\/warayana.com.pe\/publicaciones\/wp-json\/wp\/v2\/posts\/8679\/revisions\/8877"}],"wp:featuredmedia":[{"embeddable":true,"href":"https:\/\/warayana.com.pe\/publicaciones\/wp-json\/wp\/v2\/media\/8716"}],"wp:attachment":[{"href":"https:\/\/warayana.com.pe\/publicaciones\/wp-json\/wp\/v2\/media?parent=8679"}],"wp:term":[{"taxonomy":"category","embeddable":true,"href":"https:\/\/warayana.com.pe\/publicaciones\/wp-json\/wp\/v2\/categories?post=8679"},{"taxonomy":"post_tag","embeddable":true,"href":"https:\/\/warayana.com.pe\/publicaciones\/wp-json\/wp\/v2\/tags?post=8679"}],"curies":[{"name":"wp","href":"https:\/\/api.w.org\/{rel}","templated":true}]}}