{"id":7831,"date":"2023-12-20T04:00:32","date_gmt":"2023-12-20T03:00:32","guid":{"rendered":"https:\/\/warayana.com.pe\/publicaciones\/?p=7831"},"modified":"2024-03-17T03:20:47","modified_gmt":"2024-03-17T02:20:47","slug":"el-espiritu-de-la-navidad","status":"publish","type":"post","link":"https:\/\/warayana.com.pe\/publicaciones\/2023\/12\/20\/el-espiritu-de-la-navidad\/","title":{"rendered":"El esp\u00edritu de la Navidad"},"content":{"rendered":"\n<p>Una de las cosas que m\u00e1s marca la temporada de fiestas navide\u00f1as es el exagerado consumismo que vemos en los negocios, centros comerciales y en todo lugar; as\u00ed como las grandes diferencias de aquellos que lo tienen todo (o al menos m\u00e1s que los dem\u00e1s) y de quienes no tienen nada; lo que genera un caos total que eleva en cada ser, emociones intensas que conducen a algunos a amar estas fiestas, y a otros, a detestarlas, a sublimar o deprimirse.\u00a0<\/p>\n\n\n\n<div class=\"wp-block-image\"><figure class=\"aligncenter is-resized\"><img loading=\"lazy\" decoding=\"async\" src=\"https:\/\/lh7-us.googleusercontent.com\/IF-uolx0kPAbX7hB3PDu1uZ-YGLD5Y-nqY5j6DwE3i0sjmU45Kh2hv_sQOUJzKet1tYxRuqnxGlxONRLIKZRgdVqOXNTEIVQ0QAj5Gxkg6EjrASDDmVAoyoBCk-q0V9MeUC9s1WFwutwYZYrolvl0n3z3T1A3XWT\" alt=\"Galletas f\u00e1ciles de Navidad | Me gustan estas galletas f\u00e1cil\u2026 | Flickr\" width=\"419\" height=\"241\"\/><\/figure><\/div>\n\n\n\n<p>Aquellos que tienen familias grandes, se vuelven creativos para cubrir las expectativas familiares; y aquellos que no las tienen, sienten el temor a la soledad y al olvido, se llenan de nostalgia, de recuerdos que un d\u00eda fueron y hoy no est\u00e1n, o de ansiedad por lo que les hubiese gustado tener, y no tienen.<\/p>\n\n\n\n<div class=\"wp-block-image\"><figure class=\"aligncenter is-resized\"><img loading=\"lazy\" decoding=\"async\" src=\"https:\/\/lh7-us.googleusercontent.com\/QnXf2Rw5eRxrx2YGCh9xhjdVeUlBjxHiWgTz_-_6vw2-KwVFYSZxVXz5pXFrREkQDbsEGi9atgJvMH946M4ylU9AtOC8h5oWZg2XWp7_9dK7GgDm3szbdaOr0JCmQq_2KV4fESGnwe3BMXX_resEQ2jIyNwa0d67\" alt=\"Basset Hound Marr\u00f3n Y Blanco Cerca Del \u00e1rbol De Navidad \u00b7 Foto de ...\" width=\"365\" height=\"243\"\/><\/figure><\/div>\n\n\n\n<p>Esto pareciera un estado alterado y fren\u00e9tico, por dejar una \u201chuella de amor\u201d y de presencia en el otro, con una acci\u00f3n, un regalo, una obra de caridad, etc. Los m\u00e1s exigentes esperar\u00e1n que no falte ning\u00fan miembro de la familia antes de las doce, y los m\u00e1s relajados estar\u00e1n m\u00e1s atentos a cubrir las fantas\u00edas de aquellos que todav\u00eda creen en \u201cla magia de la navidad\u201d.<\/p>\n\n\n\n<div class=\"wp-block-image\"><figure class=\"aligncenter is-resized\"><img loading=\"lazy\" decoding=\"async\" src=\"https:\/\/lh7-us.googleusercontent.com\/20IkLpnE71GcUjH0BMC_IRU-3Yqd_6eKbdbSjqgXjXfQIH3_YXH_vO8PSbOImIj_pnvOY8n3sO6pdBZc97_RKqzCqxD6Ed2G51Jzy2AOB-xWbwf8sgrUy9PUHNy_jwJViayQybBB5SZPh4LDAeiTt2OSDprIwFJB\" alt=\"Pap\u00e1 Noel en trineo Stock de Foto gratis - Public Domain Pictures\" width=\"332\" height=\"332\"\/><\/figure><\/div>\n\n\n\n<p>Lo cierto es que dentro de cada persona, hay <em>un mover<\/em> que se manifiesta en presiones, pasiones, deseos, compromisos, expectativas, temores, etc. Las personas se conducen compulsivamente por las calles, con el anhelo de poder dar a sus seres queridos lo que sus propios deseos y anhelos los motiva a dar.<\/p>\n\n\n\n<div class=\"wp-block-image\"><figure class=\"aligncenter is-resized\"><img loading=\"lazy\" decoding=\"async\" src=\"https:\/\/lh7-us.googleusercontent.com\/thw_0tybzaiFMxhXMlSwHyuFBAlehXqnBMD8EVCPV8eI12z-tuh_Ux4LTz0AfnJ1hNY0mSym5gTzjedfdm7vIl_UU_pmj5Wwpdh4TWRrmtSdxd2exFJOdRSK0V3bzHafn2o3A8EL3V2JAgp6EKKhMozK9WIgqVoD\" alt=\"File:Calle Sierpes (Navidad).jpg\" width=\"444\" height=\"333\"\/><\/figure><\/div>\n\n\n\n<p><em>Ese mover<\/em> en cada persona, es, en esencia, \u201cel Esp\u00edritu de la Navidad\u201d que nos toma y nos acoge. Para quienes somos creyentes, celebramos la venida de Cristo, quien simboliza el amor perfecto y la posibilidad de una vida eterna. Para aquellos que no son creyentes, es un tiempo de celebraci\u00f3n en familia, de uni\u00f3n y de hermandad. \u201cEl Esp\u00edritu de la Navidad\u201d es aquel que nos invade de un amor perfecto, que construye y no destruye, que aprecia y no desprecia, que incluye y no excluye.\u00a0<\/p>\n\n\n\n<p>Quiz\u00e1s, solo por eso, hoy me permita celebrar el caos, la locura por las compras, la alegr\u00eda en las calles invadidas de villancicos, luces, \u00e1rboles y nacimientos. Aunque sea una expresi\u00f3n ef\u00edmera y pasajera \u201cel Esp\u00edritu de la Navidad\u201d, llevado en un recto sentido, nos envuelve, y nos aleja de lo violento.\u00a0<\/p>\n\n\n\n<div class=\"wp-block-image\"><figure class=\"aligncenter size-large\"><img loading=\"lazy\" decoding=\"async\" width=\"615\" height=\"410\" src=\"https:\/\/warayana.com.pe\/publicaciones\/wp-content\/uploads\/2023\/12\/image.jpeg\" alt=\"\" class=\"wp-image-7833\" srcset=\"https:\/\/warayana.com.pe\/publicaciones\/wp-content\/uploads\/2023\/12\/image.jpeg 615w, https:\/\/warayana.com.pe\/publicaciones\/wp-content\/uploads\/2023\/12\/image-300x200.jpeg 300w\" sizes=\"auto, (max-width: 615px) 100vw, 615px\" \/><\/figure><\/div>\n\n\n\n<p>Agradezco y celebro el esfuerzo de cada uno por llevar lo mejor de s\u00ed a sus hogares, aun cuando esto sea algo comprado o donado, algo nuevo o de segundo uso, algo de una marca reconocida o algo artesanal, o simplemente una banalidad, qu\u00e9 importa, si brinda alegr\u00eda y satisfacci\u00f3n.\u00a0<\/p>\n\n\n\n<p>En este sentido, con una taza de chocolate caliente, escuchando una de mis canciones y pel\u00edculas favoritas de navidad, <em>Last Christmas<\/em> en la versi\u00f3n de Jada Facer y Alex Alexander, termino con la imagen de mi m\u00e1s preciado regalo, celebro \u201cel Esp\u00edritu de la Navidad\u201d y deseo para todos una \u00a1Feliz Navudad!&#8230;<\/p>\n\n\n\n<div class=\"wp-block-image\"><figure class=\"aligncenter is-resized\"><img loading=\"lazy\" decoding=\"async\" src=\"https:\/\/lh7-us.googleusercontent.com\/GMRtQH4lKuZI0SPYpyqXNbNFqRIqqIuFyE_VA2cNXFKsb64cqzLnAVKk1QtjKcDCbKdgZKK0Mx1Ip3JuzYXtyeS999URoqTHxjty5s1-1EYOmTvCZZgbPPQDak1agxEkyI1t3LVTNfrgoNhPyewdHhQLuKGtzjTB\" alt=\"Bel\u00e9n de Navidad Stock de Foto gratis - Public Domain Pictures\" width=\"369\" height=\"369\"\/><\/figure><\/div>\n\n\n\n<p><\/p>\n","protected":false},"excerpt":{"rendered":"<p>Una de las cosas que m\u00e1s marca la temporada de fiestas navide\u00f1as es el exagerado consumismo que vemos en los negocios, centros comerciales y en todo lugar; as\u00ed como las grandes diferencias de aquellos que lo tienen todo (o al menos m\u00e1s que los dem\u00e1s) y de quienes no tienen nada; lo que genera un [&hellip;]<\/p>\n","protected":false},"author":31,"featured_media":7834,"comment_status":"open","ping_status":"open","sticky":false,"template":"","format":"standard","meta":{"footnotes":""},"categories":[245,213],"tags":[38,634,201,309],"class_list":["post-7831","post","type-post","status-publish","format-standard","has-post-thumbnail","hentry","category-ensayistica","category-familia","tag-amor","tag-espiritu","tag-familia","tag-navidad"],"_links":{"self":[{"href":"https:\/\/warayana.com.pe\/publicaciones\/wp-json\/wp\/v2\/posts\/7831","targetHints":{"allow":["GET"]}}],"collection":[{"href":"https:\/\/warayana.com.pe\/publicaciones\/wp-json\/wp\/v2\/posts"}],"about":[{"href":"https:\/\/warayana.com.pe\/publicaciones\/wp-json\/wp\/v2\/types\/post"}],"author":[{"embeddable":true,"href":"https:\/\/warayana.com.pe\/publicaciones\/wp-json\/wp\/v2\/users\/31"}],"replies":[{"embeddable":true,"href":"https:\/\/warayana.com.pe\/publicaciones\/wp-json\/wp\/v2\/comments?post=7831"}],"version-history":[{"count":4,"href":"https:\/\/warayana.com.pe\/publicaciones\/wp-json\/wp\/v2\/posts\/7831\/revisions"}],"predecessor-version":[{"id":7838,"href":"https:\/\/warayana.com.pe\/publicaciones\/wp-json\/wp\/v2\/posts\/7831\/revisions\/7838"}],"wp:featuredmedia":[{"embeddable":true,"href":"https:\/\/warayana.com.pe\/publicaciones\/wp-json\/wp\/v2\/media\/7834"}],"wp:attachment":[{"href":"https:\/\/warayana.com.pe\/publicaciones\/wp-json\/wp\/v2\/media?parent=7831"}],"wp:term":[{"taxonomy":"category","embeddable":true,"href":"https:\/\/warayana.com.pe\/publicaciones\/wp-json\/wp\/v2\/categories?post=7831"},{"taxonomy":"post_tag","embeddable":true,"href":"https:\/\/warayana.com.pe\/publicaciones\/wp-json\/wp\/v2\/tags?post=7831"}],"curies":[{"name":"wp","href":"https:\/\/api.w.org\/{rel}","templated":true}]}}