{"id":7824,"date":"2023-12-15T19:37:23","date_gmt":"2023-12-15T18:37:23","guid":{"rendered":"https:\/\/warayana.com.pe\/publicaciones\/?p=7824"},"modified":"2024-03-17T03:22:34","modified_gmt":"2024-03-17T02:22:34","slug":"personalidad-pasivo-agresiva","status":"publish","type":"post","link":"https:\/\/warayana.com.pe\/publicaciones\/2023\/12\/15\/personalidad-pasivo-agresiva\/","title":{"rendered":"Personalidad Pasivo-agresiva"},"content":{"rendered":"\n<p>\u00bfAlguna vez haz cre\u00eddo estar a la deriva? \u00bfUn d\u00eda estuviste muy feliz porque te hicieron sentir que eras una de las personas m\u00e1s valiosas del mundo, pero, ir\u00f3nicamente, al d\u00eda siguiente te hicieron sentir que eras la persona m\u00e1s mala de todas? La respuesta es que podr\u00edamos estar ante una persona con un trastorno de la personalidad pasiva-agresiva.<\/p>\n\n\n\n<p>Estas personas te hacen comentarios pasivos, que no parecieran malos a simple vista, pues lo hacen sutilmente. Como ejemplo tendr\u00edamos: \u201cMar\u00eda, te ves muy mayor, \u00bfqu\u00e9 ha pasado?, \u00bfte lo digo por tu bien\u201d; \u201c\u00bfQu\u00e9 m\u00e1s sabes hacer aparte de cocinar?, solo pregunto\u201d, \u201c\u00bfC\u00f3mo vas a hablar as\u00ed? Deber\u00edas informarte m\u00e1s\u201d.<\/p>\n\n\n\n<div class=\"wp-block-image\"><figure class=\"aligncenter size-large\"><img loading=\"lazy\" decoding=\"async\" width=\"420\" height=\"221\" src=\"https:\/\/warayana.com.pe\/publicaciones\/wp-content\/uploads\/2023\/12\/pasivoagresivo1-420x221-1.jpg\" alt=\"\" class=\"wp-image-7825\" srcset=\"https:\/\/warayana.com.pe\/publicaciones\/wp-content\/uploads\/2023\/12\/pasivoagresivo1-420x221-1.jpg 420w, https:\/\/warayana.com.pe\/publicaciones\/wp-content\/uploads\/2023\/12\/pasivoagresivo1-420x221-1-300x158.jpg 300w\" sizes=\"auto, (max-width: 420px) 100vw, 420px\" \/><\/figure><\/div>\n\n\n\n<p><strong>No conocen la asertividad<\/strong><\/p>\n\n\n\n<p>En pocas palabras, as\u00ed se definir\u00eda a est\u00e1s personas, no conocen sobre normas sociales, no saben hablar asertivamente, solo fingen la empat\u00eda, y muchas veces, caen en el exceso de vanagloriarse a ellos mismos y sus logros, por ese lado tienen mucha semejanza con el trastorno narcisista. <\/p>\n\n\n\n<p>A continuaci\u00f3n, una lista de acciones que ejecutan.<\/p>\n\n\n\n<ul class=\"wp-block-list\"><li>Son ambiguos con sus acciones, en un momento te pueden decir que har\u00e1n una cosa y al final no la cumplen, alegando que se olvidaron de ello.<\/li><li>Son los eternos incomprendidos: dicen que nadie los escucha, cuando ellos no muestran empat\u00eda, ni saben comunicarse con respeto hacia los dem\u00e1s.<\/li><li>Solo llenan de elogios a los dem\u00e1s cuando quieren grandes favores.<\/li><li>Critican mucho a los dem\u00e1s, piensan en blanco o negro, no hay puntos medios.<\/li><li>Critican cualquier peque\u00f1a acci\u00f3n (una mirada, alguien que no les contesto, no contestarle las llamadas, etc.); demonizan a las personas, empiezan una verborrea psicol\u00f3gica contra ellas, haci\u00e9ndoles sentir mal emocionalmente.<\/li><li>No dan libertad, quieren aprisionar a las pocas personas que pueden controlar a su alrededor.<\/li><li>Son lindos y te hacen favores, pero todo es a cambio de algo.<\/li><li>No expresan su ira y la sueltan de forma indirecta, con agresiones sutiles.<\/li><\/ul>\n\n\n\n<p><strong>No son buenos compa\u00f1eros de trabajo<\/strong><\/p>\n\n\n\n<p>Tienen actitudes obstruccionistas para las personas que padecen este trastorno, es importante que los que lo rodean no obtengan lo que quieren. Act\u00faan como si les estuvieran dando lo que quieren, pero rara vez seguir\u00e1n adelante ni dar\u00e1n lo que se les pide. Es muy confuso tener a alguien que aparenta dar y no lo hace en realidad. Por tanto, habr\u00e1 disputas no solo en lo laboral, sino en cualquier \u00e1mbito social.\u00a0(Guerri, 2022)<\/p>\n\n\n\n<figure class=\"wp-block-image size-large\"><img loading=\"lazy\" decoding=\"async\" width=\"795\" height=\"557\" src=\"https:\/\/warayana.com.pe\/publicaciones\/wp-content\/uploads\/2023\/12\/pasivo-agresivo.jpg\" alt=\"\" class=\"wp-image-7826\" srcset=\"https:\/\/warayana.com.pe\/publicaciones\/wp-content\/uploads\/2023\/12\/pasivo-agresivo.jpg 795w, https:\/\/warayana.com.pe\/publicaciones\/wp-content\/uploads\/2023\/12\/pasivo-agresivo-300x210.jpg 300w, https:\/\/warayana.com.pe\/publicaciones\/wp-content\/uploads\/2023\/12\/pasivo-agresivo-768x538.jpg 768w\" sizes=\"auto, (max-width: 795px) 100vw, 795px\" \/><\/figure>\n\n\n\n<p><strong>M\u00e9todo de la piedra gris para llevarse con estas personas<\/strong><\/p>\n\n\n\n<p>Si ya no tienes m\u00e1s alternativa que vivir con una persona que padece este trastorno, lo mejor es aplicar <em>el m\u00e9todo de la piedra gris<\/em>, este consiste en volvernos unas personas netamente neutrales en todo sentido: en nuestras respuestas y en nuestra manera de actuar. Responderemos al pasivo-agresivo con monos\u00edlabos de <em>s\u00ed <\/em>o<em> no<\/em>, o daremos respuestas cortas, que este no pueda refutar, tampoco empezaremos conversaciones sobre nuevas cosas. El principal objetivo es parecer aburridos para esta persona, para que de ese modo, ya no nos vea como su blanco de cr\u00edticas.<\/p>\n\n\n\n<p class=\"has-text-align-center\"><strong>Referencias<\/strong><\/p>\n\n\n\n<p>Guerri, M. (2023). Test pasivo-agresivo: comportamientos y caracter\u00edsticas m\u00e1s comunes. <a rel=\"noreferrer noopener\" href=\"https:\/\/www.psicoactiva.com\/blog\/la-personalidad-pasivo-agresiva-como-detectarla\/\" target=\"_blank\">https:\/\/www.psicoactiva.com\/blog\/la-personalidad-pasivo-agresiva-como-detectarla\/<\/a><\/p>\n","protected":false},"excerpt":{"rendered":"<p>\u00bfAlguna vez haz cre\u00eddo estar a la deriva? \u00bfUn d\u00eda estuviste muy feliz porque te hicieron sentir que eras una de las personas m\u00e1s valiosas del mundo, pero, ir\u00f3nicamente, al d\u00eda siguiente te hicieron sentir que eras la persona m\u00e1s mala de todas? La respuesta es que podr\u00edamos estar ante una persona con un trastorno [&hellip;]<\/p>\n","protected":false},"author":27,"featured_media":7828,"comment_status":"open","ping_status":"open","sticky":false,"template":"","format":"standard","meta":{"footnotes":""},"categories":[289,253,282],"tags":[629,630,631,632],"class_list":["post-7824","post","type-post","status-publish","format-standard","has-post-thumbnail","hentry","category-relaciones-interpersonales","category-salud-mental","category-trastornos","tag-agresividad","tag-pasividad","tag-pasivo-agresivo","tag-trastorno"],"_links":{"self":[{"href":"https:\/\/warayana.com.pe\/publicaciones\/wp-json\/wp\/v2\/posts\/7824","targetHints":{"allow":["GET"]}}],"collection":[{"href":"https:\/\/warayana.com.pe\/publicaciones\/wp-json\/wp\/v2\/posts"}],"about":[{"href":"https:\/\/warayana.com.pe\/publicaciones\/wp-json\/wp\/v2\/types\/post"}],"author":[{"embeddable":true,"href":"https:\/\/warayana.com.pe\/publicaciones\/wp-json\/wp\/v2\/users\/27"}],"replies":[{"embeddable":true,"href":"https:\/\/warayana.com.pe\/publicaciones\/wp-json\/wp\/v2\/comments?post=7824"}],"version-history":[{"count":3,"href":"https:\/\/warayana.com.pe\/publicaciones\/wp-json\/wp\/v2\/posts\/7824\/revisions"}],"predecessor-version":[{"id":7872,"href":"https:\/\/warayana.com.pe\/publicaciones\/wp-json\/wp\/v2\/posts\/7824\/revisions\/7872"}],"wp:featuredmedia":[{"embeddable":true,"href":"https:\/\/warayana.com.pe\/publicaciones\/wp-json\/wp\/v2\/media\/7828"}],"wp:attachment":[{"href":"https:\/\/warayana.com.pe\/publicaciones\/wp-json\/wp\/v2\/media?parent=7824"}],"wp:term":[{"taxonomy":"category","embeddable":true,"href":"https:\/\/warayana.com.pe\/publicaciones\/wp-json\/wp\/v2\/categories?post=7824"},{"taxonomy":"post_tag","embeddable":true,"href":"https:\/\/warayana.com.pe\/publicaciones\/wp-json\/wp\/v2\/tags?post=7824"}],"curies":[{"name":"wp","href":"https:\/\/api.w.org\/{rel}","templated":true}]}}