{"id":7284,"date":"2023-02-28T02:28:30","date_gmt":"2023-02-28T01:28:30","guid":{"rendered":"https:\/\/warayana.com.pe\/publicaciones\/?p=7284"},"modified":"2023-07-05T00:48:28","modified_gmt":"2023-07-04T22:48:28","slug":"cuando-la-adopcion-puede-ser-la-solucion","status":"publish","type":"post","link":"https:\/\/warayana.com.pe\/publicaciones\/2023\/02\/28\/cuando-la-adopcion-puede-ser-la-solucion\/","title":{"rendered":"Cuando la adopci\u00f3n puede ser la soluci\u00f3n\u2026"},"content":{"rendered":"\n<p>El otro d\u00eda, me encontraba buscando p\u00e1ginas sobre adopcion de ni\u00f1os en Per\u00fa, pero solo encontr\u00e9 dos grupos; sin embargo, lo que si pude ver fue \u00a1una gran cantidad de p\u00e1ginas de adopci\u00f3n de animales! Creo que esto es una ventana que nos hace ver que la gente esta cada d\u00eda m\u00e1s comprometida con hacer un bien social, pero hay m\u00e1s compromisos que atender\u2026<\/p>\n\n\n\n<p>Una adopci\u00f3n puede resolver problemas de diversa \u00edndole; en el m\u00e1s com\u00fan de los casos, problemas de infertilidad en los padres. Adem\u00e1s, puede resolver traumas o desavenencias en torno al tema de la maternidad, tales como: haber sufrido un aborto espont\u00e1neo o planificado, la muerte de un hijo, y, por supuesto, el latente deseo de ayudar al pr\u00f3jimo.<\/p>\n\n\n\n<p>Es as\u00ed como aporta un bienestar a nuestra psiquis humana, una idea un tanto controversial, pero de mucha redenci\u00f3n. El salir de nuestros propios convencionalismos, puede llevarnos a una esfera libre de nuestras propias limitaciones mentales y afectivas.<\/p>\n\n\n\n<p>Si te gustan las pel\u00edculas: \u00abFamilia al instante\u00bb, \u00abBekas\u00bb, \u00abCorazones rasgados\u00bb, pel\u00edculas sobre adopci\u00f3n que recomiendo, este art\u00edculo te puede gustar.<\/p>\n\n\n\n<figure class=\"wp-block-image size-large\"><img loading=\"lazy\" decoding=\"async\" width=\"1024\" height=\"576\" src=\"https:\/\/warayana.com.pe\/publicaciones\/wp-content\/uploads\/2023\/02\/FAMILYINSTANT-1024x576.jpg\" alt=\"\" class=\"wp-image-7285\" srcset=\"https:\/\/warayana.com.pe\/publicaciones\/wp-content\/uploads\/2023\/02\/FAMILYINSTANT-1024x576.jpg 1024w, https:\/\/warayana.com.pe\/publicaciones\/wp-content\/uploads\/2023\/02\/FAMILYINSTANT-300x169.jpg 300w, https:\/\/warayana.com.pe\/publicaciones\/wp-content\/uploads\/2023\/02\/FAMILYINSTANT-768x432.jpg 768w, https:\/\/warayana.com.pe\/publicaciones\/wp-content\/uploads\/2023\/02\/FAMILYINSTANT-1536x864.jpg 1536w, https:\/\/warayana.com.pe\/publicaciones\/wp-content\/uploads\/2023\/02\/FAMILYINSTANT.jpg 1600w\" sizes=\"auto, (max-width: 1024px) 100vw, 1024px\" \/><figcaption>Fotograma de la pelicula \u00abFamilia al instante\u00bb (2018)<\/figcaption><\/figure>\n\n\n\n<p><strong>Conozcamos el proceso de adopci\u00f3n en el Per\u00fa<\/strong><\/p>\n\n\n\n<p><strong>Pasos<\/strong>:<\/p>\n\n\n\n<p><strong>Charlas informativas:<\/strong> Donde se explican las clases de adopci\u00f3n, las modalidades en nuestro pa\u00eds, etc., se responden preguntas cl\u00e1sicas y se desmienten mitos<\/p>\n\n\n\n<p><strong>Talleres:<\/strong> Son tres, as\u00ed se va adjuntando un expediente donde ser\u00e1n evaluados.<\/p>\n\n\n\n<p><strong>Evaluaciones:<\/strong><\/p>\n\n\n\n<p>Evaluaci\u00f3n legal: Se exigen requisitos para ver si se est\u00e1 calificado para una adopci\u00f3n.<\/p>\n\n\n\n<p>Evaluaci\u00f3n psicol\u00f3gica: Informes psicol\u00f3gicos de los candidatos.<\/p>\n\n\n\n<p>Evaluaci\u00f3n social: Efectuada por una asistenta social que estima el espectro social de los padres.<\/p>\n\n\n\n<p><strong>Designaci\u00f3n:<\/strong> Equipos multidisciplinarios clasifican seg\u00fan paridad, duplas o ternas en igualdad de condiciones. Buscan que las familias que compitan por una adopci\u00f3n deban tener caracter\u00edsticas similares. Esto se pone a conocimiento del Consejo nacional de adopciones (el cual otorga las adopciones), que lo conforman tres miembros del Ministerio de la mujer y poblaciones vulnerables.<\/p>\n\n\n\n<p><strong>Integraci\u00f3n familiar:<\/strong> Los padres son presentados al menor. Se le prepara al ni\u00f1o para hacer el famoso \u00abclic\u00bb y empatizar entre ellos. Hay un plazo de cinco d\u00edas para conocerse, luego, viene el acogimiento preadoptivo, donde se lo llevan a su casa por diez d\u00edas, y se espera que el ni\u00f1o se integre al hogar.<\/p>\n\n\n\n<p><strong>Etapa post-adoptiva (tres a\u00f1os):<\/strong> Se visita semestralmente el hogar donde se estableci\u00f3 la adopci\u00f3n, con el prop\u00f3sito de velar por el bienestar del menor&nbsp;(Mattos, 2020).<\/p>\n\n\n\n<figure class=\"wp-block-image size-large\"><img loading=\"lazy\" decoding=\"async\" width=\"710\" height=\"350\" src=\"https:\/\/warayana.com.pe\/publicaciones\/wp-content\/uploads\/2023\/02\/adopcion-ninos-peruanos-1.jpg\" alt=\"\" class=\"wp-image-7287\" srcset=\"https:\/\/warayana.com.pe\/publicaciones\/wp-content\/uploads\/2023\/02\/adopcion-ninos-peruanos-1.jpg 710w, https:\/\/warayana.com.pe\/publicaciones\/wp-content\/uploads\/2023\/02\/adopcion-ninos-peruanos-1-300x148.jpg 300w\" sizes=\"auto, (max-width: 710px) 100vw, 710px\" \/><figcaption>Ni\u00f1os ansiosos por ser adoptados<\/figcaption><\/figure>\n\n\n\n<p><strong>Ejemplo a seguir<\/strong><\/p>\n\n\n\n<p><strong>El caso de la profesora que adopt\u00f3 a su alumna de 17 a\u00f1os, despu\u00e9s de que la joven abandonara el colegio.<\/strong><\/p>\n\n\n\n<p>Miriam Coronel, es una docente de Lengua y Literatura, que vive en la ciudad de Buenos Aires. En una ocasi\u00f3n, le pidi\u00f3 a una alumna que le dijera a Camila que \u201cla profe la extra\u00f1a y la quiere ver\u201d. Al d\u00eda siguiente, Camila volvi\u00f3 muy contenta a clase, pues estaba faltando ya una semana, y la maestra, preocupada, averigu\u00f3 su situaci\u00f3n, y se enter\u00f3 de que la adolescente viv\u00eda en un hogar de chicos. El inter\u00e9s en ella fue creciendo; pues relata que es una chica t\u00edmida pero destacada en los estudios. Es as\u00ed como inici\u00f3 las gestiones para tramitar la adopci\u00f3n. Miriam tiene tres hijos adoptivos junto a su esposo N\u00e9stor, que presentaba reparos en la decisi\u00f3n de su esposa: ten\u00eda temor de encari\u00f1arse. \u201cLe daba miedo perderla, porque ya ten\u00eda 17 a\u00f1os. \u00a1Va a crecer, se va a ir!, me comentaba. Pero yo pensaba distinto, el v\u00ednculo crecer\u00e1 hasta donde tenga que llegar\u201d\u00a0(Ota\u00f1o, 2021).<\/p>\n\n\n\n<p><strong>La adopci\u00f3n puede aliviar tensiones sobre la maternidad<\/strong><\/p>\n\n\n\n<p>En estos tiempos, se trabaja el doble; por un lado, las responsabilidades en el hogar y en el centro laboral ahora van para ambos g\u00e9neros, y es as\u00ed como las mujeres, cada vez m\u00e1s consciente o inconscientemente, posponen la maternidad hacia un momento m\u00e1s seguro en su vida. Por otro lado, se ven casos de <em>millennials<\/em> y adultos de la Generaci\u00f3n z que tienen, aparte de sus obligaciones personales, obligaciones con sus padres, y por tanto, deben conseguir m\u00e1s dinero en un mundo lleno de alzas. Es as\u00ed como la adopci\u00f3n se vuelve una alternativa atractiva. Imaginemos adoptar un ni\u00f1o de 4 a\u00f1os, a la edad de 42,&nbsp;\u00a1ya no necesitar\u00edas cambiarle el pa\u00f1al, te ahorraste el embarazo y toda la hospitalizaci\u00f3n, y m\u00e1s importante aun, estar\u00edas haciendo un bien a la humanidad!<\/p>\n\n\n\n<p>Todo empieza con dar una orden a nuestro propio <em>yo<\/em> y permitirse entrar al mundo de estos bebes, ni\u00f1os y adolescentes, y conmoverse. Despu\u00e9s de eso, seguro se estar\u00e1 firmando los papeles de adopci\u00f3n.<\/p>\n\n\n\n<figure class=\"wp-block-image size-large\"><img loading=\"lazy\" decoding=\"async\" width=\"650\" height=\"434\" src=\"https:\/\/warayana.com.pe\/publicaciones\/wp-content\/uploads\/2023\/02\/focused_373004218-stock-photo-adult-woman-hugging-carrying-boy.jpg\" alt=\"\" class=\"wp-image-7291\" srcset=\"https:\/\/warayana.com.pe\/publicaciones\/wp-content\/uploads\/2023\/02\/focused_373004218-stock-photo-adult-woman-hugging-carrying-boy.jpg 650w, https:\/\/warayana.com.pe\/publicaciones\/wp-content\/uploads\/2023\/02\/focused_373004218-stock-photo-adult-woman-hugging-carrying-boy-300x200.jpg 300w\" sizes=\"auto, (max-width: 650px) 100vw, 650px\" \/><\/figure>\n\n\n\n<p class=\"has-text-align-center\"><strong>Referencias<\/strong> <\/p>\n\n\n\n<p>Garc\u00eda, M. [Milagros Garc\u00eda Mattos]. (2020, agosto 28). A TODA LEY &#8211; NUEVO PROCEDIMIENTO DE ADOPCIONES EN EL PER\u00da [Archivo de video] <a rel=\"noreferrer noopener\" href=\"https:\/\/www.youtube.com\/watch?v=StmrKG4EEdU&amp;ab_channel=MilagrosGarciaMattos\" target=\"_blank\">https:\/\/www.youtube.com\/watch?v=StmrKG4EEdU&amp;ab_channel=MilagrosGarciaMattos<\/a><\/p>\n\n\n\n<p>Ota\u00f1o, C. H. (2021). La maestra que adopt\u00f3 a una alumna de 17 a\u00f1os despu\u00e9s de que la joven abandonara el colegio.<a rel=\"noreferrer noopener\" href=\"https:\/\/www.infobae.com\/sociedad\/2021\/09\/22\/la-maestra-que-adopto-a-una-alumna-de-17-anos-despues-de-que-la-joven-abandonara-el-colegio\/\" target=\"_blank\"> https:\/\/www.infobae.com\/sociedad\/2021\/09\/22\/la-maestra-que-adopto-a-una-alumna-de-17-anos-despues-de-que-la-joven-abandonara-el-colegio\/<\/a><\/p>\n","protected":false},"excerpt":{"rendered":"<p>El otro d\u00eda, me encontraba buscando p\u00e1ginas sobre adopcion de ni\u00f1os en Per\u00fa, pero solo encontr\u00e9 dos grupos; sin embargo, lo que si pude ver fue \u00a1una gran cantidad de p\u00e1ginas de adopci\u00f3n de animales! Creo que esto es una ventana que nos hace ver que la gente esta cada d\u00eda m\u00e1s comprometida con hacer [&hellip;]<\/p>\n","protected":false},"author":27,"featured_media":7290,"comment_status":"open","ping_status":"open","sticky":false,"template":"","format":"standard","meta":{"footnotes":""},"categories":[214,213,283,289],"tags":[521,201,196,31],"class_list":["post-7284","post","type-post","status-publish","format-standard","has-post-thumbnail","hentry","category-coyuntura-nacional","category-familia","category-psicologia-social","category-relaciones-interpersonales","tag-adopcion","tag-familia","tag-maternidad","tag-ninos"],"_links":{"self":[{"href":"https:\/\/warayana.com.pe\/publicaciones\/wp-json\/wp\/v2\/posts\/7284","targetHints":{"allow":["GET"]}}],"collection":[{"href":"https:\/\/warayana.com.pe\/publicaciones\/wp-json\/wp\/v2\/posts"}],"about":[{"href":"https:\/\/warayana.com.pe\/publicaciones\/wp-json\/wp\/v2\/types\/post"}],"author":[{"embeddable":true,"href":"https:\/\/warayana.com.pe\/publicaciones\/wp-json\/wp\/v2\/users\/27"}],"replies":[{"embeddable":true,"href":"https:\/\/warayana.com.pe\/publicaciones\/wp-json\/wp\/v2\/comments?post=7284"}],"version-history":[{"count":11,"href":"https:\/\/warayana.com.pe\/publicaciones\/wp-json\/wp\/v2\/posts\/7284\/revisions"}],"predecessor-version":[{"id":7310,"href":"https:\/\/warayana.com.pe\/publicaciones\/wp-json\/wp\/v2\/posts\/7284\/revisions\/7310"}],"wp:featuredmedia":[{"embeddable":true,"href":"https:\/\/warayana.com.pe\/publicaciones\/wp-json\/wp\/v2\/media\/7290"}],"wp:attachment":[{"href":"https:\/\/warayana.com.pe\/publicaciones\/wp-json\/wp\/v2\/media?parent=7284"}],"wp:term":[{"taxonomy":"category","embeddable":true,"href":"https:\/\/warayana.com.pe\/publicaciones\/wp-json\/wp\/v2\/categories?post=7284"},{"taxonomy":"post_tag","embeddable":true,"href":"https:\/\/warayana.com.pe\/publicaciones\/wp-json\/wp\/v2\/tags?post=7284"}],"curies":[{"name":"wp","href":"https:\/\/api.w.org\/{rel}","templated":true}]}}