{"id":7249,"date":"2023-01-27T01:53:23","date_gmt":"2023-01-27T00:53:23","guid":{"rendered":"https:\/\/warayana.com.pe\/publicaciones\/?p=7249"},"modified":"2023-07-05T00:48:52","modified_gmt":"2023-07-04T22:48:52","slug":"la-llegada-de-la-ciguena","status":"publish","type":"post","link":"https:\/\/warayana.com.pe\/publicaciones\/2023\/01\/27\/la-llegada-de-la-ciguena\/","title":{"rendered":"La llegada de la cig\u00fce\u00f1a"},"content":{"rendered":"\n<p>La llegada del primer beb\u00e9 dentro de la familia es un acontecimiento de lo m\u00e1s importante, ya que conlleva un cambio dentro del n\u00facleo familiar que no solo hace referencia a la emoci\u00f3n, preocupaci\u00f3n o sentimientos encontrados al enterarse que pronto llegara la cig\u00fce\u00f1a o, tambi\u00e9n, decidir hacerle el pedido de traer este esperado regalo.<\/p>\n\n\n\n<p>Al iniciar la vida en pareja, pap\u00e1 y mam\u00e1 llevar\u00e1n con ellos los equipajes que les dejaron los abuelos, y unidos formar\u00e1n sus propias costumbres, reglas y l\u00edmites dentro de su relaci\u00f3n. All\u00ed comenzar\u00e1 la formaci\u00f3n de la familia.<\/p>\n\n\n\n<figure class=\"wp-block-image size-large\"><img loading=\"lazy\" decoding=\"async\" width=\"788\" height=\"242\" src=\"https:\/\/warayana.com.pe\/publicaciones\/wp-content\/uploads\/2023\/01\/Captura-de-pantalla-2023-01-23-054237.png\" alt=\"\" class=\"wp-image-7252\" srcset=\"https:\/\/warayana.com.pe\/publicaciones\/wp-content\/uploads\/2023\/01\/Captura-de-pantalla-2023-01-23-054237.png 788w, https:\/\/warayana.com.pe\/publicaciones\/wp-content\/uploads\/2023\/01\/Captura-de-pantalla-2023-01-23-054237-300x92.png 300w, https:\/\/warayana.com.pe\/publicaciones\/wp-content\/uploads\/2023\/01\/Captura-de-pantalla-2023-01-23-054237-768x236.png 768w\" sizes=\"auto, (max-width: 788px) 100vw, 788px\" \/><\/figure>\n\n\n\n<p>Dentro del ciclo familiar, seg\u00fan Moratalla, Carreras y Villegas (2007), el arribo del primer hijo se considera una crisis que hay que superar, ya que es un momento de transici\u00f3n; se presentar\u00e1n adaptaciones en las pautas, reglas y funciones; la familia deber\u00e1 encontrar nuevas formas de funcionamiento que se adecuen a la nueva situaci\u00f3n; la pareja abrazar\u00e1 nuevos roles parentales y, as\u00ed como ellos, la familia extensa se acoplar\u00e1 a los nuevos papeles que les tocar\u00e1 representar.<\/p>\n\n\n\n<p>Ya que ser\u00e1 la primera entrega de la cig\u00fce\u00f1a, algo que no han vivido antes, los nuevos padres modificar\u00e1n su funcionamiento y organizaci\u00f3n como primer paso hacia la adaptaci\u00f3n y abrir\u00e1 camino a cambios m\u00e1s importantes que involucrar\u00e1n valores, creencias y tradiciones.<\/p>\n\n\n\n<div class=\"wp-block-image\"><figure class=\"aligncenter size-large\"><img loading=\"lazy\" decoding=\"async\" width=\"397\" height=\"293\" src=\"https:\/\/warayana.com.pe\/publicaciones\/wp-content\/uploads\/2023\/01\/puzzle.png\" alt=\"\" class=\"wp-image-7253\" srcset=\"https:\/\/warayana.com.pe\/publicaciones\/wp-content\/uploads\/2023\/01\/puzzle.png 397w, https:\/\/warayana.com.pe\/publicaciones\/wp-content\/uploads\/2023\/01\/puzzle-300x221.png 300w\" sizes=\"auto, (max-width: 397px) 100vw, 397px\" \/><\/figure><\/div>\n\n\n\n<p>Hay tres puntos importantes que las parejas suelen buscar para superar la crisis del cambio: adaptaci\u00f3n a una nueva persona, un nuevo papel y la conservaci\u00f3n de la relaci\u00f3n de pareja. La llegada de este nuevo miembro, en ocasiones, conlleva conflictos como la intolerancia por parte del padre en cuanto a ocupar un lugar secundario durante los primeros meses; excesiva participaci\u00f3n de la familia extensa en el cuidado del beb\u00e9; problemas al asumir el rol de padres; y reincorporaci\u00f3n de la mujer al trabajo (distribuci\u00f3n del tiempo laboral vs. el familiar).<\/p>\n\n\n\n<p>Por ello, es de vital importancia una preparaci\u00f3n y disposici\u00f3n emocional dentro de la pareja, y de ajuste en ciertas \u00e1reas de vida. Suarez (2022) hace referencia a las \u00e1reas que necesitan mayor cuidado seg\u00fan Estrada: \u00e1rea de la identidad, \u00e1rea de la sexualidad, \u00e1rea de la econom\u00eda y \u00e1rea del fortalecimiento del yo.<\/p>\n\n\n\n<div class=\"wp-block-image\"><figure class=\"aligncenter size-large is-resized\"><img loading=\"lazy\" decoding=\"async\" src=\"https:\/\/warayana.com.pe\/publicaciones\/wp-content\/uploads\/2023\/01\/ddddd.jpg\" alt=\"\" class=\"wp-image-7254\" width=\"437\" height=\"265\" srcset=\"https:\/\/warayana.com.pe\/publicaciones\/wp-content\/uploads\/2023\/01\/ddddd.jpg 826w, https:\/\/warayana.com.pe\/publicaciones\/wp-content\/uploads\/2023\/01\/ddddd-300x182.jpg 300w, https:\/\/warayana.com.pe\/publicaciones\/wp-content\/uploads\/2023\/01\/ddddd-768x467.jpg 768w\" sizes=\"auto, (max-width: 437px) 100vw, 437px\" \/><\/figure><\/div>\n\n\n\n<p>Estrada (1994) refiere que estas \u00e1reas tienen importancia vital para el desarrollo a largo plazo, tanto para la relaci\u00f3n de pareja como para el desarrollo del ni\u00f1o; es necesario que exista una comunicaci\u00f3n abierta entre la pareja en todo sentido y de manera especial para con los l\u00edmites, tanto relacionados a la crianza como a la intervenci\u00f3n de la familia extensa de ambos lados; asimismo, alentar los sue\u00f1os del compa\u00f1ero o compa\u00f1era, organizarse en el \u00e1rea econ\u00f3mica y no olvidar que, aunque ahora vayan a ser pap\u00e1 y mam\u00e1, no dejan de ser los individuos que fueron en un inicio.<\/p>\n\n\n\n<p>Un dar mutuo los llevar\u00e1 al \u00e9xito en este nuevo paso y en el recibimiento de la peque\u00f1a encomienda de la cig\u00fce\u00f1a.<\/p>\n\n\n\n<div class=\"wp-block-image\"><figure class=\"aligncenter size-large is-resized\"><img loading=\"lazy\" decoding=\"async\" src=\"https:\/\/warayana.com.pe\/publicaciones\/wp-content\/uploads\/2023\/01\/dddddddddddddddddd.jpg\" alt=\"\" class=\"wp-image-7255\" width=\"307\" height=\"307\" srcset=\"https:\/\/warayana.com.pe\/publicaciones\/wp-content\/uploads\/2023\/01\/dddddddddddddddddd.jpg 600w, https:\/\/warayana.com.pe\/publicaciones\/wp-content\/uploads\/2023\/01\/dddddddddddddddddd-300x300.jpg 300w, https:\/\/warayana.com.pe\/publicaciones\/wp-content\/uploads\/2023\/01\/dddddddddddddddddd-150x150.jpg 150w, https:\/\/warayana.com.pe\/publicaciones\/wp-content\/uploads\/2023\/01\/dddddddddddddddddd-60x60.jpg 60w\" sizes=\"auto, (max-width: 307px) 100vw, 307px\" \/><\/figure><\/div>\n\n\n\n<p class=\"has-text-align-center\"><strong>Referencias<\/strong><\/p>\n\n\n\n<p>Estrada, L. (1994). El ciclo vital de la familia. M\u00e9xico: Editorial Posada.<\/p>\n\n\n\n<p>Suarez, M. (2022). La llegada de los hijos: una nueva experiencia transformadora y significativa. https:\/\/www.margaritasuarezvelez.com\/post\/la-llegada-de-los-hijos-una-nueva-experiencia-transformadora-y-significativa<\/p>\n\n\n\n<p>Moratalla, T., Carreras, A., Villegas, J. APUNTES SOBRE CICLIO VITAL INDIVIDUAL Y FAMILIAR.\u00a0<\/p>\n","protected":false},"excerpt":{"rendered":"<p>La llegada del primer beb\u00e9 dentro de la familia es un acontecimiento de lo m\u00e1s importante, ya que conlleva un cambio dentro del n\u00facleo familiar que no solo hace referencia a la emoci\u00f3n, preocupaci\u00f3n o sentimientos encontrados al enterarse que pronto llegara la cig\u00fce\u00f1a o, tambi\u00e9n, decidir hacerle el pedido de traer este esperado regalo. [&hellip;]<\/p>\n","protected":false},"author":32,"featured_media":7260,"comment_status":"open","ping_status":"open","sticky":false,"template":"","format":"standard","meta":{"footnotes":""},"categories":[213,220,253,217],"tags":[38,516,201,196,108],"class_list":["post-7249","post","type-post","status-publish","format-standard","has-post-thumbnail","hentry","category-familia","category-relaciones-de-pareja","category-salud-mental","category-sentimiento-y-emocion","tag-amor","tag-embarazo","tag-familia","tag-maternidad","tag-pareja"],"_links":{"self":[{"href":"https:\/\/warayana.com.pe\/publicaciones\/wp-json\/wp\/v2\/posts\/7249","targetHints":{"allow":["GET"]}}],"collection":[{"href":"https:\/\/warayana.com.pe\/publicaciones\/wp-json\/wp\/v2\/posts"}],"about":[{"href":"https:\/\/warayana.com.pe\/publicaciones\/wp-json\/wp\/v2\/types\/post"}],"author":[{"embeddable":true,"href":"https:\/\/warayana.com.pe\/publicaciones\/wp-json\/wp\/v2\/users\/32"}],"replies":[{"embeddable":true,"href":"https:\/\/warayana.com.pe\/publicaciones\/wp-json\/wp\/v2\/comments?post=7249"}],"version-history":[{"count":4,"href":"https:\/\/warayana.com.pe\/publicaciones\/wp-json\/wp\/v2\/posts\/7249\/revisions"}],"predecessor-version":[{"id":7265,"href":"https:\/\/warayana.com.pe\/publicaciones\/wp-json\/wp\/v2\/posts\/7249\/revisions\/7265"}],"wp:featuredmedia":[{"embeddable":true,"href":"https:\/\/warayana.com.pe\/publicaciones\/wp-json\/wp\/v2\/media\/7260"}],"wp:attachment":[{"href":"https:\/\/warayana.com.pe\/publicaciones\/wp-json\/wp\/v2\/media?parent=7249"}],"wp:term":[{"taxonomy":"category","embeddable":true,"href":"https:\/\/warayana.com.pe\/publicaciones\/wp-json\/wp\/v2\/categories?post=7249"},{"taxonomy":"post_tag","embeddable":true,"href":"https:\/\/warayana.com.pe\/publicaciones\/wp-json\/wp\/v2\/tags?post=7249"}],"curies":[{"name":"wp","href":"https:\/\/api.w.org\/{rel}","templated":true}]}}