{"id":7244,"date":"2023-01-21T23:34:02","date_gmt":"2023-01-21T22:34:02","guid":{"rendered":"https:\/\/warayana.com.pe\/publicaciones\/?p=7244"},"modified":"2023-07-05T00:48:58","modified_gmt":"2023-07-04T22:48:58","slug":"no-todo-esta-bajo-nuestro-control-todo-en-psicologia-se-puede-medir","status":"publish","type":"post","link":"https:\/\/warayana.com.pe\/publicaciones\/2023\/01\/21\/no-todo-esta-bajo-nuestro-control-todo-en-psicologia-se-puede-medir\/","title":{"rendered":"No todo est\u00e1 bajo nuestro control: \u00bfTodo en psicolog\u00eda se puede medir?"},"content":{"rendered":"\n<div class=\"wp-block-image\"><figure class=\"aligncenter is-resized\"><img loading=\"lazy\" decoding=\"async\" src=\"https:\/\/lh3.googleusercontent.com\/bFuP81FZr-t_m45a06DoYq2q92qFghdDR-L_tXY0vbPwKy5apHvU9itr6yTRbe0uxMdIWHrwzd5epjsXRzpRmfSK9YvteDqMBMOW0g37iGSnYBR31TLoau8UHplf_FBPt7rCrv5abH7N1JJ8y2ZwbQ7H1DwnsVyJ0TCWQ4a3zRwTDMyjFJV2Y-EqUiyZjUpqOi0eIgPI7Q\" alt=\"\" width=\"426\" height=\"526\"\/><\/figure><\/div>\n\n\n\n<p>En psicolog\u00eda, medir es una acci\u00f3n esencial al momento de aventurarnos en este mundo tan grande. Por mucho tiempo, diferentes investigadores en su af\u00e1n de descubrir alg\u00fan m\u00e9todo, vieron la necesidad de medir lo imposible. Ya que nos regimos bajo las leyes f\u00edsicas, medir se ha convertido en una tarea que no solo est\u00e1 basada en f\u00f3rmulas, sino que tambi\u00e9n se rige bajos ciertos par\u00e1metros, los cuales no podemos controlar.<\/p>\n\n\n\n<p>Medir es un proceso de asignar valores num\u00e9ricos de acuerdo a reglas espec\u00edficas, al psic\u00f3logo le permite cuantificar caracter\u00edsticas humanas y dar objetividad.<\/p>\n\n\n\n<p>Por medio de pruebas psicol\u00f3gicas, que son instrumentos estandarizados, eval\u00faan caracter\u00edsticas particulares de personas con el objetivo de medir conocimientos, intereses, habilidades, capacidades, actitudes, e incluso la personalidad; estas son parte de un proceso general organizado para llegar a una impresi\u00f3n diagn\u00f3stica. En fin, <strong><em>medir es cuantificar caracter\u00edsticas cualitativas y volverlas en cuantitativas.<\/em><\/strong><\/p>\n\n\n\n<p>Tantos estudiosos en la materia y desde \u00e9pocas muy antiguas ya se planteaban este dilema. En la \u00e9poca Antigua, Arist\u00f3teles, en su obra \u00abDe Anima\u00bb se\u00f1ala: \u00abbuscamos examinar e investigar primero la naturaleza y esencia del alma y luego sus atributos\u00bb.<\/p>\n\n\n\n<p>Plat\u00f3n, en el texto III de \u00abLa Rep\u00fablica\u00bb, realiz\u00f3 una clasificaci\u00f3n de las personas en escala primitiva: oro, plata, hierro y lat\u00f3n, refiri\u00e9ndose a ella como una \u00abmentira noble\u00bb y un \u00abcuento\u00bb, a la vez que se\u00f1alaba que todos son hermanos y todos son afines.<\/p>\n\n\n\n<p>En el Renacimiento, Descartes, Locke, Hume y Kant enfatizan en lo que define y caracteriza a la humanidad.<\/p>\n\n\n\n<div class=\"wp-block-image\"><figure class=\"aligncenter\"><img decoding=\"async\" src=\"https:\/\/lh4.googleusercontent.com\/xJP2hXyXrI-snWLiB576j-bSwdL17RstpstkMZflTx4XthE4UpIkzHKKACv2lT_gnfwghfnwieNcKYH3TtW6yZTvlkXK9POjm4KbHfQ2sMqVsMiSlVE_5aTjzBvI_ANaR5fEvQUjAbLx1vY6uiVAZWUBuK4q02SkCT85L9Rjw57wKNWz1FjnkTk3dPJB5RM5NZKNhsuE-Q\" alt=\"\"\/><\/figure><\/div>\n\n\n\n<p>Sin duda alguna, todos ellos se esmeraron en la b\u00fasqueda de la verdad acorde a sus posibilidades de poder medir y cuantificar. Ahora bien, debemos ponernos a pensar en el bagaje inmenso del que est\u00e1 compuesto el ser humano.\u00a0<\/p>\n\n\n\n<p><strong>\u00bfPero qu\u00e9 sucede cuando partimos desde lo m\u00e1s simple y vamos a lo m\u00e1s complejo?<\/strong> <strong>\u00bfQue sucede cuando lo sensible se convierte espiritual?\u00a0<\/strong><\/p>\n\n\n\n<p>A continuaci\u00f3n veremos unos ejemplos:<\/p>\n\n\n\n<p>A trav\u00e9s del cuerpo, m\u00e1s all\u00e1 de lo sensible, de la percepci\u00f3n, de las emociones, y de las funciones vegetativas, existe aquello en el ser humano que carece de sustento corp\u00f3reo.\u00a0<\/p>\n\n\n\n<p>Hablaremos de la inteligencia. Para ello, debemos empezar desde su primer acto que es la abstracci\u00f3n, es decir, separamos una forma de lo material singular, y lo convertimos en lo universal. Este universal no es material al igual que nuestra inteligencia. La inmaterialidad se demuestra por medio de la capacidad que posee la inteligencia de conocerlo todo, a diferencia de los sentidos y de lo que conocemos como umbral. Eso a lo que la psicolog\u00eda denomina como l\u00edmites. El loco intento de tratar de traspasar ese l\u00edmite puede da\u00f1ar el \u00f3rgano y perjudicarlo, como la luz solar que hace que el ojo se cierre al ser tan fuerte.\u00a0<\/p>\n\n\n\n<p>Nos detenemos minuciosamente, y vemos que la inteligencia se conoce a s\u00ed misma, y que no es como los dem\u00e1s sentidos. Por ejemplo, el ojo no se ve a s\u00ed mismo, ve las dem\u00e1s cosas que hay a su alrededor. De tal forma, la inteligencia conoce sus actos, actos de conocer. Y esto nos dice que carece de soporte org\u00e1nico.\u00a0<\/p>\n\n\n\n<p>Ahora no solo hemos visto una de las facultades m\u00e1s elementales del ser humano que no solo es inmaterial, y a pesar de ello, han inventado manera de cuantificar ciertos resultados. Pero,  \u00bfqu\u00e9 pasa si vamos m\u00e1s all\u00e1? Nos encontraremos con lo que es notorio al momento de demostrar que lo que trasciende va a\u00fan m\u00e1s lejos de los l\u00edmites de lo medible: el alma.<\/p>\n\n\n\n<p>Ya el alma como dimensi\u00f3n co-principio del cual est\u00e1 sujeto el ser humano, se encuentra en este mundo material siendo inmaterial en su totalidad, pero que subsiste gracias a la unidad psicof\u00edsica, y a su vez, no se corrompe y no se separa de s\u00ed misma.<\/p>\n\n\n\n<div class=\"wp-block-image\"><figure class=\"aligncenter is-resized\"><img loading=\"lazy\" decoding=\"async\" src=\"https:\/\/lh6.googleusercontent.com\/FCA8SsVxAirtUhcDNiN6nGoQGDskLxKF7wg9DJiNY2L1Dl6Mw6y4HLqwgkM_dmFrFJyKCTQ8AzNrPLpUcSLGuruwiSzLsbIRH6daKs1M7uxPh3aKaXjtKUjji0FkYCI1H8YAU6s5mp_ZowG_HJfr-yHXMKai4I-GXV7qU8kmtXutfAHHGVcKSVDzTUXZPd1Ak0LiD2-DqA\" alt=\"\" width=\"386\" height=\"536\"\/><\/figure><\/div>\n\n\n\n<p>Santo Tom\u00e1s de Aquino est\u00e1 a favor del car\u00e1cter espiritual del alma humana que ejecuta actividades intelectuales que no dependen de sustento org\u00e1nico alguno, sino que son actividades espirituales. <strong>Pero esto no quiere decir que no exista una relaci\u00f3n entre la actividad intelectual y la actividad espiritual.<\/strong>\u00a0<\/p>\n\n\n\n<p>En lo que a m\u00ed respecta, considero indudablemente que el hombre busca medios para poder entender el universo en el que cohabita desde que este se origin\u00f3. Que el ser humano, al ser un conjunto din\u00e1mico de dimensiones que existen en armon\u00eda se complementan bio-psico-espiritualmente. El hombre es una unidad, y tratar de medir al hombre solo ser\u00eda encuadrarlo y limitarlo a par\u00e1metros que nosotros mismos estamos estableciendo; es decir, que nosotros mismos nos estamos limitando y encasillando.\u00a0<\/p>\n\n\n\n<p>\u00bfAcaso somos n\u00fameros? \u00bfAcaso somos f\u00f3rmulas? Nos hemos estancado en vivir en l\u00edmites parametrados pero no podemos ir contra natura, pues esta nos reclama y ella escapa a cualquiera de estas ataduras a las que nosotros mismos nos hemos condenado en este af\u00e1n de entender qui\u00e9nes somos o qu\u00e9 somos realmente.\u00a0<\/p>\n\n\n\n<p>Para finalizar, est\u00e1 de m\u00e1s decir que los esfuerzos han sido considerablemente aplaudibles por quienes a\u00fan hoy en d\u00eda, se esmeran en cuantificar al hombre, pero, siempre hay que recordar que existir\u00e1 ese misterio enorme y hermoso que es la complejidad del ser humano en esa b\u00fasqueda del ser; que este descubrir nos lleve a una nueva v\u00eda provechosa, llena de dicha en materia de la psicolog\u00eda&#8230;<\/p>\n\n\n\n<figure class=\"wp-block-image size-large\"><img loading=\"lazy\" decoding=\"async\" width=\"563\" height=\"584\" src=\"https:\/\/warayana.com.pe\/publicaciones\/wp-content\/uploads\/2023\/01\/image.png\" alt=\"\" class=\"wp-image-7246\" srcset=\"https:\/\/warayana.com.pe\/publicaciones\/wp-content\/uploads\/2023\/01\/image.png 563w, https:\/\/warayana.com.pe\/publicaciones\/wp-content\/uploads\/2023\/01\/image-289x300.png 289w\" sizes=\"auto, (max-width: 563px) 100vw, 563px\" \/><\/figure>\n\n\n\n<p class=\"has-text-align-center\"><strong>Referencias<\/strong><\/p>\n\n\n\n<ul class=\"wp-block-list\"><li>Flores, G. <em>(25 de julio de 2012). TOM\u00c1S DE AQUINO Y LA INMORTALIDAD DEL ALMA<\/em>.<em> <\/em><a rel=\"noreferrer noopener\" href=\"http:\/\/gusfilosofar.blogspot.pe\/2012\/07\/tomas-de-aquino-y-la-inmortalidad-del.html\" target=\"_blank\"><em>http:\/\/gusfilosofar.blogspot.pe\/2012\/07\/tomas-de-aquino-y-la-inmortalidad-del.html<\/em><\/a><\/li><\/ul>\n\n\n\n<ul class=\"wp-block-list\"><li>Alc\u00e1zar, M. \u00bfEs la inteligencia una facultad espiritual? <a rel=\"noreferrer noopener\" href=\"http:\/\/www.academia.edu\/20361227\/_Es_la_inteligencia_una_facultad_espiritual\" target=\"_blank\"><em>http:\/\/www.academia.edu\/20361227\/_Es_la_inteligencia_una_facultad_espiritual<\/em><\/a><\/li><\/ul>\n\n\n\n<ul class=\"wp-block-list\"><li><em>Entrevista con Roger Miller Silva (fil\u00f3sofo) \u2013 Profesor de Antropolog\u00eda Filos\u00f3fica y Teol\u00f3gica de la UCSP.\u00a0<\/em><\/li><\/ul>\n","protected":false},"excerpt":{"rendered":"<p>En psicolog\u00eda, medir es una acci\u00f3n esencial al momento de aventurarnos en este mundo tan grande. Por mucho tiempo, diferentes investigadores en su af\u00e1n de descubrir alg\u00fan m\u00e9todo, vieron la necesidad de medir lo imposible. Ya que nos regimos bajo las leyes f\u00edsicas, medir se ha convertido en una tarea que no solo est\u00e1 basada [&hellip;]<\/p>\n","protected":false},"author":17,"featured_media":7246,"comment_status":"open","ping_status":"open","sticky":false,"template":"","format":"standard","meta":{"footnotes":""},"categories":[245,211],"tags":[515,514,81,76,512],"class_list":["post-7244","post","type-post","status-publish","format-standard","has-post-thumbnail","hentry","category-ensayistica","category-filosofia","tag-actividad-espiritual","tag-alma","tag-autoconocimiento","tag-filosofia-clasica","tag-medir"],"_links":{"self":[{"href":"https:\/\/warayana.com.pe\/publicaciones\/wp-json\/wp\/v2\/posts\/7244","targetHints":{"allow":["GET"]}}],"collection":[{"href":"https:\/\/warayana.com.pe\/publicaciones\/wp-json\/wp\/v2\/posts"}],"about":[{"href":"https:\/\/warayana.com.pe\/publicaciones\/wp-json\/wp\/v2\/types\/post"}],"author":[{"embeddable":true,"href":"https:\/\/warayana.com.pe\/publicaciones\/wp-json\/wp\/v2\/users\/17"}],"replies":[{"embeddable":true,"href":"https:\/\/warayana.com.pe\/publicaciones\/wp-json\/wp\/v2\/comments?post=7244"}],"version-history":[{"count":2,"href":"https:\/\/warayana.com.pe\/publicaciones\/wp-json\/wp\/v2\/posts\/7244\/revisions"}],"predecessor-version":[{"id":7247,"href":"https:\/\/warayana.com.pe\/publicaciones\/wp-json\/wp\/v2\/posts\/7244\/revisions\/7247"}],"wp:featuredmedia":[{"embeddable":true,"href":"https:\/\/warayana.com.pe\/publicaciones\/wp-json\/wp\/v2\/media\/7246"}],"wp:attachment":[{"href":"https:\/\/warayana.com.pe\/publicaciones\/wp-json\/wp\/v2\/media?parent=7244"}],"wp:term":[{"taxonomy":"category","embeddable":true,"href":"https:\/\/warayana.com.pe\/publicaciones\/wp-json\/wp\/v2\/categories?post=7244"},{"taxonomy":"post_tag","embeddable":true,"href":"https:\/\/warayana.com.pe\/publicaciones\/wp-json\/wp\/v2\/tags?post=7244"}],"curies":[{"name":"wp","href":"https:\/\/api.w.org\/{rel}","templated":true}]}}