{"id":6986,"date":"2022-10-21T03:30:50","date_gmt":"2022-10-21T01:30:50","guid":{"rendered":"https:\/\/warayana.com.pe\/publicaciones\/?p=6986"},"modified":"2022-12-09T21:55:36","modified_gmt":"2022-12-09T20:55:36","slug":"consumo-de-sustancias-psicoactivas","status":"publish","type":"post","link":"https:\/\/warayana.com.pe\/publicaciones\/2022\/10\/21\/consumo-de-sustancias-psicoactivas\/","title":{"rendered":"Consumo de sustancias psicoactivas"},"content":{"rendered":"\n<p>La Oficina de las Naciones Unidas contra la Droga y el Delito (UNODC, 2020) indic\u00f3 que alrededor de 269 millones de personas en el mundo est\u00e1n guiadas por el uso y consumo de alguna sustancia y estos n\u00fameros est\u00e1n en aumento. Desde el 2009, Las 189 millones de personas que sol\u00edan ser las registradas en funci\u00f3n del uso de drogas, est\u00e1n aumentando en un 30% hasta la actualidad. Adicionalmente, 35 millones de usuarios sufren trastornos cr\u00f3nicos y progresivos por el uso y abuso de drogas; adem\u00e1s, el aumento de escasez de trabajo y el desequilibrio econ\u00f3mico por bajas oportunidades laborales causados por la pandemia, deja una sociedad vulnerable al consumo de sustancias psicoactivas, as\u00ed como al tr\u00e1fico y cultivo, con el fin de ganar dinero.<\/p>\n\n\n\n<p>La adicci\u00f3n a sustancias psicoactivas en centros de rehabilitaci\u00f3n peruanos, seg\u00fan el censo nacional del Instituto Nacional de Estad\u00edstica e Inform\u00e1tica y Poder Judicial del Per\u00fa (2016), es una dificultad que pone en peligro a la sociedad sin discriminar la edad, inclinaci\u00f3n sexual, religi\u00f3n, condici\u00f3n, preferencias pol\u00edticas y estado socioecon\u00f3mico de las personas en las que se manifiesta que, el 59% consumieron alguna sustancia. Por ello se puede ver, entre otras cosas, que el inicio del consumo de sustancias il\u00edcitas en el Per\u00fa se da entre los 13 a 15 a\u00f1os de edad, diferenciando a los hombres, que empiezan entre los 14 a 15 a\u00f1os, de las mujeres, que empiezan entre los 13 y 14 a\u00f1os.<\/p>\n\n\n\n<div class=\"wp-block-image is-style-default\"><figure class=\"aligncenter size-large\"><img loading=\"lazy\" decoding=\"async\" width=\"702\" height=\"405\" src=\"https:\/\/warayana.com.pe\/publicaciones\/wp-content\/uploads\/2022\/10\/WhatsApp-Image-2022-10-20-at-8.19.37-PM.jpeg\" alt=\"\" class=\"wp-image-6989\" srcset=\"https:\/\/warayana.com.pe\/publicaciones\/wp-content\/uploads\/2022\/10\/WhatsApp-Image-2022-10-20-at-8.19.37-PM.jpeg 702w, https:\/\/warayana.com.pe\/publicaciones\/wp-content\/uploads\/2022\/10\/WhatsApp-Image-2022-10-20-at-8.19.37-PM-300x173.jpeg 300w\" sizes=\"auto, (max-width: 702px) 100vw, 702px\" \/><\/figure><\/div>\n\n\n\n<p>El Per\u00fa es parte de los escasos pa\u00edses de la regi\u00f3n Andina que persiste en una concepci\u00f3n conservadora reacia a cualquier dimensi\u00f3n pol\u00edtica o normativa en los temas de estupefacientes. La pol\u00edtica peruana sobre drogas y, especialmente, la relacionada a la salud mental y los usos problem\u00e1ticos, permite identificar los l\u00edmites, y los obst\u00e1culos pr\u00e1cticos que tiene que apostar por la continuidad del paradigma de la abstenci\u00f3n y represi\u00f3n, as\u00ed afrontar problemas asociados a drogas legales e ilegales (Garrido, 2015).<\/p>\n\n\n\n<p>En cuanto a las terapias, la terapia tiene el prop\u00f3sito fundamental de crear una nueva perspectiva del problema con el cual se llega a consulta. En otras palabras, es un proceso m\u00e1s no un suceso, que se desarrolla a trav\u00e9s de la experiencia del paciente en un tiempo que compete a la disposici\u00f3n del mismo (Arias Gallegos, 2015). Seg\u00fan la RAE (2020), la terapia es el conjunto de herramientas que se aplican para aliviar la enfermedad de una persona.<\/p>\n\n\n\n<p>Las terapias cognitivo-conductuales como tratamientos en adicci\u00f3n de drogas, presentan disminuci\u00f3n de adherencia y no tienen el efecto esperado a largo plazo, pero, a pesar de lo mencionado, los datos obtenidos dan aspectos positivos sobre esta terapia, como la disminuci\u00f3n de reca\u00eddas cuya mejora aumenta en la medida que se combina contratamiento psicosocial adicional. En otras palabras, las terapias grupales adaptadas para ejecutarse en conjunto con terapias cognitivo-conductuales y motivacionales, son tratamientos que ayudan a reforzar comportamientos sociales que pueden ayudar a mantener al individuo un estilo de vida sin drogas y fomenta la abstinencia (Velazquez, 2014).&nbsp;<\/p>\n\n\n\n<p>En conclusi\u00f3n, la prevenci\u00f3n sobre el consumo de drogas en los j\u00f3venes debe ajustarse a cada etapa de desarrollo en la que se encuentre el p\u00fablico objetivo. Como, por ejemplo, programas dirigidos a ni\u00f1os de primaria, adolescentes tempranos, adolescentes de mediana edad y adolescentes tard\u00edos (Simone A. et al., 2016).<\/p>\n\n\n\n<div class=\"wp-block-image is-style-default\"><figure class=\"aligncenter size-large\"><img loading=\"lazy\" decoding=\"async\" width=\"487\" height=\"630\" src=\"https:\/\/warayana.com.pe\/publicaciones\/wp-content\/uploads\/2022\/10\/WhatsApp-Image-2022-10-20-at-8.24.11-PM.jpeg\" alt=\"\" class=\"wp-image-6991\" srcset=\"https:\/\/warayana.com.pe\/publicaciones\/wp-content\/uploads\/2022\/10\/WhatsApp-Image-2022-10-20-at-8.24.11-PM.jpeg 487w, https:\/\/warayana.com.pe\/publicaciones\/wp-content\/uploads\/2022\/10\/WhatsApp-Image-2022-10-20-at-8.24.11-PM-232x300.jpeg 232w\" sizes=\"auto, (max-width: 487px) 100vw, 487px\" \/><\/figure><\/div>\n\n\n\n<p>Referencias<\/p>\n\n\n\n<p>Arias Gallegos, G. (2015). Carl R. Rogers y la Terapia Centrada en el Cliente. <em>Universidad<\/em><\/p>\n\n\n\n<p><em>&nbsp;&nbsp;&nbsp;&nbsp;&nbsp;&nbsp;&nbsp;&nbsp;&nbsp;&nbsp;&nbsp; Femenina &nbsp;&nbsp;&nbsp;&nbsp;&nbsp;&nbsp;&nbsp;&nbsp;&nbsp;&nbsp;&nbsp; del &nbsp;&nbsp;&nbsp;&nbsp;&nbsp;&nbsp;&nbsp;&nbsp;&nbsp;&nbsp;&nbsp; Sagrado &nbsp;&nbsp;&nbsp;&nbsp;&nbsp;&nbsp;&nbsp;&nbsp;&nbsp;&nbsp;&nbsp; Coraz\u00f3n <\/em>&nbsp;&nbsp;&nbsp;&nbsp;&nbsp;&nbsp;&nbsp;&nbsp;&nbsp;&nbsp;&nbsp; 23(2), &nbsp;&nbsp; 141\u2013147.<\/p>\n\n\n\n<p><a href=\"https:\/\/www.unife.edu.pe\/publicaciones\/revistas\/psicologia\/2015_2\/\">https:\/\/www.unife.edu.pe\/publicaciones\/revistas\/psicologia\/2015_2\/<\/a><\/p>\n\n\n\n<p>Garrido, R. S. (2015). <em>Los usuarios de drogas en el Per\u00fa. Pol\u00edticas, derechos y problemas<\/em>. <a href=\"http:\/\/www.drogasyderecho.org\/wp-content\/uploads\/2015\/02\/peru-usuarios.pdf\">http:\/\/www.drogasyderecho.org\/wp-content\/ <\/a>&nbsp;<\/p>\n\n\n\n<p>Instituto Nacional de Estad\u00edstica e Inform\u00e1tica &amp; Poder Judicial del Per\u00fa. (2016). <em>Per\u00fa: Primer Censo Nacional De Poblaci\u00f3n En Los Centros Juveniles De Diagn\u00f3stico Y Rehabilitaci\u00f3n<\/em>. <a href=\"https:\/\/www.inei.gob.pe\/media\/MenuRecursivo\/publicaciones_digitales\/Est\/Lib1381\/libro.pdf\">https:\/\/www.inei.gob.pe\/media\/MenuRecursivo\/publicaciones_digitales<\/a><\/p>\n\n\n\n<p>Real Academia Espa\u00f1ola, 2020: <em>Diccionario de la lengua espa\u00f1ola<\/em>, 23 ed.<\/p>\n\n\n\n<p><a href=\"https:\/\/dle.rae.es\">https:\/\/dle.rae.es<\/a><\/p>\n\n\n\n<p>Simone A. Onrust, Roy Otten, Jerien Lammers, Filip Smit, 2016. School-based programmes to reduce and prevent substance use in different age groups: What works for whom? Systematic review and meta-regression analysis. https:\/\/doi.org\/10.1016\/j.cpr.2015.11.002<\/p>\n\n\n\n<p>UNODC. (26 de 06 de 2020). <em>Oficina de las Naciones Unidas Contra la Droga y el Delito<\/em>.<\/p>\n\n\n\n<p><a href=\"https:\/\/www.unodc.org\/mexicoandcentralamerica\/es\/webstories\/2020\/06_26_Informe\">https:\/\/www.unodc.org\/mexicoandcentralamerica\/es\/webstories\/2020\/06_26_Informe<\/a><\/p>\n\n\n\n<p>Velazquez, M. C. (2014). Abuso de Drogas: Generalidades Neurobiol\u00f3gicas y<\/p>\n\n\n\n<p>&nbsp;&nbsp;&nbsp;&nbsp;&nbsp;&nbsp;&nbsp;&nbsp;&nbsp;&nbsp;&nbsp; Terap\u00e9uticas. &nbsp;&nbsp;&nbsp;&nbsp;&nbsp;&nbsp;&nbsp;&nbsp;&nbsp;&nbsp;&nbsp;&nbsp;&nbsp;&nbsp; <em>Actualidades &nbsp;&nbsp;&nbsp;&nbsp;&nbsp;&nbsp;&nbsp;&nbsp;&nbsp;&nbsp;&nbsp;&nbsp;&nbsp;&nbsp; en &nbsp;&nbsp;&nbsp;&nbsp;&nbsp;&nbsp;&nbsp;&nbsp;&nbsp;&nbsp;&nbsp;&nbsp;&nbsp;&nbsp; Psicolog\u00eda,<\/em> &nbsp;&nbsp;&nbsp;&nbsp;&nbsp; 21-25. <a href=\"https:\/\/www.redalyc.org\/articulo.oa?id=133232675005\">https:\/\/www.redalyc.org\/articulo.oa?id=133232675005<\/a><\/p>\n","protected":false},"excerpt":{"rendered":"<p>La Oficina de las Naciones Unidas contra la Droga y el Delito (UNODC, 2020) indic\u00f3 que alrededor de 269 millones de personas en el mundo est\u00e1n guiadas por el uso y consumo de alguna sustancia y estos n\u00fameros est\u00e1n en aumento. Desde el 2009, Las 189 millones de personas que sol\u00edan ser las registradas en [&hellip;]<\/p>\n","protected":false},"author":34,"featured_media":6988,"comment_status":"open","ping_status":"open","sticky":false,"template":"","format":"standard","meta":{"footnotes":""},"categories":[214,253,1],"tags":[495,493,494,167],"class_list":["post-6986","post","type-post","status-publish","format-standard","has-post-thumbnail","hentry","category-coyuntura-nacional","category-salud-mental","category-sin-categoria","tag-adiccion","tag-consumo","tag-sustancias-psicoactivas","tag-terapia"],"_links":{"self":[{"href":"https:\/\/warayana.com.pe\/publicaciones\/wp-json\/wp\/v2\/posts\/6986","targetHints":{"allow":["GET"]}}],"collection":[{"href":"https:\/\/warayana.com.pe\/publicaciones\/wp-json\/wp\/v2\/posts"}],"about":[{"href":"https:\/\/warayana.com.pe\/publicaciones\/wp-json\/wp\/v2\/types\/post"}],"author":[{"embeddable":true,"href":"https:\/\/warayana.com.pe\/publicaciones\/wp-json\/wp\/v2\/users\/34"}],"replies":[{"embeddable":true,"href":"https:\/\/warayana.com.pe\/publicaciones\/wp-json\/wp\/v2\/comments?post=6986"}],"version-history":[{"count":5,"href":"https:\/\/warayana.com.pe\/publicaciones\/wp-json\/wp\/v2\/posts\/6986\/revisions"}],"predecessor-version":[{"id":6994,"href":"https:\/\/warayana.com.pe\/publicaciones\/wp-json\/wp\/v2\/posts\/6986\/revisions\/6994"}],"wp:featuredmedia":[{"embeddable":true,"href":"https:\/\/warayana.com.pe\/publicaciones\/wp-json\/wp\/v2\/media\/6988"}],"wp:attachment":[{"href":"https:\/\/warayana.com.pe\/publicaciones\/wp-json\/wp\/v2\/media?parent=6986"}],"wp:term":[{"taxonomy":"category","embeddable":true,"href":"https:\/\/warayana.com.pe\/publicaciones\/wp-json\/wp\/v2\/categories?post=6986"},{"taxonomy":"post_tag","embeddable":true,"href":"https:\/\/warayana.com.pe\/publicaciones\/wp-json\/wp\/v2\/tags?post=6986"}],"curies":[{"name":"wp","href":"https:\/\/api.w.org\/{rel}","templated":true}]}}