{"id":668,"date":"2020-09-23T22:37:10","date_gmt":"2020-09-23T20:37:10","guid":{"rendered":"http:\/\/warayana.com.pe\/publicaciones\/?p=668"},"modified":"2021-12-27T04:43:42","modified_gmt":"2021-12-27T03:43:42","slug":"el-sindrome-de-ulises-el-epico-drama-del-heroe-griego-recreado-en-una-pandemia-actual","status":"publish","type":"post","link":"https:\/\/warayana.com.pe\/publicaciones\/2020\/09\/23\/el-sindrome-de-ulises-el-epico-drama-del-heroe-griego-recreado-en-una-pandemia-actual\/","title":{"rendered":"EL S\u00cdNDROME DE ULISES: el \u00e9pico drama del h\u00e9roe griego recreado en una pandemia actual"},"content":{"rendered":"\n<p>Brasil 16 de marzo del presente 2020, un solo un d\u00eda despu\u00e9s de que nuestro presidente diera por iniciada la medida de \u201caislamiento social obligatorio\u201d o tambi\u00e9n conocido por el popular termino de \u201cla cuarentena\u201d: Un peruano, como cualquiera de nosotros, llamado Gerardo Jes\u00fas Salgado se enter\u00f3 que su vuelo de regreso hab\u00eda sido cancelado y al solicitar ayuda en el consulado de Per\u00fa en Rio de Janeiro fue notificado que todos los viajes de retorno ten\u00edan que ser pospuestos temporalmente. En ese mismo d\u00eda la organizaci\u00f3n de periodismo Convoca.pe (2020) daba a conocer una situaci\u00f3n similar en al menos 160 compatriotas varados en el pa\u00eds Carioca. <\/p>\n\n\n\n<figure class=\"wp-block-image\"><img loading=\"lazy\" decoding=\"async\" width=\"680\" height=\"510\" src=\"https:\/\/warayana.com.pe\/publicaciones\/wp-content\/uploads\/2020\/09\/Aeropuerto-1.jpg\" alt=\"\" class=\"wp-image-702\" srcset=\"https:\/\/warayana.com.pe\/publicaciones\/wp-content\/uploads\/2020\/09\/Aeropuerto-1.jpg 680w, https:\/\/warayana.com.pe\/publicaciones\/wp-content\/uploads\/2020\/09\/Aeropuerto-1-300x225.jpg 300w\" sizes=\"auto, (max-width: 680px) 100vw, 680px\" \/><figcaption> <br>Ilustraci\u00f3n 1: Fotograf\u00eda de peruanos en el Aeropuerto de R\u00edo de Janeiro, Brasil.<br><em>Fuente: V\u00eda Twitter, https:\/\/twitter.com\/#PeruanosVaradosEnBrasil\ufeff<\/em> <\/figcaption><\/figure>\n\n\n\n<p>Como se puede observar en la Ilustraci\u00f3n pese a estar en una de las pandemias m\u00e1s grandes los \u00faltimos tiempos, algunos de los viajeros varados, ahora manifestantes, vulneraban algunos protocolos de seguridad como el metro de distancia y el uso de mascarilla en favor de organizar una denuncia por redes sociales, especialmente por Twitter (<a href=\"https:\/\/twitter.com\/peruanosvaradosenbrasil\">#PeruanosVaradosEnBrasil<\/a>). Manifestaci\u00f3n que no fue en vano pues d\u00edas m\u00e1s tarde, el 20 de marzo, la misma agencia de noticias Convoca.pe (2020) daba a conocer que el gobierno peruano lleg\u00f3 a un acuerdo con tres aerol\u00edneas brasile\u00f1as para que nuestros similares puedan abordar vuelos gratuitos y poder as\u00ed ser repatriados. Se hab\u00eda logrado el objetivo, pero, algunos riesgos tuvieron que ser tomados. <\/p>\n\n\n\n<p>Y es que no solo se trataba de los 160 pasajeros varados en Brasil aquel 16 de marzo. El Ministerio de Relaciones Exteriores inform\u00f3 que a mediados de junio 17 mil compatriotas lograron regresar a Per\u00fa y otros 12 mil se encontraban esperando el viaje de retorno. (Convoca.pe, 2020). \u00bfPor qu\u00e9 no aguardar la cuarentena en el pa\u00eds extranjero donde radican? Claro, la gran mayor\u00eda de estas 17 mil personas seguramente se trataban de simples viajeros temporales que se hab\u00edan visto sorprendidos por medidas de aislamiento mientras vacacionaban o en alg\u00fan viaje de negocios, por lo que querer regresar era la opci\u00f3n m\u00e1s l\u00f3gica. Pero, \u00bfy el resto de personas? <\/p>\n\n\n\n<div class=\"wp-block-image\"><figure class=\"aligncenter is-resized\"><img loading=\"lazy\" decoding=\"async\" src=\"https:\/\/warayana.com.pe\/publicaciones\/wp-content\/uploads\/2020\/09\/Compatriota1.jpg\" alt=\"\" class=\"wp-image-680\" width=\"407\" height=\"543\" srcset=\"https:\/\/warayana.com.pe\/publicaciones\/wp-content\/uploads\/2020\/09\/Compatriota1.jpg 510w, https:\/\/warayana.com.pe\/publicaciones\/wp-content\/uploads\/2020\/09\/Compatriota1-225x300.jpg 225w\" sizes=\"auto, (max-width: 407px) 100vw, 407px\" \/><figcaption><br>Ilustraci\u00f3n 2: Fotograf\u00eda de una de una compatriota en el Aeropuerto de R\u00edo de Janeiro.<br><em>Fuente: V\u00eda Twitter, https:\/\/twitter.com\/#PeruanosVaradosEnBrasil<\/em><br><\/figcaption><\/figure><\/div>\n\n\n\n<p>Queremos exponer la situaci\u00f3n de aquellos compatriotas que no llevaban unos pocos d\u00edas en tierras extranjeras, hablar de los peruanos que radicaban en otros pa\u00edses en calidad de trabajadores permanentes o estudiantes universitarios, personas que pese a ya haberse establecido alg\u00fan tiempo atr\u00e1s y tener una vida hecha en un pa\u00eds for\u00e1neo, vieron en la suspensi\u00f3n de sus trabajos o de sus clases la oportunidad de regresar a la patria que los vio nacer, proceso que por cierto no era nada sencillo. El emigrante peruano que quer\u00eda regresar a nuestro pa\u00eds deb\u00eda emprender un viaje ya de por si arriesgado por una posible exposici\u00f3n al Covid-19, seguido de esto era preciso aguardar un periodo de cuarentena en alguno de los hospedajes habilitados por el Ministerio de Comercio Exterior y Turismo. Todo ello con la premisa del retorno a casa. Al o\u00edr todo esto uno no puede evitar recordar el poema \u00e9pico de la Odisea, atribuida al poeta griego Homero, en el que se narran la traves\u00eda y desventuras de Odiseo, tambi\u00e9n llamado Ulises, por regresar a su isla natal, \u00cdtaca.   <\/p>\n\n\n\n<p>Y es que incluso, muchas de las condiciones que experimentaban las personas migrantes en las \u00e9pocas \u201cpre-covid\u201d eran tan adversas que no ten\u00edan nada que envidiar a las tr\u00e1gicas peripecias del h\u00e9roe griego antes mencionado. Vivir en otro pa\u00eds nos puede poner a prueba m\u00e1s de lo que normalmente se piensa. En una situaci\u00f3n cr\u00edtica el migrante puede desarrollar un tipo de estr\u00e9s cr\u00f3nico y m\u00faltiple, un estado que en Psicolog\u00eda se denomina como \u201cS\u00edndrome de Ulises\u201d.<\/p>\n\n\n\n<div class=\"wp-block-image\"><figure class=\"aligncenter is-resized\"><img loading=\"lazy\" decoding=\"async\" src=\"https:\/\/warayana.com.pe\/publicaciones\/wp-content\/uploads\/2020\/09\/450px-JEAN_LOUIS_TH\u00c9ODORE_G\u00c9RICAULT_-_La_Balsa_de_la_Medusa_Museo_del_Louvre_1818-19.jpg\" alt=\"\" class=\"wp-image-682\" width=\"560\" height=\"382\" srcset=\"https:\/\/warayana.com.pe\/publicaciones\/wp-content\/uploads\/2020\/09\/450px-JEAN_LOUIS_TH\u00c9ODORE_G\u00c9RICAULT_-_La_Balsa_de_la_Medusa_Museo_del_Louvre_1818-19.jpg 450w, https:\/\/warayana.com.pe\/publicaciones\/wp-content\/uploads\/2020\/09\/450px-JEAN_LOUIS_TH\u00c9ODORE_G\u00c9RICAULT_-_La_Balsa_de_la_Medusa_Museo_del_Louvre_1818-19-300x205.jpg 300w\" sizes=\"auto, (max-width: 560px) 100vw, 560px\" \/><figcaption>Ilustraci\u00f3n 3: Pintura al \u00f3leo, \u00abLa balsa de la Medusa (Le Radeau de la M\u00e9duse)\u00bb<br>Fuente: The\u00f3dore G\u00e9ricault (1819). <\/figcaption><\/figure><\/div>\n\n\n\n<p>Joseba Achotegui, psiquiatra espa\u00f1ol acu\u00f1ador del t\u00e9rmino, denomin\u00f3 de esta manera al duelo psicol\u00f3gico que sufren las personas migrantes al abandonar su pa\u00eds de origen para pasar a vivir permanentemente en un pa\u00eds extranjero. Migrar no es algo ajeno a nosotros, es una actividad que nos ha acompa\u00f1ado desde los albores de nuestra existencia como especie humana, sin embargo, el acto de adaptarse a un nuevo contexto es complejo y esta relacionado a condiciones y estresores que trataremos m\u00e1s adelante.<\/p>\n\n\n\n<p><strong>El s\u00edndrome de Ulises no es una enfermedad por s\u00ed mismo<\/strong>, es importante resaltar que este s\u00edndrome hace referencia a la patolog\u00eda de la situaci\u00f3n en la que se encuentran las personas migrantes. J. Achotegui (2009) realiza una comparaci\u00f3n parecida a la siguiente: Si de repente la temperatura del ambiente en el que te encuentras se elevar\u00eda hasta quedarse en al menos unos 40 grados cent\u00edgrados \u00bfNo ser\u00eda lo normal experimentar cambios en nuestro cuerpo? Como mareos, calambres, incluso tal vez suscitar desmayos por descompensaci\u00f3n \u00bfNos encontramos enfermos por sufrir estos s\u00edntomas? Claro que no. Tan solo debemos salir de ese ambiente tan c\u00e1lido, para progresivamente recuperar el equilibrio corporal. Es por eso que el S\u00edndrome de Ulises deber\u00eda de trabajarse principalmente desde el \u00e1rea de prevenci\u00f3n de la salud mental m\u00e1s que como una enfermedad que necesita intervenci\u00f3n cl\u00ednica. El trabajo debe ser multidisciplinario no es una tarea exclusiva de los psic\u00f3logos, involucra tambi\u00e9n a trabajadores sociales, enfermeros, y dem\u00e1s profesionales asistenciales.<\/p>\n\n\n\n<p>El S\u00edndrome de Ulises o tambi\u00e9n llamado \u201cDuelo del migrante\u201d se puede distinguir del concepto tradicional de duelo (asociado a la muerte de alg\u00fan familiar o una perdida semejante) debido a que el duelo que experimenta la persona es: <strong>Parcial<\/strong>, el pa\u00eds de origen no desaparece, los peruanos en Brasil o en otras locaciones del mundo a\u00fan pueden entrar en contacto con nuestra patria a trav\u00e9s de expresiones culturales como la m\u00fasica, cine noticias y dem\u00e1s. Este duelo tambi\u00e9n es <strong>Recurrente<\/strong>, justamente el proceso de entrar en contacto con la patria puede reavivar consciente o inconscientemente el anhelo por querer volver. Sumado a esto es <strong>M\u00faltiple<\/strong>, ya que ninguna perdida de un ser querido provocara tantos cambios para la persona como la migraci\u00f3n. Mas a\u00fan si el destino a arribar es distante o la cultura muy diferente. <\/p>\n\n\n\n<div class=\"wp-block-image\"><figure class=\"aligncenter is-resized\"><img loading=\"lazy\" decoding=\"async\" src=\"https:\/\/warayana.com.pe\/publicaciones\/wp-content\/uploads\/2020\/09\/achotegui2.jpg\" alt=\"\" class=\"wp-image-695\" width=\"311\" height=\"380\" srcset=\"https:\/\/warayana.com.pe\/publicaciones\/wp-content\/uploads\/2020\/09\/achotegui2.jpg 300w, https:\/\/warayana.com.pe\/publicaciones\/wp-content\/uploads\/2020\/09\/achotegui2-245x300.jpg 245w\" sizes=\"auto, (max-width: 311px) 100vw, 311px\" \/><figcaption>Ilustraci\u00f3n 4: Fotograf\u00eda del Dr. Joseba Achotegui, acu\u00f1ador del termino \u00abS\u00edndrome de Ulises\u00bb<br><em>Fuente: Universidad de Barcelona <\/em><br><\/figcaption><\/figure><\/div>\n\n\n\n<p>Tambi\u00e9n\nse debe reconocer que cada persona afronta el proceso adaptativo de diferente\nmanera y que el acto de migrar como casi cualquier actividad tiene pros y\ncontras para el viajero. Es por eso que el autor anteriormente nombrado, J.\nAchotegui, distingue los distintos tipos de duelo migratorio de las siguientes\nmaneras: <\/p>\n\n\n\n<ul class=\"wp-block-list\"><li><strong>Simple<\/strong>, en el que el proceso adaptativo se da en condiciones favorables, la persona cuenta con los recursos monetarios y personales (capacidad de resiliencia, contar con redes de apoyo, conocimiento del idioma, entre otros) suficientes para desenvolverse en el nuevo pa\u00eds, por ende, su adaptaci\u00f3n es sencilla de llevar. <\/li><li><strong>Complicado<\/strong>, el migrante encuentra un problema o dos que entorpecen su proceso adaptativo pudiendo ser: La barrera del idioma, el desconocimiento del idioma nativo dificulta enormemente un natural desenvolvimiento. Tambi\u00e9n podr\u00eda ser que el individuo extra\u00f1\u00e9 en demas\u00eda a los familiares y amigos que ha dejado atr\u00e1s, as\u00ed como a su tierra natal y todas sus expresiones culturales (m\u00fasica, comida, las ceremonias tradicionales, etc.) Aunque estos problemas pueden provocar episodios de congoja o alg\u00fan otro problema de somatizaci\u00f3n (convertir un malestar psicol\u00f3gico en un s\u00edntoma f\u00edsico), estos por si solos no imposibilitan el proceso adaptativo, tan solo lo complican.<strong>&nbsp; <\/strong><\/li><li><strong>Extremo, <\/strong>se da cuando la persona es v\u00edctima de ataques racistas en el nuevo pa\u00eds en el que radica, es posible que el sujeto no cuente con recursos monetarios por lo que ahora tenga que vivir como un refugiado o deba desempe\u00f1ar trabajos muy arriesgados para solventarse, en suma, todos aquellos estresores que no solo ponen en riesgo el proceso adaptativo, sino que tambi\u00e9n exponen la salud o la vida del migrante (en los casos m\u00e1s extremos). Hablamos de pacientes en situaciones excepcionales que requieren atenci\u00f3n profesional.<\/li><\/ul>\n\n\n\n<div class=\"wp-block-image\"><figure class=\"aligncenter\"><img loading=\"lazy\" decoding=\"async\" width=\"659\" height=\"415\" src=\"https:\/\/warayana.com.pe\/publicaciones\/wp-content\/uploads\/2020\/09\/9999.jpg\" alt=\"\" class=\"wp-image-694\" srcset=\"https:\/\/warayana.com.pe\/publicaciones\/wp-content\/uploads\/2020\/09\/9999.jpg 659w, https:\/\/warayana.com.pe\/publicaciones\/wp-content\/uploads\/2020\/09\/9999-300x189.jpg 300w\" sizes=\"auto, (max-width: 659px) 100vw, 659px\" \/><figcaption>Ilustraci\u00f3n 5: Fotograf\u00eda de uno de los carteles de la manifestaci\u00f3n.<br><em>Fuente: P\u00e1gina Web Convoca.pe (2020).<\/em><\/figcaption><\/figure><\/div>\n\n\n\n<p><strong>1. Los Estresores de la Migraci\u00f3n<\/strong><\/p>\n\n\n\n<p>Achoategui (2009) el ya antes mencionado autor. Habla de estresores presentes en los 7 duelos producidos por la migraci\u00f3n. El termino estresor hace referencia a las circunstancias que afectan a las personas despu\u00e9s de emigrar. Las dificultades que ha afrontado en su nuevo espacio vital, y son: <\/p>\n\n\n\n<p><strong>1.1 Familia y Amigos:<\/strong> El m\u00e1s notorio, la ausencia de los seres queridos produce episodios de congoja dentro de la persona, incluso la comunicaci\u00f3n por medios y\/o redes sociales, no hacen sino avivar la melancol\u00eda del viajero. Sentimiento que no es exclusivo de las personas que viajan. Las personas que se han dejado atr\u00e1s en este proceso tambi\u00e9n desarrollan sentimientos frente al ahora ausente miembro familiar o amical. <\/p>\n\n\n\n<p><strong>1.2 Lengua:<\/strong> El idioma es un aspecto importante a tomar en cuenta, el desconocimiento parcial o total de la lengua del pa\u00eds es causa de incontables problemas para un viajero. En el caso presentado al comienzo de este articulo por ejemplo, pese a que el espa\u00f1ol y portugu\u00e9s desciendan del lat\u00edn antiguo, son idiomas que obedecen a reglas de gram\u00e1tica y pronunciaci\u00f3n totalmente diferentes. Sin tener que ir m\u00e1s lejos, nosotros mismos somos testigos de que una mala pronunciaci\u00f3n, el uso de muletillas o el denominado \u201cmote\u201d puede ser causa de burla, rechazo o discriminaci\u00f3n a la persona, entorpeciendo el proceso de adaptaci\u00f3n del individuo. <\/p>\n\n\n\n<figure class=\"wp-block-image\"><img loading=\"lazy\" decoding=\"async\" width=\"648\" height=\"480\" src=\"https:\/\/warayana.com.pe\/publicaciones\/wp-content\/uploads\/2020\/09\/La-utopia-del-lenguaje-universal.jpg\" alt=\"\" class=\"wp-image-698\" srcset=\"https:\/\/warayana.com.pe\/publicaciones\/wp-content\/uploads\/2020\/09\/La-utopia-del-lenguaje-universal.jpg 648w, https:\/\/warayana.com.pe\/publicaciones\/wp-content\/uploads\/2020\/09\/La-utopia-del-lenguaje-universal-300x222.jpg 300w\" sizes=\"auto, (max-width: 648px) 100vw, 648px\" \/><figcaption>Ilustraci\u00f3n 6; Pintura al \u00f3leo, \u00abLa Utop\u00eda del Lenguaje Universal\u00bb<br><em>Fuente: Vassily Kandinsky (1913).<\/em><br><\/figcaption><\/figure>\n\n\n\n<p><strong>1.3 Cultura:<\/strong> Las costumbres, maneras y expresiones de una sociedad la distinguen del resto. Incluso dentro de comunidades aleda\u00f1as existen peque\u00f1as diferencias, se dice que cada persona es diferente, por lo que no es ut\u00f3pico pensar que su sociedad tambi\u00e9n lo sea. Elev\u00e1ndose estas distinciones aun mas en las escalas de pa\u00edses y sus denotaciones culturales: La samba tropical brasile\u00f1a dista bastante de la melancol\u00eda de un huayno peruano, la dulzura de una Caipirinha de la tozudez de un Pisco norte\u00f1o, podr\u00edan establecerse comparaciones as\u00ed en cada aspecto peque\u00f1o de cultura que, aunque puedan parecer min\u00fasculos, un migrante es capaz de resentirlos consciente o inconscientemente. <\/p>\n\n\n\n<p><strong>1.4 Estatus Social:<\/strong> O tambi\u00e9n conocido como la percepci\u00f3n que la sociedad tiene de la persona. Es muy diferente el trato que recibe un migrante legal de uno ilegal. Y este puede resentir la p\u00e9rdida del estatus que pose\u00eda en su pa\u00eds de origen frente al que recibe ahora, lo que agravar\u00eda el duelo en la persona. Es importante considerar el dinero como un factor determinante en este apartado, los recursos monetarios facilitan el ingreso y costear la vivencia de una persona en cualquier pa\u00eds. Y su ausencia, dificultar\u00eda enormemente el proceso adaptativo, como bien resume el dicho popular: \u201cEl pobre es extranjero hasta en su propia tierra\u201d.  <\/p>\n\n\n\n<p><strong>1.5 Grupo \u00c9tnico:<\/strong> Todas las creencias err\u00f3neas a las que puede verse expuesta la persona migrante debido a su lugar de origen, pertenecer a un determinado grupo \u00e9tnico o causas parecidas. El migrante incluso puede llegar a ser v\u00edctima de ataques que atenten contra su vida debido a la xenofobia presente en el nuevo lugar que ahora reside. Es algo desconcertante tener que hablar de racismo en pleno 2020. pero noticias como la de George Floyd en mayo del presente a\u00f1o, no hacen sino demostrar como las personas estamos tendientes a la segregaci\u00f3n con nuestros semejantes. Ojala y pueda llegar el d\u00eda en el que los seres podamos aprender el sencillo arte de vivir como hermanos, idea que tan bien expres\u00f3 Martin Luther King (1963). <\/p>\n\n\n\n<figure class=\"wp-block-image\"><img loading=\"lazy\" decoding=\"async\" width=\"667\" height=\"386\" src=\"https:\/\/warayana.com.pe\/publicaciones\/wp-content\/uploads\/2020\/09\/mujer-observa-pintura-George-Floyd_16228857.jpg\" alt=\"\" class=\"wp-image-699\" srcset=\"https:\/\/warayana.com.pe\/publicaciones\/wp-content\/uploads\/2020\/09\/mujer-observa-pintura-George-Floyd_16228857.jpg 667w, https:\/\/warayana.com.pe\/publicaciones\/wp-content\/uploads\/2020\/09\/mujer-observa-pintura-George-Floyd_16228857-300x174.jpg 300w\" sizes=\"auto, (max-width: 667px) 100vw, 667px\" \/><figcaption>Ilustraci\u00f3n 7: Fotograf\u00eda de una mujer mirando una pintura de George Floyd en una pared.<br>Fuente: AFP, TVN noticias. (2020).<br><\/figcaption><\/figure>\n\n\n\n<p><strong>1.6 Integridad F\u00edsica:<\/strong> Involucra el posible miedo recurrente de la persona a ser detenido y las represalias que puede sufrir por su calidad de indocumentado, el individuo tambi\u00e9n es proclive a trabajar en actividades demasiado riesgosas que requieren que exponga su salud, o el tener su domicilio en barrios o lugares con altos \u00edndices de delincuencia, como los j\u00f3venes peruanos en Rio de Janeiro que residen en favelas como Vidigal o \u201cfavela cool\u201d, lugar conocido por albergar estudiantes que no pueden costear una residencia en otros espacios m\u00e1s seguros. En esta favela el mayor peligro al que se exponen los habitantes no es a ser v\u00edctima de un robo, ya que los capos brasile\u00f1os tienen prohibida esta actividad dentro sus territorios porque ahuyenta a los turistas interesados en consumir sus sustancias narc\u00f3ticas, en cambio el mayor peligro all\u00e1 es morir por una bala perdida en una trifulca entre bandas rivales que se disputan el territorio o por enfrentamientos entre los narcotraficantes y la polic\u00eda.<\/p>\n\n\n\n<p>Y claro en estas \u00e9pocas en los que escuchar cifras de contagios y decesos son el pan de cada d\u00eda, y que el permanecer en casa es un privilegio destinado para algunos. Los migrantes en Brasil, lugar que actualmente ya ha superado los 132 mil muertos y m\u00e1s de 4 millones de contagios (Rpp.pe, 2020.), seguramente han de estar viviendo con la preocupaci\u00f3n constante de que posiblemente ellos puedan ser parte de alguna de esas estad\u00edsticas. <\/p>\n\n\n\n<p><strong>1.7 Tierra<\/strong>: Tal vez el estresor que m\u00e1s dif\u00edcil sea de entender. Pong\u00e1moslo de esta manera. Un habitante de la regi\u00f3n Puna de los Andes Peruanos occidentales, m\u00e1s de 4000 msnm, seguramente encontrara dif\u00edcil poder acostumbrarse, al menos durante los primeros d\u00edas, al ambiente tropical, c\u00e1lido y h\u00famedo que predomina en Brasil.  Y no solamente el clima, incluso las tonalidades verdes propias de la flora brasile\u00f1a le resultaran ajenas frente a sus acostumbrados paisajes llenos de festuca y pajonales andinos, y las especies de animales ex\u00f3ticos del tr\u00f3pico brasile\u00f1o distaran de los cam\u00e9lidos sudamericanos propios de su regi\u00f3n.  <\/p>\n\n\n\n<p>Hemos escrito remarcando las diferencias entre Per\u00fa y Brasil en aspectos que Joseba Achoategui considera relevantes en el estudio del S\u00edndrome de Ulises, solo con la intensi\u00f3n de relacionar el articulo con el caso presentado al principio, no porque sea un caso exclusivo entre migrantes peruanos de Brasil. Ya que de esta misma manera se puede llegar a hacer un an\u00e1lisis y establecer las mismas comparativas con los migrantes de cualquier nacionalidad en un pa\u00eds ajeno al suyo. <\/p>\n\n\n\n<p>Para finalizar este articulo quisiera terminar parafraseando una reflexi\u00f3n del autor antes mencionado sobre los migrantes: \u201cSi para sobrevivir se ha de ser nadie, se ha de ser permanentemente invisible, no habr\u00e1 identidad, ni autoestima, ni integraci\u00f3n social y as\u00ed tampoco puede haber salud mental.\u201d (Joseba, A., 2009, p.9) La pongo textualmente ya que no creo poder expresar mejor la importancia y esencia de este tema, definitivamente J. Achoategui es una eminencia en el tema y los exhorto a leer alguno de sus trabajos que se pueden encontrar en l\u00ednea. <\/p>\n\n\n\n<div class=\"wp-block-image\"><figure class=\"aligncenter is-resized\"><img loading=\"lazy\" decoding=\"async\" src=\"https:\/\/warayana.com.pe\/publicaciones\/wp-content\/uploads\/2020\/09\/365047707_d31f3e6022_b-768x1024.jpg\" alt=\"\" class=\"wp-image-700\" width=\"419\" height=\"559\" srcset=\"https:\/\/warayana.com.pe\/publicaciones\/wp-content\/uploads\/2020\/09\/365047707_d31f3e6022_b.jpg 768w, https:\/\/warayana.com.pe\/publicaciones\/wp-content\/uploads\/2020\/09\/365047707_d31f3e6022_b-225x300.jpg 225w\" sizes=\"auto, (max-width: 419px) 100vw, 419px\" \/><figcaption>Ilustraci\u00f3n 8: Busto de Ulises en el Museo Baticano.<br>Fuente: P\u00e1gina Web Flickr (2006).<\/figcaption><\/figure><\/div>\n\n\n\n<p>No es mi intenci\u00f3n dar a entender que todos los 160 pasajeros de ese vuelo, ni los otros 15 mil peruanos que regresaron de pa\u00edses extranjeros han sufrido un episodio de este S\u00edndrome lo suficientemente fuerte que los haya obligado a retornar al Per\u00fa, ya que seguramente sin esta pandemia, estas personas seguir\u00edan viviendo en el extranjero desempe\u00f1\u00e1ndose como estudiantes o trabajadores viviendo el d\u00eda a d\u00eda como cualquier persona de bien en este vasto mundo. <\/p>\n\n\n\n<p>No obstante, tambi\u00e9n es posible afirmar que casi la entera totalidad de estos y todos los migrantes, han experimentado en mayor o menor medida los estresores y los duelos explicados anteriormente. Y tal vez, haya algunos que sufrieron la misma congoja que Odiseo, quien sentado en una roca y mientras contemplaba el infinito mar lloraba ante la imposibilidad de regresar a su amada \u00cdtaca. Ahora usted sabe que no es solamente fantas\u00eda escrita por Homero, es algo que nos concierne como ciencia. Se trata del duelo de los migrantes, se trata del S\u00edndrome de Ulises. &nbsp;&nbsp;&nbsp; <\/p>\n\n\n\n<p><strong>Referencias: <\/strong><\/p>\n\n\n\n<p>Achotegui, J. (2009). Migraci\u00f3n y salud mental. El s\u00edndrome del inmigrante con estr\u00e9s cr\u00f3nico m\u00faltiple (s\u00edndrome de Ulises). Recuperado de: https:\/\/dialnet.unirioja.es\/servlet\/articulo?codigo=3119470 <\/p>\n\n\n\n<p>Aparences. (2019). La Odisea contada por los pintores.\nRecuperado de: <a href=\"https:\/\/www.aparences.net\/es\/tematicos\/mitologia-y-pintura\/la-odisea-contada-por-los-pintores\/\">https:\/\/www.aparences.net\/es\/tematicos\/mitologia-y-pintura\/la-odisea-contada-por-los-pintores\/<\/a><\/p>\n\n\n\n<p>Convoca.pe (2020. Coronavirus: Autoridades peruanas\nllegan a acuerdo con aerol\u00edneas para repatriar peruanos en Brasil. Lima, Per\u00fa.\nConvoca.pe. Recuperado de: <a href=\"https:\/\/convoca.pe\/agenda-propia\/coronavirus-autoridades-peruanas-llegan-acuerdo-con-aerolineas-para-repatriar\">https:\/\/convoca.pe\/agenda-propia\/coronavirus-autoridades-peruanas-llegan-acuerdo-con-aerolineas-para-repatriar<\/a> <\/p>\n\n\n\n<p>Manco, A. &amp; P\u00e9rez, L. (2020). Peruanos varados en el\nexterior: Informaci\u00f3n \u00fatil y gu\u00eda para facilitar el retorno. Lima, Per\u00fa:\nConvoca.pe. Recuperado de: <a href=\"https:\/\/convoca.pe\/agenda-propia\/peruanos-varados-en-el-exterior-informacion-util-y-guia-para-facilitar-el-retorno\">https:\/\/convoca.pe\/agenda-propia\/peruanos-varados-en-el-exterior-informacion-util-y-guia-para-facilitar-el-retorno<\/a><\/p>\n\n\n\n<p>Manco,\nA. &amp; Salazar, M. (2020). La odisea de 160 peruanos por retornar desde\nBrasil antes del cierre de fronteras por la pandemia del Covid-19. Lima, Per\u00fa:\nComnvoca.pe. Recuperado de: <a href=\"https:\/\/convoca.pe\/agenda-propia\/la-odisea-de-160-peruanos-por-retornar-desde-brasil-antes-del-cierre-de-fronteras-por\">https:\/\/convoca.pe\/agenda-propia\/la-odisea-de-160-peruanos-por-retornar-desde-brasil-antes-del-cierre-de-fronteras-por<\/a><\/p>\n\n\n\n<p>Marxist\nInternet Archive. (2006). \u201cTengo un sue\u00f1o\u201d. Discurso en Washington D.C. Recuperado\nde: <a href=\"https:\/\/www.marxists.org\/espanol\/king\/1963\/agosto28.htm\">https:\/\/www.marxists.org\/espanol\/king\/1963\/agosto28.htm<\/a> <\/p>\n\n\n\n<p>Rpp.pe\n(2020). Brasil supera los 4,3\nmillones de contagios y 131 000 muertes por COVID-19. Lima, Per\u00fa: Rpp.Noticias.\nRecuperado de: <a href=\"https:\/\/rpp.pe\/mundo\/latinoamerica\/coronavirus-brasil-supera-los-43-millones-de-contagios-y-131-000-muertes-por-covid-19-noticia-1292195\">https:\/\/rpp.pe\/mundo\/latinoamerica\/coronavirus-brasil-supera-los-43-millones-de-contagios-y-131-000-muertes-por-covid-19-noticia-1292195<\/a>&nbsp; <\/p>\n\n\n\n<p><strong>Im\u00e1genes:<\/strong><\/p>\n\n\n\n<p>AFP. (2020). Una mujer observa una pintura de George Floyd sobre una pared. Revista TVN Noticias. Recuperado de: <a href=\"https:\/\/www.tvn-2.com\/mundo\/revista-Nature-huelga-cientificos-racismo_0_5598940053.html\">https:\/\/www.tvn-2.com\/mundo\/revista-Nature-huelga-cientificos-racismo<\/a><\/p>\n\n\n\n<p><a href=\"https:\/\/www.tvn-2.com\/mundo\/revista-Nature-huelga-cientificos-racismo_0_5598940053.html\">_0_5598940053.html<\/a> &nbsp;<\/p>\n\n\n\n<p>Convoca.pe. (2020). Fotograf\u00eda de un cartel de manifestaci\u00f3n. Recuperado de: <a href=\"https:\/\/convoca.pe\/agenda-propia\/la-odisea-de-160-peruanos-por-retornar-desde-brasil-antes-del-cierre-de-fronteras-por\">https:\/\/convoca.pe\/agenda-propia\/la-odisea-de-160-peruanos-por-retornar-desde-brasil-antes-del-cierre-de-fronteras-por<\/a><\/p>\n\n\n\n<p>Flickr. (2006). Busto de Ulises en el Museo Vaticano. Recuperado de: <a href=\"https:\/\/www.flickr.com\/photos\/36363991@N00\/365047707\">https:\/\/www.flickr.com\/photos\/36363991@N00\/365047707<\/a> <\/p>\n\n\n\n<p>Kandinsky, V. (1913). La Utop\u00eda del Lenguaje Universal. [\u00f3leo sobre tela]. Recuperado de: <a href=\"https:\/\/es.m.wikipedia.org\/wiki\/Archivo:Vassily_Kandinsky,_1913_-_Composition_7.jpg\">https:\/\/es.m.wikipedia.org\/wiki\/Archivo:Vassily_Kandinsky,_1913_-_Composition_7.jpg<\/a> <\/p>\n\n\n\n<p>Th\u00e9odore, G. (1819). La balsa de la Medusa (Le Radeau de la M\u00e9duse). [Pintura al \u00f3leo]. Recuperado de: <a href=\"https:\/\/es.wikipedia.org\/wiki\/La_balsa_de_la_Medusa\">https:\/\/es.wikipedia.org\/wiki\/La_balsa_de_la_Medusa<\/a>&nbsp; <\/p>\n\n\n\n<p>Universidad de Barcelona. (s.f.). Fotograf\u00eda de Prof. Joseba Achotegui. Recuperado de: <a href=\"http:\/\/www.ub.edu\/personal\/docencia\/profes99_2000\/achoteguij.htm\">http:\/\/www.ub.edu\/personal\/docencia\/profes99_2000\/achoteguij.htm<\/a><\/p>\n\n\n\n<p>Valdivia\nS. (2020). Fotograf\u00eda del Aeropuerto Internacional de Rio de Janeiro.\nRecuperado de: <a href=\"https:\/\/twitter.com\/valsi_silvia\/status\/1239622228104359937\">https:\/\/twitter.com\/valsi_silvia\/status\/1239622228104359937<\/a> <\/p>\n\n\n\n<p>Valdivia\nS. (2020). Fotograf\u00eda de Silvia Valdivia. Recuperado de: <a href=\"https:\/\/twitter.com\/valsi_silvia\/status\/1239633274395385856\/photo\/1\">https:\/\/twitter.com\/valsi_silvia\/status\/1239633274395385856\/photo\/1<\/a><\/p>\n\n\n\n<p><\/p>\n\n\n\n<p><\/p>\n","protected":false},"excerpt":{"rendered":"<p>Brasil 16 de marzo del presente 2020, un solo un d\u00eda despu\u00e9s de que nuestro presidente diera por iniciada la medida de \u201caislamiento social obligatorio\u201d o tambi\u00e9n conocido por el popular termino de \u201cla cuarentena\u201d: Un peruano, como cualquiera de nosotros, llamado Gerardo Jes\u00fas Salgado se enter\u00f3 que su vuelo de regreso hab\u00eda sido cancelado [&hellip;]<\/p>\n","protected":false},"author":15,"featured_media":677,"comment_status":"open","ping_status":"open","sticky":false,"template":"","format":"standard","meta":{"footnotes":""},"categories":[7],"tags":[33,35,37,36,34],"class_list":["post-668","post","type-post","status-publish","format-standard","has-post-thumbnail","hentry","category-psicologiaycoronavirus","tag-coronavirus","tag-duelo-del-migrante","tag-estresores-de-la-migracion","tag-psicologia-social","tag-sindrome-de-ulises"],"_links":{"self":[{"href":"https:\/\/warayana.com.pe\/publicaciones\/wp-json\/wp\/v2\/posts\/668","targetHints":{"allow":["GET"]}}],"collection":[{"href":"https:\/\/warayana.com.pe\/publicaciones\/wp-json\/wp\/v2\/posts"}],"about":[{"href":"https:\/\/warayana.com.pe\/publicaciones\/wp-json\/wp\/v2\/types\/post"}],"author":[{"embeddable":true,"href":"https:\/\/warayana.com.pe\/publicaciones\/wp-json\/wp\/v2\/users\/15"}],"replies":[{"embeddable":true,"href":"https:\/\/warayana.com.pe\/publicaciones\/wp-json\/wp\/v2\/comments?post=668"}],"version-history":[{"count":26,"href":"https:\/\/warayana.com.pe\/publicaciones\/wp-json\/wp\/v2\/posts\/668\/revisions"}],"predecessor-version":[{"id":5267,"href":"https:\/\/warayana.com.pe\/publicaciones\/wp-json\/wp\/v2\/posts\/668\/revisions\/5267"}],"wp:featuredmedia":[{"embeddable":true,"href":"https:\/\/warayana.com.pe\/publicaciones\/wp-json\/wp\/v2\/media\/677"}],"wp:attachment":[{"href":"https:\/\/warayana.com.pe\/publicaciones\/wp-json\/wp\/v2\/media?parent=668"}],"wp:term":[{"taxonomy":"category","embeddable":true,"href":"https:\/\/warayana.com.pe\/publicaciones\/wp-json\/wp\/v2\/categories?post=668"},{"taxonomy":"post_tag","embeddable":true,"href":"https:\/\/warayana.com.pe\/publicaciones\/wp-json\/wp\/v2\/tags?post=668"}],"curies":[{"name":"wp","href":"https:\/\/api.w.org\/{rel}","templated":true}]}}