{"id":5949,"date":"2022-05-02T20:43:27","date_gmt":"2022-05-02T18:43:27","guid":{"rendered":"https:\/\/warayana.com.pe\/publicaciones\/?p=5949"},"modified":"2022-06-18T18:02:05","modified_gmt":"2022-06-18T16:02:05","slug":"el-poder-de-la-vulnerabilidad","status":"publish","type":"post","link":"https:\/\/warayana.com.pe\/publicaciones\/2022\/05\/02\/el-poder-de-la-vulnerabilidad\/","title":{"rendered":"El poder de la vulnerabilidad"},"content":{"rendered":"\n<p class=\"has-text-align-right\"><strong><em>Escrito en conmemoraci\u00f3n del 30 de abril, d\u00eda del psic\u00f3logo peruano<\/em><\/strong><\/p>\n\n\n\n<p class=\"has-text-align-center\"><strong><em>Palabras clave:<\/em><\/strong> TLP\/DRE, Terapia Dial\u00e9ctica<strong> <\/strong>Conductual, vulnerabilidad, experiencia.&nbsp;<\/p>\n\n\n\n<p>A ra\u00edz de que ya fueron pasando los a\u00f1os se me hizo m\u00e1s sencillo hablar respecto a mi diagn\u00f3stico, aunque no lo crean ya han pasado siete a\u00f1os y por m\u00e1s que parezca que ya sea bastante, siento que a\u00fan me causa un poco de nerviosismo. Es como subirse a un escenario y realizar la mejor <strong><em>performance<\/em><\/strong> de toda mi vida o al menos, de lo que va\u2026&nbsp;<\/p>\n\n\n\n<p>Supongo que a todos nos gusta tener el control de todo o la mayor\u00eda de los factores dentro de las circunstancias <strong><em>habitualmente<\/em><\/strong>.<\/p>\n\n\n\n<p>Yo como paciente <strong><em>TLP o DRE<\/em><\/strong>&nbsp; no lo tengo y tal vez sea porque no he desarrollado las facultades o capacidades que muchas otras personas como t\u00fa (estimado lector\/a) posiblemente poseas. Sin embargo, la experiencia de <strong><em>ser<\/em><\/strong><em> <\/em><strong><em>diferente<\/em><\/strong> no tiene pierde.<\/p>\n\n\n\n<p>A lo que quiero llegar es que, todos hemos pasado por ese t\u00fanel oscuro que es la vulnerabilidad, pero que muchas veces consideramos qu\u00e9 no existe una luz al final de este mismo. Hoy (y siempre que se pueda) solo quiero decirte que es todo lo contrario\u2026<\/p>\n\n\n\n<p>A lo largo del camino incendiario, hemos dejado pasar un concepto que tal vez hab\u00eda quedado desapercibido durante todo este tiempo y que les puede suceder de igual modo a muchos pacientes, que es justamente el validar.&nbsp;<\/p>\n\n\n\n<div class=\"wp-block-image\"><figure class=\"aligncenter is-resized\"><img loading=\"lazy\" decoding=\"async\" src=\"https:\/\/lh5.googleusercontent.com\/Jomsy38p6uq5Lrzwz4d3ya25zk8UYInZjfl4x39FcbSqCJ6szFAWL3KXh26A3RavlzXYLdlPqr4H4SMvEG64qwLxllKbwnMo199G--vh9_aUsXqGIGyTQV-QMQUtugR4T_2h9RAY1fXBmhA4dhrE9dz7p8s9\" alt=\"\" width=\"360\" height=\"202\"\/><\/figure><\/div>\n\n\n\n<p class=\"has-text-align-center\"><strong><em>&nbsp;Primero aprende a Validar&nbsp;<\/em><\/strong><\/p>\n\n\n\n<p><strong><em>Pero, \u00bfqu\u00e9 es validar?<\/em><\/strong><\/p>\n\n\n\n<p>Validar desde el aspecto coloquial es el aceptar\/permitir. Sin embargo, en la pr\u00e1ctica que realiz\u00f3 en DBT (Dialectic Behavior Therapy\/ Terapia Dial\u00e9ctica Conductual). Podemos aborda el t\u00e9rmino de la siguiente manera:<\/p>\n\n\n\n<p><strong><em>\u00abtener presente el conocimiento de ciertas conductas o comportamientos que est\u00e1n ah\u00ed presentes, que tienen una causa y que se busca entender dicho origen&#8230;\u00bb&nbsp;<\/em><\/strong><\/p>\n\n\n\n<p>Y es justamente, el no validar lo que nos hace vulnerables, por nosotros mismos.<\/p>\n\n\n\n<p>El dolor que sentimos, al no tener quiz\u00e1s las capacidades como para poder afrontar dicha situaci\u00f3n adversa o eventos que se puedan considerar desafortunados a lo largo de nuestra vida. Somos los primeros tal vez en no saber c\u00f3mo definir ciertas situaciones <strong><em>(etiquetar), <\/em><\/strong>conductas y que a su vez el momento de pedirle al contexto desde un inicio <strong><em>(en nuestros a\u00f1os tiernos de vida)<\/em><\/strong> que nos puede ense\u00f1ar qu\u00e9 es esto y el temor aparece en el ambiente, ocasiona la invalidaci\u00f3n, m\u00e1s frustraci\u00f3n; por ende sufrimiento, la vulnerabilidad misma.<\/p>\n\n\n\n<p>Porque nadie va por la vida diciendo: \u00abyo pienso mal\u00bb, \u00abyo siento mal\u00bb. Pues incluso en <strong><em>ciertas conductas<\/em><\/strong> (que suelen ser disfuncionales) para algunos otros o no aceptadas, <strong><em>existe verdad.<\/em><\/strong> Verdad que no puede ser negada, ni mucho menos invalidada.&nbsp;<\/p>\n\n\n\n<div class=\"wp-block-image\"><figure class=\"aligncenter is-resized\"><img loading=\"lazy\" decoding=\"async\" src=\"https:\/\/lh6.googleusercontent.com\/gUXeQDJINpxMzCTRu0V84Hc8SwaFf2TYd_WiB56YcSShG01cVqxY_RcPZH5ZULFodD4z-oQa4hTY_w43pN4RmOH-xe30IEA5-CTEaucRrFaU6a6s64_owRe7cTZypq-KnsA3dMr6Q-ILb0ae4Oi1W4wLrnoN\" alt=\"\" width=\"349\" height=\"209\"\/><\/figure><\/div>\n\n\n\n<p class=\"has-text-align-center\"><strong><em>Aproximaci\u00f3n al otro<\/em><\/strong><\/p>\n\n\n\n<p>El problema radica en <strong><em>no entender la experiencia privada del otro<\/em><\/strong> y esto se da en lo m\u00e1s \u00edntimo del c\u00edrculo (sociedad): en la familia.&nbsp;<\/p>\n\n\n\n<p>Ocurre que en el modelado de la b\u00fasqueda de una crianza adecuada se puede caer en ciertos errores de estrategias, cuidados\u2026 Al no conseguir los resultados que se esperaban y que, como normalmente se ha visto en nuestra cultura, sigue un castigo que resulta justamente insuficiente frente al modelado inicial ante las instrucciones dadas.<\/p>\n\n\n\n<ul class=\"wp-block-list\"><li>Esto no solamente explicar\u00eda la cacer\u00eda de brujas que se puede ocasionar en la&nbsp; b\u00fasqueda <strong><em>del cambio<\/em><\/strong>, sino en las habilidades de nuestros pacientes para lograr el \u00e9xito.&nbsp;<\/li><\/ul>\n\n\n\n<p>Pero resulta, en la mayor\u00eda de veces, tedioso. Tendr\u00edamos que evaluar la <em>mismidad<\/em> (condici\u00f3n de ser uno mismo) y adem\u00e1s la individualidad de la persona. Comprender que no todas las estrategias son buenas para todos y que no todas las habilidades son las mismas en todos los pacientes.&nbsp;<\/p>\n\n\n\n<p>Recuerdo much\u00edsimo la imagen de un pez qu\u00e9 est\u00e1 pl\u00e1cidamente en su pecera pero que si le preguntas si puede volar te dir\u00e1 que es incapaz; incluso se podr\u00eda presentar otros cuestionamientos. Como el no ser lo suficientemente apto para hacerlo, por consiguiente, surge la sombra de la <strong><em>desconfianza.&nbsp;<\/em><\/strong><\/p>\n\n\n\n<p>En ocasiones me sent\u00eda ese pez, nadando a contracorriente frente a mi falta de destreza y armon\u00eda con las matem\u00e1ticas y la F\u00edsica, llegaba el castigo y sufr\u00eda. Solo cuesti\u00f3nenlo\u2026 \u00bfalguna vez les ha pasado?<\/p>\n\n\n\n<p>A veces, pedimos m\u00e1s de lo que nos pueden dar los dem\u00e1s, cuando lo que ya nos proporcionan y poseen es sumamente valioso y no sabemos reconocerlo. Y al fallar, ocurre el antes mencionado <strong><em>castigo<\/em><\/strong> <strong><em>sistem\u00e1tico. <\/em><\/strong>Los intentos de pedir ayuda se vuelven nulos y aparece lo que es <strong><em>la desesperanza<\/em><\/strong>.<\/p>\n\n\n\n<div class=\"wp-block-image\"><figure class=\"aligncenter is-resized\"><img loading=\"lazy\" decoding=\"async\" src=\"https:\/\/lh5.googleusercontent.com\/mIhO6sWPszr6Z6CRNUYZzBngpG6SX0idctWD_lORNkrpIwQ1IiQEcnjqkOlrtPgof1z2LC8Os0YWMxIrgJLTO7JsWu4xC8joptb_cl-qqR7lvx7NUGZLyAseHulVv9v31Q-m6JZCLsKDt0SBDt_q2AZJtC9o\" alt=\"\" width=\"350\" height=\"377\"\/><\/figure><\/div>\n\n\n\n<p>Esto solamente ser\u00eda el preludio para una muerte anunciada o m\u00e1s bien, de un manejo de contingencias anunciado:&nbsp;<\/p>\n\n\n\n<ul class=\"wp-block-list\"><li>Que ser\u00edan las expresiones llamativas, lo que ocasiona un cambio en el contexto.<\/li><\/ul>\n\n\n\n<p>En mi experiencia, recuerdo no solo el confiar mis secretos a los personajes de entra\u00f1ables libros, o poemas que sol\u00eda escribir desde muy peque\u00f1a, sino a la soledad o aquellas conductas que no se ven <strong><em>pol\u00edticamente correctas<\/em><\/strong>, las cuales ser\u00edan aquellos medios desesperados para pedir ayuda cuando ya todo est\u00e1 consumado <strong><em>(invalidado)<\/em><\/strong>&nbsp; al menos es lo que se genera y se conoce como <strong><em>self-harm <\/em><\/strong>(da\u00f1o a uno mismo)<strong><em>, <\/em><\/strong>solo por mencionar una de estas.&nbsp;<\/p>\n\n\n\n<div class=\"wp-block-image\"><figure class=\"aligncenter is-resized\"><img loading=\"lazy\" decoding=\"async\" src=\"https:\/\/lh5.googleusercontent.com\/7fsp0DhrOc-vrtjXBGS-DNwAnqI-a_V4zxtKEqRA2ag4DQQehQcRZMOV8hXvHv6EKbf1-suPWz-3hM73h7uZ_p7jFCcvmUOe8iQY9CvwvqotlyuLGouUOFZOQAfKLv7BuDPXLdcX6cj47T1cOAiKwftUmFAq\" alt=\"\" width=\"323\" height=\"395\"\/><\/figure><\/div>\n\n\n\n<p class=\"has-text-align-center\"><strong><em>Todo en consecuencia de conductas invalidantes.&nbsp;<\/em><\/strong><\/p>\n\n\n\n<p>Es cuando se minimiza la dificultad al mostrarnos vulnerables ante esta experiencia, y no se le da la oportunidad al individuo a tolerar el malestar de forma gradual y lenta, antes de ser resuelto.&nbsp;<\/p>\n\n\n\n<p class=\"has-text-align-center\"><strong><em>Es tenerle temor y miedo a la experiencia reveladora del sufrimiento.&nbsp;<\/em><\/strong><\/p>\n\n\n\n<p>No es una oda a los eventos desafortunados, sino es la hermosura que nos puede proporcionar la adversidad. La&nbsp; sociedad nos vende un <strong><em>happy ending<\/em><\/strong> cuando esto, muchas veces no nos pasa. Solo eso ocasiona una frustraci\u00f3n tal, que causa el nacimiento descarnado de <strong><em>conductas extremas <\/em><\/strong>para provocar una respuesta de nuestra atm\u00f3sfera ya doliente.&nbsp;<\/p>\n\n\n\n<p>Una comunicaci\u00f3n err\u00e1tica del:<strong><em> \u00absonr\u00ede o muere\u00bb <\/em><\/strong>y no cuestionamos qu\u00e9 nuevo nos puede traer la vulnerabilidad, la experiencia de darle un nombre a lo que nos hiere, darle una antesala al <strong><em>encuentro.<\/em><\/strong><\/p>\n\n\n\n<p class=\"has-text-align-center\"><strong><em>Jam\u00e1s seremos capaces del cambio, sin validar.&nbsp;<\/em><\/strong><\/p>\n\n\n\n<p>En alg\u00fan momento todos nos vestimos de verdugo de nosotros mismos <strong><em>(y tal vez, de otros)<\/em><\/strong> y decimos: \u00bfrealmente no s\u00e9 si importa lo que yo creo? Y el depender; el estar solo; el que no puedo; el que siento de manera inadecuada; que actu\u00f3 mal, es una constante\u2026<\/p>\n\n\n\n<p class=\"has-text-align-center\"><strong><em>Ser vulnerable es mostrarse desnudo, en pensamiento, palabra, cuerpo y no en omisi\u00f3n alguna.&nbsp;<\/em><\/strong><\/p>\n\n\n\n<p>Este es solo un peque\u00f1o haz de luz, de reflexi\u00f3n, de c\u00f3mo estaba sentada en su momento al otro lado del escritorio, pero los roles cambiaron, ahora soy yo la que est\u00e1 frente a ustedes, en un d\u00eda tan especial como este.&nbsp;<\/p>\n\n\n\n<div class=\"wp-block-image\"><figure class=\"aligncenter is-resized\"><img loading=\"lazy\" decoding=\"async\" src=\"https:\/\/lh5.googleusercontent.com\/09TLtot9jgkFHcSVNWsBMetcWDL1WCXPjGguLzfUKvZSPxq98IwAqkybpM-0Q1B9LcoqNdtHnSBnTTy0qkAiHgXoZ1iA_QdY-Xp7KsQEwOmbSqwhhPw1POixvcciaGZtZHuFitbjoXc3TiAXcWR5GaYKcv69\" alt=\"\" width=\"383\" height=\"222\"\/><\/figure><\/div>\n","protected":false},"excerpt":{"rendered":"<p>Escrito en conmemoraci\u00f3n del 30 de abril, d\u00eda del psic\u00f3logo peruano Palabras clave: TLP\/DRE, Terapia Dial\u00e9ctica Conductual, vulnerabilidad, experiencia.&nbsp; A ra\u00edz de que ya fueron pasando los a\u00f1os se me hizo m\u00e1s sencillo hablar respecto a mi diagn\u00f3stico, aunque no lo crean ya han pasado siete a\u00f1os y por m\u00e1s que parezca que ya sea [&hellip;]<\/p>\n","protected":false},"author":17,"featured_media":5950,"comment_status":"open","ping_status":"open","sticky":false,"template":"","format":"standard","meta":{"footnotes":""},"categories":[245,356,282],"tags":[388,167,386,387],"class_list":["post-5949","post","type-post","status-publish","format-standard","has-post-thumbnail","hentry","category-ensayistica","category-psicologia-clinica","category-trastornos","tag-experiencia","tag-terapia","tag-tlp","tag-vulnerabilidad"],"_links":{"self":[{"href":"https:\/\/warayana.com.pe\/publicaciones\/wp-json\/wp\/v2\/posts\/5949","targetHints":{"allow":["GET"]}}],"collection":[{"href":"https:\/\/warayana.com.pe\/publicaciones\/wp-json\/wp\/v2\/posts"}],"about":[{"href":"https:\/\/warayana.com.pe\/publicaciones\/wp-json\/wp\/v2\/types\/post"}],"author":[{"embeddable":true,"href":"https:\/\/warayana.com.pe\/publicaciones\/wp-json\/wp\/v2\/users\/17"}],"replies":[{"embeddable":true,"href":"https:\/\/warayana.com.pe\/publicaciones\/wp-json\/wp\/v2\/comments?post=5949"}],"version-history":[{"count":4,"href":"https:\/\/warayana.com.pe\/publicaciones\/wp-json\/wp\/v2\/posts\/5949\/revisions"}],"predecessor-version":[{"id":5956,"href":"https:\/\/warayana.com.pe\/publicaciones\/wp-json\/wp\/v2\/posts\/5949\/revisions\/5956"}],"wp:featuredmedia":[{"embeddable":true,"href":"https:\/\/warayana.com.pe\/publicaciones\/wp-json\/wp\/v2\/media\/5950"}],"wp:attachment":[{"href":"https:\/\/warayana.com.pe\/publicaciones\/wp-json\/wp\/v2\/media?parent=5949"}],"wp:term":[{"taxonomy":"category","embeddable":true,"href":"https:\/\/warayana.com.pe\/publicaciones\/wp-json\/wp\/v2\/categories?post=5949"},{"taxonomy":"post_tag","embeddable":true,"href":"https:\/\/warayana.com.pe\/publicaciones\/wp-json\/wp\/v2\/tags?post=5949"}],"curies":[{"name":"wp","href":"https:\/\/api.w.org\/{rel}","templated":true}]}}