{"id":5823,"date":"2022-04-06T17:10:54","date_gmt":"2022-04-06T15:10:54","guid":{"rendered":"https:\/\/warayana.com.pe\/publicaciones\/?p=5823"},"modified":"2022-06-18T18:02:45","modified_gmt":"2022-06-18T16:02:45","slug":"un-mirar-hacia-el-dolor-y-el-duelo","status":"publish","type":"post","link":"https:\/\/warayana.com.pe\/publicaciones\/2022\/04\/06\/un-mirar-hacia-el-dolor-y-el-duelo\/","title":{"rendered":"Un mirar hacia el dolor y el duelo"},"content":{"rendered":"\n<p><\/p>\n\n\n\n<p>Palabras Claves: Dolor, duelo, p\u00e9rdida.<\/p>\n\n\n\n<p>A lo largo de estos dos a\u00f1os podr\u00edamos decir que las personas han vivido una serie de p\u00e9rdidas, algunas m\u00e1s significativas que otras. P\u00e9rdidas como la de seres queridos, p\u00e9rdidas como la de personas no tan cercanas pero que traen un impacto similar por ser conocidos, sea por su edad o por la significancia de los hechos y de con quienes empatizamos.<\/p>\n\n\n\n<p>Tambi\u00e9n se han presentado p\u00e9rdidas m\u00e1s abstractas. P\u00e9rdidas como las del trabajo, la ruptura de un noviazgo o el alejamiento de un amor. P\u00e9rdidas como el dejar nuestros planes de viaje, de proyectos e inversiones o simplemente estancamiento de sue\u00f1os.<\/p>\n\n\n\n<p>Todos estos eventos traducidos o no como p\u00e9rdidas, unas m\u00e1s significativas que otras, le siguen una serie de experiencias al interior de la persona que pueden afectar su sentido de vida en cuanto a significado y prop\u00f3sito.<\/p>\n\n\n\n<div class=\"wp-block-image\"><figure class=\"aligncenter size-large is-resized\"><img loading=\"lazy\" decoding=\"async\" src=\"https:\/\/warayana.com.pe\/publicaciones\/wp-content\/uploads\/2022\/04\/WhatsApp-Image-2022-04-06-at-11.13.12-682x1024.jpeg\" alt=\"\" class=\"wp-image-5875\" width=\"300\" height=\"450\" srcset=\"https:\/\/warayana.com.pe\/publicaciones\/wp-content\/uploads\/2022\/04\/WhatsApp-Image-2022-04-06-at-11.13.12-682x1024.jpeg 682w, https:\/\/warayana.com.pe\/publicaciones\/wp-content\/uploads\/2022\/04\/WhatsApp-Image-2022-04-06-at-11.13.12-200x300.jpeg 200w, https:\/\/warayana.com.pe\/publicaciones\/wp-content\/uploads\/2022\/04\/WhatsApp-Image-2022-04-06-at-11.13.12-768x1152.jpeg 768w, https:\/\/warayana.com.pe\/publicaciones\/wp-content\/uploads\/2022\/04\/WhatsApp-Image-2022-04-06-at-11.13.12.jpeg 853w\" sizes=\"auto, (max-width: 300px) 100vw, 300px\" \/><\/figure><\/div>\n\n\n\n<p>Para la tanat\u00f3loga Elisabeth K\u00fcbler \u2013 Ross (1969) nos dice que las reacciones a la p\u00e9rdida son experiencias \u00fanicas en cada persona y que el duelo es tan propio como nuestra propia vida. El c\u00f3mo las personas vivencien sus p\u00e9rdidas y elaboren sus duelos pueden afectar su calidad de vida futura.<\/p>\n\n\n\n<p>K\u00fcbler \u2013 Ross dividi\u00f3 al proceso de duelo en cinco etapas: Negaci\u00f3n, Ira, Negociaci\u00f3n, Depresi\u00f3n y Aceptaci\u00f3n. Estas etapas pueden manifestarse en ese orden o no necesariamente. La recuperaci\u00f3n depender\u00e1 en gran medida de c\u00f3mo la persona lleve su proceso y lo incorpore como una negociaci\u00f3n con la vida para alcanzar el equilibrio. Al ser una experiencia dolorosa y \u00fanica, la hace m\u00e1s compleja y cada quien lo vivenciar\u00e1 de una forma peculiar.<\/p>\n\n\n\n<p>Sin embargo, no estamos hechos para el dolor y si sumamos que estamos inundados de una corriente positivista en donde es el placer quien le da sentido a la existencia y el dolor no tiene cabida, hace a este proceso m\u00e1s intolerante.<\/p>\n\n\n\n<div class=\"wp-block-image\"><figure class=\"aligncenter size-large is-resized\"><img loading=\"lazy\" decoding=\"async\" src=\"https:\/\/warayana.com.pe\/publicaciones\/wp-content\/uploads\/2022\/04\/WhatsApp-Image-2022-04-06-at-11.12.17-1024x768.jpeg\" alt=\"\" class=\"wp-image-5877\" width=\"417\" height=\"313\" srcset=\"https:\/\/warayana.com.pe\/publicaciones\/wp-content\/uploads\/2022\/04\/WhatsApp-Image-2022-04-06-at-11.12.17-1024x768.jpeg 1024w, https:\/\/warayana.com.pe\/publicaciones\/wp-content\/uploads\/2022\/04\/WhatsApp-Image-2022-04-06-at-11.12.17-300x225.jpeg 300w, https:\/\/warayana.com.pe\/publicaciones\/wp-content\/uploads\/2022\/04\/WhatsApp-Image-2022-04-06-at-11.12.17-768x576.jpeg 768w, https:\/\/warayana.com.pe\/publicaciones\/wp-content\/uploads\/2022\/04\/WhatsApp-Image-2022-04-06-at-11.12.17-1536x1152.jpeg 1536w, https:\/\/warayana.com.pe\/publicaciones\/wp-content\/uploads\/2022\/04\/WhatsApp-Image-2022-04-06-at-11.12.17.jpeg 1600w\" sizes=\"auto, (max-width: 417px) 100vw, 417px\" \/><\/figure><\/div>\n\n\n\n<p>Bregar con el dolor requiere de la persona, fortaleza y valent\u00eda que dar\u00e1 como fruto el crecimiento personal. Darle cabida al dolor y conectar con \u00e9l, es parte del proceso y un reto de estoicismo para el ser humano post-pandemia. Por el contrario, evadirlo como un mecanismo de defensa s\u00f3lo lo posterga y abre una ventana a la angustia, la ansiedad o peor a\u00fan a la depresi\u00f3n.<\/p>\n\n\n\n<p>El hablar de lo que pas\u00f3, y c\u00f3mo pas\u00f3 es parte de bregar con el dolor. Darle un espacio y una temporalidad en nuestra vida cotidiana, nos conecta con el dolor y le da un lugar como una forma de aceptaci\u00f3n. Cuando nos negamos a esto por miedo a sufrir, regresar\u00e1 m\u00e1s tarde cual b\u00fameran con un dolor magnificado. Se corre el riesgo de un quebrantamiento emocional activado por una siguiente p\u00e9rdida de igual o menor significancia.<\/p>\n\n\n\n<p>Las p\u00e9rdidas no resueltas pueden manifestarse de muchas formas. Apegos a animales (sean o no mascotas), objetos, recuerdos, etc. Pueden generar conductas compulsivas (acumuladores, atracones de comida, etc.), conductas de riesgo, conductas adictivas, promiscuidad, relaciones casuales y\/o superficiales, hipersensibilidad a la p\u00e9rdida, etc. Acudir a un especialista en psicoterapia sea individual y\/o familiar es lo conveniente para ayudar a superar el proceso.<\/p>\n\n\n\n<p>Referencias<\/p>\n\n\n\n<p>K\u00fcbler-Ross, E. (1969). On death and dying. New York: The Macmillan Company.<\/p>\n\n\n\n<p><\/p>\n","protected":false},"excerpt":{"rendered":"<p>Afrontar el dolor requiere de la persona, fortaleza y valent\u00eda que dar\u00e1 lugar el crecimiento personal.<\/p>\n","protected":false},"author":31,"featured_media":5824,"comment_status":"open","ping_status":"open","sticky":false,"template":"","format":"standard","meta":{"footnotes":""},"categories":[213,356,278,253],"tags":[118,17,370,369],"class_list":["post-5823","post","type-post","status-publish","format-standard","has-post-thumbnail","hentry","category-familia","category-psicologia-clinica","category-psicoterapia","category-salud-mental","tag-dolor","tag-duelo","tag-kubler-ross","tag-perdida"],"_links":{"self":[{"href":"https:\/\/warayana.com.pe\/publicaciones\/wp-json\/wp\/v2\/posts\/5823","targetHints":{"allow":["GET"]}}],"collection":[{"href":"https:\/\/warayana.com.pe\/publicaciones\/wp-json\/wp\/v2\/posts"}],"about":[{"href":"https:\/\/warayana.com.pe\/publicaciones\/wp-json\/wp\/v2\/types\/post"}],"author":[{"embeddable":true,"href":"https:\/\/warayana.com.pe\/publicaciones\/wp-json\/wp\/v2\/users\/31"}],"replies":[{"embeddable":true,"href":"https:\/\/warayana.com.pe\/publicaciones\/wp-json\/wp\/v2\/comments?post=5823"}],"version-history":[{"count":6,"href":"https:\/\/warayana.com.pe\/publicaciones\/wp-json\/wp\/v2\/posts\/5823\/revisions"}],"predecessor-version":[{"id":8671,"href":"https:\/\/warayana.com.pe\/publicaciones\/wp-json\/wp\/v2\/posts\/5823\/revisions\/8671"}],"wp:featuredmedia":[{"embeddable":true,"href":"https:\/\/warayana.com.pe\/publicaciones\/wp-json\/wp\/v2\/media\/5824"}],"wp:attachment":[{"href":"https:\/\/warayana.com.pe\/publicaciones\/wp-json\/wp\/v2\/media?parent=5823"}],"wp:term":[{"taxonomy":"category","embeddable":true,"href":"https:\/\/warayana.com.pe\/publicaciones\/wp-json\/wp\/v2\/categories?post=5823"},{"taxonomy":"post_tag","embeddable":true,"href":"https:\/\/warayana.com.pe\/publicaciones\/wp-json\/wp\/v2\/tags?post=5823"}],"curies":[{"name":"wp","href":"https:\/\/api.w.org\/{rel}","templated":true}]}}