{"id":5779,"date":"2022-03-12T01:37:47","date_gmt":"2022-03-12T00:37:47","guid":{"rendered":"https:\/\/warayana.com.pe\/publicaciones\/?p=5779"},"modified":"2022-04-23T00:56:57","modified_gmt":"2022-04-22T22:56:57","slug":"un-poco-de-psicologia-social-comunitaria-i-parte","status":"publish","type":"post","link":"https:\/\/warayana.com.pe\/publicaciones\/2022\/03\/12\/un-poco-de-psicologia-social-comunitaria-i-parte\/","title":{"rendered":"Un poco de psicolog\u00eda social comunitaria (I parte)"},"content":{"rendered":"\n<p>Aprender acerca de lo que significa la Psicolog\u00eda social comunitaria, es comprender su ejecuci\u00f3n y que acciones se pueden tomar en el estudio de los colectivos y\/o comunidades a partir del contexto u otros factores, ya que esta rama de la psicolog\u00eda est\u00e1 orientada a las problem\u00e1ticas sociales y su impacto en la persona. Por un lado, la psicolog\u00eda social, observa la influencia de problemas sociales en problemas m\u00e1s complejos. Las personas construyen su yo social en base al entorno en el que viven y al rol que la sociedad les impone. As\u00ed el ser humano se va representando en base al contexto y a las personas que lo rodean. Por lo tanto, el psic\u00f3logo social debe ser creativo, y adaptarse al grupo con el que va a trabajar. Por otro lado, la Psicolog\u00eda comunitaria, es una ciencia que busca la soluci\u00f3n de problemas sociales relevantes, se ocupa del bienestar de las personas, de los grupos, y de las comunidades. Como dato de importancia, el psic\u00f3logo comunitario debe ser humilde, comprender a las personas con las que se est\u00e1n trabajando en base a su contexto y aceptar las cr\u00edticas, sin discriminar, no marcar una distancia. A estos profesionales los diferencia una gran vocaci\u00f3n de servicio.<\/p>\n\n\n\n<figure class=\"wp-block-gallery columns-1 is-cropped wp-block-gallery-1 is-layout-flex wp-block-gallery-is-layout-flex\"><ul class=\"blocks-gallery-grid\"><li class=\"blocks-gallery-item\"><figure><img loading=\"lazy\" decoding=\"async\" width=\"953\" height=\"600\" src=\"https:\/\/warayana.com.pe\/publicaciones\/wp-content\/uploads\/2022\/03\/ABRIDORA-RONALD-PUENTE-GRAU.jpg\" alt=\"\" data-id=\"5782\" data-full-url=\"https:\/\/warayana.com.pe\/publicaciones\/wp-content\/uploads\/2022\/03\/ABRIDORA-RONALD-PUENTE-GRAU.jpg\" data-link=\"https:\/\/warayana.com.pe\/publicaciones\/?attachment_id=5782\" class=\"wp-image-5782\" srcset=\"https:\/\/warayana.com.pe\/publicaciones\/wp-content\/uploads\/2022\/03\/ABRIDORA-RONALD-PUENTE-GRAU.jpg 953w, https:\/\/warayana.com.pe\/publicaciones\/wp-content\/uploads\/2022\/03\/ABRIDORA-RONALD-PUENTE-GRAU-300x189.jpg 300w, https:\/\/warayana.com.pe\/publicaciones\/wp-content\/uploads\/2022\/03\/ABRIDORA-RONALD-PUENTE-GRAU-768x484.jpg 768w\" sizes=\"auto, (max-width: 953px) 100vw, 953px\" \/><\/figure><\/li><\/ul><\/figure>\n\n\n\n<p><strong>Diferencia entre psicolog\u00eda social y comunitaria<\/strong><\/p>\n\n\n\n<p>En un principio, como bien sabemos la psicolog\u00eda cl\u00e1sica se ocupaba del estudio individual de la persona. Con el transcurso del tiempo, da cuenta de que tambi\u00e9n era importante estudiar a las personas en comunidad. A continuaci\u00f3n, tambi\u00e9n prev\u00e9 que solo se estaba se limitando al estudio y no que estaban originando un cambio; por lo que se convirtieron en fuente de informaci\u00f3n para cambiar las actitudes, el pensamiento y las costumbres de las personas a trav\u00e9s de la psicolog\u00eda social; y lograr as\u00ed una mejor sociedad que tome acci\u00f3n y solucione una problem\u00e1tica en espec\u00edfico. Es as\u00ed que la Psicolog\u00eda social \u2013 comunitaria, es como la teor\u00eda y la pr\u00e1ctica.<strong><\/strong><\/p>\n\n\n\n<p><strong>Contexto de la psicolog\u00eda social comunitaria<\/strong><\/p>\n\n\n\n<p>La<strong> <\/strong>psicolog\u00eda requer\u00eda formas de intervenci\u00f3n que vayan m\u00e1s all\u00e1 de las acciones de car\u00e1cter puramente individual o que s\u00f3lo beneficien a grupos de una extracci\u00f3n socioecon\u00f3mica determinada. Por tanto, se vio en el deber de trascender la atenci\u00f3n puramente individual, requiriendo el estudio y trabajo en la comunidad y con la comunidad, esto \u00faltimo en el sentido de que se requiere la participaci\u00f3n de todos sus miembros para la soluci\u00f3n de problemas que puedan plantearse. Por lo que, es multidisciplinaria, trabaja con la comunidad en muchos sentidos, y con un abanico de profesionales, desde trabajadores sociales, abogados, entre otros; debido a la m\u00edstica de esta rama que responde a las necesidades de la poblaci\u00f3n y a un compromiso profesional. Es importante ser asertivo y saber negociar con las personas involucradas, como son los diferentes profesionales a cargo, as\u00ed como las personas de la comunidad, que se encuentran en un contexto problem\u00e1tico.<\/p>\n\n\n\n<p>Tovar nos dice que la psicolog\u00eda social comunitaria nace porque no se da abasto solo con la psicolog\u00eda cl\u00ednica para atender los problemas psicosociales complejos. En un principio se plante\u00f3 un modelo de psicolog\u00eda que desarrolle modelos de entrenamiento del psic\u00f3logo comunitario, para la prevenci\u00f3n y abordaje de problemas sociales padecidos por grupos marginados socialmente, y para una mayor consideraci\u00f3n de los problemas sociales, as\u00ed como su abordaje disciplinario. Posteriormente de redefini\u00f3 para promover el cambio en el entorno social, promover el mejoramiento de la calidad de vida, el bienestar de la comunidad, siendo consciente que lo social afecta directamente a lo personal.<\/p>\n\n\n\n<figure class=\"wp-block-image size-large is-resized is-style-rounded\"><img decoding=\"async\" src=\"https:\/\/warayana.com.pe\/publicaciones\/wp-content\/uploads\/2022\/03\/CkhOFoSW0AAqmy4-edited.jpg\" alt=\"\" class=\"wp-image-5784\" width=\"578\" height=\"325.125\" srcset=\"https:\/\/warayana.com.pe\/publicaciones\/wp-content\/uploads\/2022\/03\/CkhOFoSW0AAqmy4-edited.jpg 850w, https:\/\/warayana.com.pe\/publicaciones\/wp-content\/uploads\/2022\/03\/CkhOFoSW0AAqmy4-edited-300x168.jpg 300w, https:\/\/warayana.com.pe\/publicaciones\/wp-content\/uploads\/2022\/03\/CkhOFoSW0AAqmy4-edited-768x431.jpg 768w\" sizes=\"(max-width: 850px) 100vw, 850px\" \/><\/figure>\n\n\n\n<p><strong>Objetivos de la psicolog\u00eda social comunitaria<\/strong><\/p>\n\n\n\n<p>La psicolog\u00eda social comunitaria tiene como objetivo fundamental promover el desarrollo de una perspectiva psicol\u00f3gica en el an\u00e1lisis y la acci\u00f3n sobre problemas que apremian a la sociedad, como son la exclusi\u00f3n, la segregaci\u00f3n y la desigualdad social. Por lo que, cuando hablamos de desarrollo hablamos de calidad de vida relacionada al desarrollo humano. Una poblaci\u00f3n tiene desarrollo cuando puede acceder a todos sus derechos b\u00e1sicos. En este \u00e1mbito confluyen distintas disciplinas, dada la complejidad de los procesos sociales involucrados, es por eso que se trabaja de la mano con otros profesionales. Comprender y analizar de manera compleja y comprensiva los procesos sociales es de alta relevancia, siendo igualmente importante profesionalizar la intervenci\u00f3n y la evaluaci\u00f3n de programas sociales.<\/p>\n\n\n\n<p><strong>V\u00edas de abordaje<\/strong><\/p>\n\n\n\n<p>Seg\u00fan Wiesenfeld (2014), \u201cSe plantea, as\u00ed, abordar los problemas sociales por v\u00eda de la participaci\u00f3n y autogesti\u00f3n comunitarias, la integraci\u00f3n de saberes cient\u00edficos y del sentido com\u00fan y la vinculaci\u00f3n entre teor\u00eda y praxis\u201d.<\/p>\n\n\n\n<ul class=\"wp-block-list\"><li><strong>La participaci\u00f3n ciudadana en la psicolog\u00eda social comunitaria<\/strong><\/li><\/ul>\n\n\n\n<p>Es importante para identificar y jerarquizar los problemas sociales y as\u00ed elaborar un plan de acci\u00f3n humanizado, donde intervengan directamente grupos sociales que impactan con la predicci\u00f3n de los fen\u00f3menos y la generaci\u00f3n de nuevos procesos. Por otro lado, la psicolog\u00eda debe trascender la atenci\u00f3n puramente individual y para ello requiere de la participaci\u00f3n ciudadana para trabajar.<\/p>\n\n\n\n<ul class=\"wp-block-list\"><li><strong>La autogesti\u00f3n en la psicolog\u00eda social comunitaria<\/strong><\/li><\/ul>\n\n\n\n<p>Lo cual significa que el objetivo estudiado es tambi\u00e9n sujeto estudiante y que toda transformaci\u00f3n repercute sobre todos los individuos involucrados en la relaci\u00f3n, incluido el psic\u00f3logo agente de cambio. El centro del poder cae en la comunidad. La acci\u00f3n del psic\u00f3logo consistir\u00e1 en lograr que esa comunidad adquiera consciencia de su situaci\u00f3n y sus necesidades y asuma el proyecto de su transformaci\u00f3n, asumiendo el control de su actividad. Esto significa oposici\u00f3n a cualquier forma de paternalismo autoritarismo intervencionismo. La uni\u00f3n entre la teor\u00eda y la pr\u00e1ctica de lo estudiado es importante para logar una explicaci\u00f3n integradora y comprensi\u00f3n verdadera de la situaci\u00f3n. Se trata de que ellos mismos sean actores de su desarrollo y su cambio, y que no es solo recibir un apoyo total por un agente externo, como lo hace generalmente el Estado. Siendo el psic\u00f3logo social comunitario, el encargado de ayudar a la comunidad a repartirse u organizarse, para ir en busca de una soluci\u00f3n dada por todos los actores, y que sea sostenible en el tiempo.<\/p>\n\n\n\n<figure class=\"wp-block-gallery columns-1 is-cropped wp-block-gallery-2 is-layout-flex wp-block-gallery-is-layout-flex\"><ul class=\"blocks-gallery-grid\"><li class=\"blocks-gallery-item\"><figure><img loading=\"lazy\" decoding=\"async\" width=\"1024\" height=\"440\" src=\"https:\/\/warayana.com.pe\/publicaciones\/wp-content\/uploads\/2022\/03\/150321-discriminacion-racial-1024x440.jpg\" alt=\"\" data-id=\"5785\" data-full-url=\"https:\/\/warayana.com.pe\/publicaciones\/wp-content\/uploads\/2022\/03\/150321-discriminacion-racial.jpg\" data-link=\"https:\/\/warayana.com.pe\/publicaciones\/?attachment_id=5785\" class=\"wp-image-5785\" srcset=\"https:\/\/warayana.com.pe\/publicaciones\/wp-content\/uploads\/2022\/03\/150321-discriminacion-racial-1024x440.jpg 1024w, https:\/\/warayana.com.pe\/publicaciones\/wp-content\/uploads\/2022\/03\/150321-discriminacion-racial-300x129.jpg 300w, https:\/\/warayana.com.pe\/publicaciones\/wp-content\/uploads\/2022\/03\/150321-discriminacion-racial-768x330.jpg 768w, https:\/\/warayana.com.pe\/publicaciones\/wp-content\/uploads\/2022\/03\/150321-discriminacion-racial.jpg 1280w\" sizes=\"auto, (max-width: 1024px) 100vw, 1024px\" \/><\/figure><\/li><\/ul><\/figure>\n\n\n\n<p><strong>La calidad de vida, un factor importante<\/strong><\/p>\n\n\n\n<p>Este concepto hace referencia a la expectativa sobre el deseo, a diferencia del nivel de vida, que se relaciona a los bines materiales, como obtener un mill\u00f3n de d\u00f3lares. Seg\u00fan Urz\u00faa y Caqueo (2012), \u201c\u2026la CV es definida como un estado de bienestar general que comprende descriptores objetivos y evaluaciones subjetivas de bienestar f\u00edsico, material, social y emocional, junto con el desarrollo personal y de actividades, todas estas mediadas por los valores personales. Bajo este concepto, cambios en los valores, en las condiciones de vida o en la percepci\u00f3n, pueden provocar cambios en los otros, bajo un proceso din\u00e1mico\u201d (s.p.). Es as\u00ed que el \u00edndice de calidad de vida, se refiere a que tan contento estas con tu realidad vivencial, lo cual depender\u00e1 en gran medida de tu madurez emocional. El psic\u00f3logo social&nbsp;comunitario,&nbsp;brindar\u00e1 al estudio de la&nbsp;calidad de vida&nbsp;la comprensi\u00f3n de su dimensi\u00f3n subjetiva, como campo especifico y necesario de estudio, de la&nbsp;psicolog\u00eda. Por otro lado, Wiesenfeld (2014), \u201cUna caracter\u00edstica distintiva de la PSC corresponde a los actores y lugares que conforman una comunidad. A pesar de la ambig\u00fcedad y complejidad en las m\u00faltiples acepciones y usos del t\u00e9rmino en la PSC (Rodr\u00edguez &amp; Montenegro, en prensa), lo com\u00fan es la referencia a un sujeto social, a un colectivo cuyas carencias socioculturales y econ\u00f3micas tienen un correlato espacial\u201d (s.p.). Por lo que el psic\u00f3logo social comunitario, deber\u00e1 tener en claro, la definici\u00f3n de la satisfacci\u00f3n de las necesidades desde el concepto de bienestar social o comunitario, para poder apoyar a la comunidad y a la problem\u00e1tica planteada de una manera adecuada. Somos seres emocionales que razonan<\/p>\n\n\n\n<p><strong>Las 8 dimensiones que integran la calidad de vida. Modelo Schalock y Verdugo<\/strong><\/p>\n\n\n\n<p>Ninguna es m\u00e1s importante que otra, se relacionan, y si una se afecta puede afectar otras.<\/p>\n\n\n\n<ol class=\"wp-block-list\" type=\"1\"><li><strong>Bienestar f\u00edsico,<\/strong> ejercicio, salud f\u00edsica<\/li><li><strong>bienestar emocional,<\/strong> equilibrio entre mis exigencias f\u00edsicas y mi descanso (ausencia de estr\u00e9s) encontrar equilibrio (autoconcepto positivo)<\/li><li><strong>relaciones interpersonales,<\/strong> apoyo social, red de apoyo e interancciones positivas si las personas a mi alrededor son buenas, no toxicas o dependientes<\/li><li><strong>inclusi\u00f3n social<\/strong>, integraci\u00f3n y participaci\u00f3n de la comunidad, como miembro de donde vico, me he integrado, participo me involucro en los problemas, me organizo con los dem\u00e1s para actuar.<\/li><li><strong>desarrollo personal,<\/strong> competencia personal, educaci\u00f3n y desempe\u00f1o, cuanto queremos superarnos en educaci\u00f3n y trabajo y ser reconocidos<\/li><li><strong>bienestar material<\/strong>, bienestar econ\u00f3mico, tener empleo, que me permita cubrir mis necesidades b\u00e1sicas, tener un lugar donde estar, y esto se relaciona con otros bienestares<\/li><li><strong>autodeterminaci\u00f3n,<\/strong> metas, valores, capacidad de independencia, autonom\u00eda y control personal, la decisi\u00f3n que tomo para alcanzar mis metas y mi desarrollo personal.<\/li><li><strong>Derechos<\/strong>, aspectos legales y humanos que nos permiten tener en claro c\u00f3mo vivimos en una sociedad civilizada y que tengo derechos u obligaciones<\/li><\/ol>\n\n\n\n<p><strong>Por ejemplo:<\/strong><\/p>\n\n\n\n<ol class=\"wp-block-list\" type=\"1\"><li><strong>Bienestar f\u00edsico -&gt; <\/strong>Desde que empez\u00f3 la pandemia, Ana empez\u00f3 a realizar ejercicios porque se dio cuenta de que no estaba en forma. A medida que paso el tiempo se empez\u00f3 a sentir m\u00e1s saludable y con m\u00e1s energ\u00eda.<\/li><li><strong>Bienestar emocional -&gt; <\/strong>Carlos se considera una persona responsable, as\u00ed que en \u00e9poca de ex\u00e1menes organiza su tiempo de una manera que le permite estudiar y al mismo tiempo seguir haciendo ejercicio y dormir sus 8 horas.<\/li><li><strong>Relaciones interpersonales -&gt;<\/strong> La relaci\u00f3n de Mario con su pap\u00e1 no es buena, debido a diferentes problemas que tuvieron cuando \u00e9l estaba en el colegio, pero Mario ha decidido hablar con \u00e9l y arreglar esta situaci\u00f3n, porque se ha dado cuenta que todo lo que le dijo su pap\u00e1 en alg\u00fan momento era por su bien.&nbsp;<\/li><li><strong>Inclusi\u00f3n social -&gt;<\/strong> Hace poco los vecinos de Mar\u00eda llamaron a una reuni\u00f3n, porque la municipalidad cerr\u00f3 una de las calles principales del lugar en d\u00f3nde viven. Mar\u00eda es abogada as\u00ed que redactar\u00e1 una solicitud dirigida al alcalde para apoyar a sus vecinos y arreglar el problema.<\/li><li><strong>Desarrollo personal -&gt;<\/strong> Ariana est\u00e1 casada y tiene dos hijos, pero ha decidido que eso no ser\u00e1 un impedimento para estudiar una carrera en la universidad, y que al contrario ser\u00e1n su fuerza y motivaci\u00f3n para lograr el reconocimiento profesional m\u00e1s adelante.<\/li><li><strong>Bienestar material -&gt;<\/strong> Karen despu\u00e9s de muchos a\u00f1os de esfuerzo y lucha constante, ha conseguido comprarse un departamento. Ella siente que es el comienzo de una nueva etapa en donde se siente m\u00e1s segura y realizada.<\/li><li><strong>Autodeterminaci\u00f3n -&gt;<\/strong> A pesar de que los padres de Jos\u00e9 le han impuesto que el estudiar\u00e1 medicina, \u00e9l ha decidido que quiere estudiar arte, por lo que le ha pedido ayuda a la psic\u00f3loga de su colegio para que le ayude a sus padres a comprender su decisi\u00f3n.<\/li><li><strong>Derechos<\/strong> <strong>-&gt;<\/strong> Luis se ha separado de Juana y tienen una hija. Juan le ha pedido a Juana que quiere ver a su hija porque es su derecho como padre, pero tambi\u00e9n es consciente de que debe cumplir con la pensi\u00f3n mensual de alimentos, acordada en la conciliaci\u00f3n.<\/li><\/ol>\n\n\n\n<p><strong>Fuentes<\/strong><\/p>\n\n\n\n<p>Urz\u00faa M, Alfonso, &amp; Caqueo-Ur\u00edzar, Alejandra. (2012). Calidad de vida: Una revisi\u00f3n te\u00f3rica del concepto.&nbsp;<em>Terapia psicol\u00f3gica<\/em>,&nbsp;<em>30<\/em>(1), 61-71.&nbsp;<a href=\"https:\/\/dx.doi.org\/10.4067\/S0718-48082012000100006\">https:\/\/dx.doi.org\/10.4067\/S0718-48082012000100006<\/a><\/p>\n\n\n\n<p>Wiesenfeld, Esther. (2014). La Psicolog\u00eda Social Comunitaria en Am\u00e9rica Latina: \u00bfConsolidaci\u00f3n o crisis?.&nbsp;<em>Psicoperspectivas<\/em>,&nbsp;<em>13<\/em>(2), 6-18.&nbsp;<a href=\"https:\/\/dx.doi.org\/10.5027\/psicoperspectivas-Vol13-Issue2-fulltext-357\">https:\/\/dx.doi.org\/10.5027\/psicoperspectivas-Vol13-Issue2-fulltext-357<\/a><\/p>\n","protected":false},"excerpt":{"rendered":"<p>Aprender acerca de lo que significa la Psicolog\u00eda social comunitaria, es comprender su ejecuci\u00f3n y que acciones se pueden tomar en el estudio de los colectivos y\/o comunidades a partir del contexto u otros factores, ya que esta rama de la psicolog\u00eda est\u00e1 orientada a las problem\u00e1ticas sociales y su impacto en la persona. Por [&hellip;]<\/p>\n","protected":false},"author":19,"featured_media":5786,"comment_status":"open","ping_status":"open","sticky":false,"template":"","format":"standard","meta":{"footnotes":""},"categories":[283],"tags":[362,361],"class_list":["post-5779","post","type-post","status-publish","format-standard","has-post-thumbnail","hentry","category-psicologia-social","tag-comunitaria","tag-social"],"_links":{"self":[{"href":"https:\/\/warayana.com.pe\/publicaciones\/wp-json\/wp\/v2\/posts\/5779","targetHints":{"allow":["GET"]}}],"collection":[{"href":"https:\/\/warayana.com.pe\/publicaciones\/wp-json\/wp\/v2\/posts"}],"about":[{"href":"https:\/\/warayana.com.pe\/publicaciones\/wp-json\/wp\/v2\/types\/post"}],"author":[{"embeddable":true,"href":"https:\/\/warayana.com.pe\/publicaciones\/wp-json\/wp\/v2\/users\/19"}],"replies":[{"embeddable":true,"href":"https:\/\/warayana.com.pe\/publicaciones\/wp-json\/wp\/v2\/comments?post=5779"}],"version-history":[{"count":2,"href":"https:\/\/warayana.com.pe\/publicaciones\/wp-json\/wp\/v2\/posts\/5779\/revisions"}],"predecessor-version":[{"id":5788,"href":"https:\/\/warayana.com.pe\/publicaciones\/wp-json\/wp\/v2\/posts\/5779\/revisions\/5788"}],"wp:featuredmedia":[{"embeddable":true,"href":"https:\/\/warayana.com.pe\/publicaciones\/wp-json\/wp\/v2\/media\/5786"}],"wp:attachment":[{"href":"https:\/\/warayana.com.pe\/publicaciones\/wp-json\/wp\/v2\/media?parent=5779"}],"wp:term":[{"taxonomy":"category","embeddable":true,"href":"https:\/\/warayana.com.pe\/publicaciones\/wp-json\/wp\/v2\/categories?post=5779"},{"taxonomy":"post_tag","embeddable":true,"href":"https:\/\/warayana.com.pe\/publicaciones\/wp-json\/wp\/v2\/tags?post=5779"}],"curies":[{"name":"wp","href":"https:\/\/api.w.org\/{rel}","templated":true}]}}