{"id":5596,"date":"2022-02-01T21:51:39","date_gmt":"2022-02-01T20:51:39","guid":{"rendered":"https:\/\/warayana.com.pe\/publicaciones\/?p=5596"},"modified":"2022-02-20T02:00:34","modified_gmt":"2022-02-20T01:00:34","slug":"adolescencia-desprenderse-del-yo-infantil","status":"publish","type":"post","link":"https:\/\/warayana.com.pe\/publicaciones\/2022\/02\/01\/adolescencia-desprenderse-del-yo-infantil\/","title":{"rendered":"Adolescencia: Desprenderse del yo infantil"},"content":{"rendered":"\n<p class=\"has-medium-font-size\">A medida que m\u00e1s se ingresa a la adolescencia, m\u00e1s amplia se va haciendo la distancia emocional con la ni\u00f1ez, motivo por el cual en esta etapa suelen aparecer abruptamente episodios de tristeza, de enojo, irritabilidad, aislamiento, entre otros.<\/p>\n\n\n\n<p class=\"has-medium-font-size\">Durante las sesiones psicol\u00f3gicas, muchos padres y\/o cuidadores se cuestionan desesperadamente por el cambio dr\u00e1stico en la forma de ser de sus hijos, tratando de identificar causas externas, pero en realidad, la causa base, es que los adolescentes estar\u00edan atravesando por las fases de duelo psicol\u00f3gico, al estar \u00abperdiendo\u00bb en cierto modo, su imagen, identidad y forma de relacionamiento de la etapa previa, de la ni\u00f1ez.<\/p>\n\n\n\n<div class=\"wp-block-image\"><figure class=\"aligncenter size-large is-resized\"><img loading=\"lazy\" decoding=\"async\" src=\"https:\/\/warayana.com.pe\/publicaciones\/wp-content\/uploads\/2022\/02\/WhatsApp-Image-2022-02-01-at-13.35.38-1.jpeg\" alt=\"\" class=\"wp-image-5600\" width=\"401\" height=\"401\" srcset=\"https:\/\/warayana.com.pe\/publicaciones\/wp-content\/uploads\/2022\/02\/WhatsApp-Image-2022-02-01-at-13.35.38-1.jpeg 554w, https:\/\/warayana.com.pe\/publicaciones\/wp-content\/uploads\/2022\/02\/WhatsApp-Image-2022-02-01-at-13.35.38-1-300x300.jpeg 300w, https:\/\/warayana.com.pe\/publicaciones\/wp-content\/uploads\/2022\/02\/WhatsApp-Image-2022-02-01-at-13.35.38-1-150x150.jpeg 150w, https:\/\/warayana.com.pe\/publicaciones\/wp-content\/uploads\/2022\/02\/WhatsApp-Image-2022-02-01-at-13.35.38-1-60x60.jpeg 60w\" sizes=\"auto, (max-width: 401px) 100vw, 401px\" \/><\/figure><\/div>\n\n\n\n<p class=\"has-medium-font-size\"><br>La pubertad&nbsp;es aquella etapa que vendr\u00eda a ser el puente entre la ni\u00f1ez y la adolescencia. Y en donde podr\u00edamos argumentar que el duelo se inicia y estanca en la fase de negaci\u00f3n. Los p\u00faberes tienden a presentar problemas en el manejo de las emociones, a\u00fan cuando ya hab\u00edan logrado cierta madurez emocional. Es la etapa en la que usualmente ya no se quiere crecer m\u00e1s, por lo que ronda de cerca la emoci\u00f3n del miedo, se vuelve a viejos apegos, aparecen dificultades para compartir, y en algunos casos el conocido \u00abS\u00edndrome de Peter Pan\u00bb, que se caracteriza tal como el cuento, por una evasi\u00f3n a tomar conciencia de la nueva fase de vida, rechaz\u00e1ndose a s\u00ed mismos.&nbsp;<\/p>\n\n\n\n<p class=\"has-medium-font-size\">En esta transici\u00f3n de la ni\u00f1ez\/pubertad\/adolescencia, se tiene que atravesar por varios ciclos, como los son por ejemplo los cambios en el aspecto f\u00edsico, psicosocial y los cambios en la relaci\u00f3n con los dem\u00e1s.<\/p>\n\n\n\n<p class=\"has-medium-font-size\">Respecto a los cambios en el aspecto f\u00edsico, Aberastury y Knobel (1997), lo denominan \u00abDuelo por el cuerpo infantil\u00bb, y describen que se tratar\u00eda de la forma en la que los adolescentes ven todos los cambios f\u00edsicos por los que atraviesan de una forma pasiva, como meros espectadores, hecho que genera una sensaci\u00f3n de p\u00e9rdida de control sobre la apariencia f\u00edsica. El crecimiento del cuerpo, genera en la mayor\u00eda cierta torpeza al caminar, al tener que manipular alg\u00fan objeto, dado que se est\u00e1n acostumbrando a las distintas proximidades.<\/p>\n\n\n\n<div class=\"wp-block-image\"><figure class=\"aligncenter size-large is-resized\"><img loading=\"lazy\" decoding=\"async\" src=\"https:\/\/warayana.com.pe\/publicaciones\/wp-content\/uploads\/2022\/02\/WhatsApp-Image-2022-02-01-at-13.35.38.jpeg\" alt=\"\" class=\"wp-image-5599\" width=\"368\" height=\"276\" srcset=\"https:\/\/warayana.com.pe\/publicaciones\/wp-content\/uploads\/2022\/02\/WhatsApp-Image-2022-02-01-at-13.35.38.jpeg 640w, https:\/\/warayana.com.pe\/publicaciones\/wp-content\/uploads\/2022\/02\/WhatsApp-Image-2022-02-01-at-13.35.38-300x225.jpeg 300w\" sizes=\"auto, (max-width: 368px) 100vw, 368px\" \/><\/figure><\/div>\n\n\n\n<p><\/p>\n\n\n\n<p class=\"has-medium-font-size\">En esta etapa de vida, aparece el rechazo a verse frente al espejo o a aparecer en fotograf\u00edas o videos. Esto porque no hay un entendimiento claro de los cambios f\u00edsicos. Una vez una p\u00faber me dijo: \u00abNo me gustan las fotos porque me recuerdan lo distinta que soy, no me reconozco\u00bb. Muchos de ellos tambi\u00e9n se niegan a mantener sus h\u00e1bitos de higiene personal, en donde se vuelve un motivo de discusi\u00f3n constante, el \u00abno me quiero ba\u00f1ar\u00bb, no solo se trata de una manifestaci\u00f3n de cierto estado depresivo (en donde se remarca el descuido al aspecto f\u00edsico). Si no tambi\u00e9n de un rechazo a tener que verse desnudos, y en el camino, reconocerse.&nbsp;<\/p>\n\n\n\n<p class=\"has-medium-font-size\">Un segundo tipo de duelo, se debe a cambios en el aspecto psicol\u00f3gico, dado que gran parte de la identidad del que hasta hace poco era ni\u00f1o(a) est\u00e1 quedando en el pasado. Y se activa la incertidumbre respecto al \u00bfQui\u00e9n soy? Otro aspecto que influye en este duelo, se refleja de sus acciones contradictorias en sus expectativas de autonom\u00eda, un adolescente puede sentirse en la capacidad de tomar m\u00e1s decisiones, pero a la vez, evade la responsabilidad de las consecuencias que no esperaba conseguir. Existen m\u00e1s caracter\u00edsticas que se alteran en este proceso de crecimiento, tales como la evoluci\u00f3n afectivo- sexual y la inmadurez psicosocial.<\/p>\n\n\n\n<p class=\"has-medium-font-size\">Un tercer tipo de duelo durante la transici\u00f3n, se refiere a la forma en la que cambian las relaciones interpersonales. Es bastante sencillo de darnos cuenta, no le hablamos igual a un ni\u00f1o que a un adolescente, y es justamente este desprendimiento forzoso del mundo infantil lo que los motiva a desconfiar del resto. Est\u00e1n centrados en reconocer el nuevo lenguaje, la nueva forma de trato, las exigencias, l\u00edmites, etc.<\/p>\n\n\n\n<div class=\"wp-block-image\"><figure class=\"aligncenter size-large is-resized\"><img loading=\"lazy\" decoding=\"async\" src=\"https:\/\/warayana.com.pe\/publicaciones\/wp-content\/uploads\/2022\/02\/WhatsApp-Image-2022-02-01-at-13.35.39.jpeg\" alt=\"\" class=\"wp-image-5597\" width=\"431\" height=\"287\" srcset=\"https:\/\/warayana.com.pe\/publicaciones\/wp-content\/uploads\/2022\/02\/WhatsApp-Image-2022-02-01-at-13.35.39.jpeg 450w, https:\/\/warayana.com.pe\/publicaciones\/wp-content\/uploads\/2022\/02\/WhatsApp-Image-2022-02-01-at-13.35.39-300x200.jpeg 300w\" sizes=\"auto, (max-width: 431px) 100vw, 431px\" \/><\/figure><\/div>\n\n\n\n<p class=\"has-medium-font-size\">Es necesario se\u00f1alar que, los padres y\/o cuidadores tambi\u00e9n experimentan un duelo al dejar de tener un hijo(a) que curse la fase de ni\u00f1ez, en donde se pod\u00eda percibir una relaci\u00f3n m\u00e1s protectora, de mayor cuidado, de menos responsabilidad para los hijos(as), incluso de mayor paciencia.<\/p>\n\n\n\n<p class=\"has-medium-font-size\">Ojal\u00e1 not\u00e1ramos m\u00e1s la gran necesidad de entendimiento que tienen los adolescentes. En este periodo es donde las heridas de infancia salpican, y si no tienen a una persona con quien hablar, aprender\u00e1n a disimular socialmente, sintiendo la incongruencia que se siente al no permitirse ser, quien realmente uno es.<\/p>\n\n\n\n<p class=\"has-medium-font-size\">Ser conscientes de esto nos podr\u00eda servir para incrementar la empat\u00eda, a\u00fan cuando la brecha generacional tiende a obstaculizar la comprensi\u00f3n. Consejer\u00eda a un adolescente en terapia: \u00abEntiendo tu temor, tristeza, enojo, es dif\u00edcil dejar de vernos, de pensar, sentir y comportarnos, de la \u00fanica forma a la que est\u00e1bamos acostumbrados. Es un proceso que va a tomar unos a\u00f1os, hasta que logres adaptarte. En realidad, el ni\u00f1o(a) interior no tendr\u00eda que desaparecer, y eso va a depender \u00fanicamente de ti. Est\u00e1 bien crecer, no tienes que ir tan r\u00e1pido, puedes hacerlo a tu ritmo. Pero no te detengas porque hay un mundo precioso tambi\u00e9n en la mente de los adolescentes, sobre todo de aquellos que nunca dejan de ser ni\u00f1os(as)\u00bb.<\/p>\n\n\n\n<p class=\"has-medium-font-size\"><strong>Bibliograf\u00eda:<\/strong><br>Aberastury, A. y M. Knobel (1997). La adolescencia normal. Buenos Aires, Paid\u00f3s<\/p>\n","protected":false},"excerpt":{"rendered":"<p>A medida que m\u00e1s se ingresa a la adolescencia, m\u00e1s amplia se va haciendo la distancia emocional con la ni\u00f1ez, motivo por el cual en esta etapa suelen aparecer abruptamente episodios de tristeza, de enojo, irritabilidad, aislamiento, entre otros.<\/p>\n","protected":false},"author":2,"featured_media":5598,"comment_status":"open","ping_status":"open","sticky":false,"template":"","format":"standard","meta":{"footnotes":""},"categories":[248,225],"tags":[67,344,343,342],"class_list":["post-5596","post","type-post","status-publish","format-standard","has-post-thumbnail","hentry","category-desarrollo-personal","category-psicologia-del-desarrollo","tag-adolescencia","tag-crecer","tag-madurar","tag-ninez"],"_links":{"self":[{"href":"https:\/\/warayana.com.pe\/publicaciones\/wp-json\/wp\/v2\/posts\/5596","targetHints":{"allow":["GET"]}}],"collection":[{"href":"https:\/\/warayana.com.pe\/publicaciones\/wp-json\/wp\/v2\/posts"}],"about":[{"href":"https:\/\/warayana.com.pe\/publicaciones\/wp-json\/wp\/v2\/types\/post"}],"author":[{"embeddable":true,"href":"https:\/\/warayana.com.pe\/publicaciones\/wp-json\/wp\/v2\/users\/2"}],"replies":[{"embeddable":true,"href":"https:\/\/warayana.com.pe\/publicaciones\/wp-json\/wp\/v2\/comments?post=5596"}],"version-history":[{"count":5,"href":"https:\/\/warayana.com.pe\/publicaciones\/wp-json\/wp\/v2\/posts\/5596\/revisions"}],"predecessor-version":[{"id":5618,"href":"https:\/\/warayana.com.pe\/publicaciones\/wp-json\/wp\/v2\/posts\/5596\/revisions\/5618"}],"wp:featuredmedia":[{"embeddable":true,"href":"https:\/\/warayana.com.pe\/publicaciones\/wp-json\/wp\/v2\/media\/5598"}],"wp:attachment":[{"href":"https:\/\/warayana.com.pe\/publicaciones\/wp-json\/wp\/v2\/media?parent=5596"}],"wp:term":[{"taxonomy":"category","embeddable":true,"href":"https:\/\/warayana.com.pe\/publicaciones\/wp-json\/wp\/v2\/categories?post=5596"},{"taxonomy":"post_tag","embeddable":true,"href":"https:\/\/warayana.com.pe\/publicaciones\/wp-json\/wp\/v2\/tags?post=5596"}],"curies":[{"name":"wp","href":"https:\/\/api.w.org\/{rel}","templated":true}]}}