{"id":4674,"date":"2021-11-18T06:24:02","date_gmt":"2021-11-18T05:24:02","guid":{"rendered":"https:\/\/warayana.com.pe\/publicaciones\/?p=4674"},"modified":"2021-12-14T14:05:32","modified_gmt":"2021-12-14T13:05:32","slug":"anhedonia-la-vida-en-blanco-y-negro","status":"publish","type":"post","link":"https:\/\/warayana.com.pe\/publicaciones\/2021\/11\/18\/anhedonia-la-vida-en-blanco-y-negro\/","title":{"rendered":"Anhedonia: Vivir anestesiados"},"content":{"rendered":"\n<p class=\"has-white-color has-black-background-color has-text-color has-background has-medium-font-size\">\u00bfAlguna vez has sentido que no tienes ganas de hacer nada?, \u00bfQu\u00e9 nada te llama la atenci\u00f3n?, \u00bfQu\u00e9 est\u00e1s en modo autom\u00e1tico?, \u00bfQu\u00e9 todo te aburre?, \u00bfQu\u00e9 no encuentras satisfacci\u00f3n en lo que antes te gustaba hacer?<\/p>\n\n\n\n<figure class=\"wp-block-image size-large is-style-default\"><img loading=\"lazy\" decoding=\"async\" width=\"1024\" height=\"390\" src=\"https:\/\/warayana.com.pe\/publicaciones\/wp-content\/uploads\/2021\/11\/Copy-of-Pink-Brushstroke-Fashion-Influencer-Facebook-Cover-3-1024x390.png\" alt=\"\" class=\"wp-image-4694\" srcset=\"https:\/\/warayana.com.pe\/publicaciones\/wp-content\/uploads\/2021\/11\/Copy-of-Pink-Brushstroke-Fashion-Influencer-Facebook-Cover-3-1024x390.png 1024w, https:\/\/warayana.com.pe\/publicaciones\/wp-content\/uploads\/2021\/11\/Copy-of-Pink-Brushstroke-Fashion-Influencer-Facebook-Cover-3-300x114.png 300w, https:\/\/warayana.com.pe\/publicaciones\/wp-content\/uploads\/2021\/11\/Copy-of-Pink-Brushstroke-Fashion-Influencer-Facebook-Cover-3-768x292.png 768w, https:\/\/warayana.com.pe\/publicaciones\/wp-content\/uploads\/2021\/11\/Copy-of-Pink-Brushstroke-Fashion-Influencer-Facebook-Cover-3-1536x584.png 1536w, https:\/\/warayana.com.pe\/publicaciones\/wp-content\/uploads\/2021\/11\/Copy-of-Pink-Brushstroke-Fashion-Influencer-Facebook-Cover-3-2048x779.png 2048w\" sizes=\"auto, (max-width: 1024px) 100vw, 1024px\" \/><\/figure>\n\n\n\n<p class=\"has-white-color has-black-background-color has-text-color has-background has-medium-font-size\">Existe un t\u00e9rmino para explicar este fen\u00f3meno psicol\u00f3gico: \u00abAnhedonia\u00bb. Se trata de un factor desadaptativo que genera la p\u00e9rdida o reducci\u00f3n significativa de la capacidad para disfrutar de la vida y\/o para experimentar placer. Tambi\u00e9n se le considera como una baja activaci\u00f3n emocional.<\/p>\n\n\n\n<p class=\"has-white-color has-black-background-color has-text-color has-background has-medium-font-size\">Es un d\u00e9ficit severo que genera la p\u00e9rdida del inter\u00e9s, de la sensibilidad, del impulso y de la motivaci\u00f3n ante est\u00edmulos que previamente eran gratificantes. Suele estar acompa\u00f1ada de un aplanamiento afectivo.<\/p>\n\n\n\n<p class=\"has-white-color has-black-background-color has-text-color has-background has-medium-font-size\">Es importante se\u00f1alar que, existen grados de anhedonia, por lo que podemos ver personas con niveles graves de afecci\u00f3n, en donde se tratar\u00eda de una incapacidad total de disfrutar y obtener placer, y otras personas percibir\u00e1n b\u00e1sicamente un descenso en dicha capacidad. <\/p>\n\n\n\n<figure class=\"wp-block-gallery columns-1 is-cropped wp-block-gallery-1 is-layout-flex wp-block-gallery-is-layout-flex\"><ul class=\"blocks-gallery-grid\"><li class=\"blocks-gallery-item\"><figure><img loading=\"lazy\" decoding=\"async\" width=\"1024\" height=\"390\" src=\"https:\/\/warayana.com.pe\/publicaciones\/wp-content\/uploads\/2021\/11\/Copy-of-Pink-Brushstroke-Fashion-Influencer-Facebook-Cover-12-1024x390.png\" alt=\"\" data-id=\"4758\" data-full-url=\"https:\/\/warayana.com.pe\/publicaciones\/wp-content\/uploads\/2021\/11\/Copy-of-Pink-Brushstroke-Fashion-Influencer-Facebook-Cover-12.png\" data-link=\"https:\/\/warayana.com.pe\/publicaciones\/?attachment_id=4758\" class=\"wp-image-4758\" srcset=\"https:\/\/warayana.com.pe\/publicaciones\/wp-content\/uploads\/2021\/11\/Copy-of-Pink-Brushstroke-Fashion-Influencer-Facebook-Cover-12-1024x390.png 1024w, https:\/\/warayana.com.pe\/publicaciones\/wp-content\/uploads\/2021\/11\/Copy-of-Pink-Brushstroke-Fashion-Influencer-Facebook-Cover-12-300x114.png 300w, https:\/\/warayana.com.pe\/publicaciones\/wp-content\/uploads\/2021\/11\/Copy-of-Pink-Brushstroke-Fashion-Influencer-Facebook-Cover-12-768x292.png 768w, https:\/\/warayana.com.pe\/publicaciones\/wp-content\/uploads\/2021\/11\/Copy-of-Pink-Brushstroke-Fashion-Influencer-Facebook-Cover-12-1536x584.png 1536w, https:\/\/warayana.com.pe\/publicaciones\/wp-content\/uploads\/2021\/11\/Copy-of-Pink-Brushstroke-Fashion-Influencer-Facebook-Cover-12-2048x779.png 2048w\" sizes=\"auto, (max-width: 1024px) 100vw, 1024px\" \/><\/figure><\/li><\/ul><\/figure>\n\n\n\n<p class=\"has-white-color has-black-background-color has-text-color has-background has-medium-font-size\">La anhedonia no es un trastorno en s\u00ed misma, pero es parte de la sintomatolog\u00eda de varios de ellos, los cuales se mencionan a continuaci\u00f3n:<\/p>\n\n\n\n<figure class=\"wp-block-gallery aligncenter columns-1 is-cropped wp-block-gallery-2 is-layout-flex wp-block-gallery-is-layout-flex\"><ul class=\"blocks-gallery-grid\"><li class=\"blocks-gallery-item\"><figure><img loading=\"lazy\" decoding=\"async\" width=\"410\" height=\"1024\" src=\"https:\/\/warayana.com.pe\/publicaciones\/wp-content\/uploads\/2021\/11\/Blue-and-Yellow-Cognitive-Model-Infographic-3-410x1024.png\" alt=\"\" data-id=\"4742\" data-full-url=\"https:\/\/warayana.com.pe\/publicaciones\/wp-content\/uploads\/2021\/11\/Blue-and-Yellow-Cognitive-Model-Infographic-3.png\" data-link=\"https:\/\/warayana.com.pe\/publicaciones\/?attachment_id=4742\" class=\"wp-image-4742\" srcset=\"https:\/\/warayana.com.pe\/publicaciones\/wp-content\/uploads\/2021\/11\/Blue-and-Yellow-Cognitive-Model-Infographic-3-410x1024.png 410w, https:\/\/warayana.com.pe\/publicaciones\/wp-content\/uploads\/2021\/11\/Blue-and-Yellow-Cognitive-Model-Infographic-3-120x300.png 120w, https:\/\/warayana.com.pe\/publicaciones\/wp-content\/uploads\/2021\/11\/Blue-and-Yellow-Cognitive-Model-Infographic-3-768x1920.png 768w, https:\/\/warayana.com.pe\/publicaciones\/wp-content\/uploads\/2021\/11\/Blue-and-Yellow-Cognitive-Model-Infographic-3.png 800w\" sizes=\"auto, (max-width: 410px) 100vw, 410px\" \/><\/figure><\/li><\/ul><\/figure>\n\n\n\n<figure class=\"wp-block-gallery columns-1 is-cropped wp-block-gallery-3 is-layout-flex wp-block-gallery-is-layout-flex\"><ul class=\"blocks-gallery-grid\"><li class=\"blocks-gallery-item\"><figure><img loading=\"lazy\" decoding=\"async\" width=\"1024\" height=\"390\" src=\"https:\/\/warayana.com.pe\/publicaciones\/wp-content\/uploads\/2021\/11\/Copy-of-Pink-Brushstroke-Fashion-Influencer-Facebook-Cover-1-1024x390.png\" alt=\"\" data-id=\"4692\" data-full-url=\"https:\/\/warayana.com.pe\/publicaciones\/wp-content\/uploads\/2021\/11\/Copy-of-Pink-Brushstroke-Fashion-Influencer-Facebook-Cover-1.png\" data-link=\"https:\/\/warayana.com.pe\/publicaciones\/?attachment_id=4692\" class=\"wp-image-4692\" srcset=\"https:\/\/warayana.com.pe\/publicaciones\/wp-content\/uploads\/2021\/11\/Copy-of-Pink-Brushstroke-Fashion-Influencer-Facebook-Cover-1-1024x390.png 1024w, https:\/\/warayana.com.pe\/publicaciones\/wp-content\/uploads\/2021\/11\/Copy-of-Pink-Brushstroke-Fashion-Influencer-Facebook-Cover-1-300x114.png 300w, https:\/\/warayana.com.pe\/publicaciones\/wp-content\/uploads\/2021\/11\/Copy-of-Pink-Brushstroke-Fashion-Influencer-Facebook-Cover-1-768x292.png 768w, https:\/\/warayana.com.pe\/publicaciones\/wp-content\/uploads\/2021\/11\/Copy-of-Pink-Brushstroke-Fashion-Influencer-Facebook-Cover-1-1536x584.png 1536w, https:\/\/warayana.com.pe\/publicaciones\/wp-content\/uploads\/2021\/11\/Copy-of-Pink-Brushstroke-Fashion-Influencer-Facebook-Cover-1-2048x779.png 2048w\" sizes=\"auto, (max-width: 1024px) 100vw, 1024px\" \/><\/figure><\/li><\/ul><\/figure>\n\n\n\n<figure class=\"wp-block-gallery aligncenter columns-1 is-cropped wp-block-gallery-4 is-layout-flex wp-block-gallery-is-layout-flex\"><ul class=\"blocks-gallery-grid\"><li class=\"blocks-gallery-item\"><figure><img loading=\"lazy\" decoding=\"async\" width=\"410\" height=\"1024\" src=\"https:\/\/warayana.com.pe\/publicaciones\/wp-content\/uploads\/2021\/11\/Blue-and-Yellow-Cognitive-Model-Infographic-4-410x1024.png\" alt=\"\" data-id=\"4746\" data-full-url=\"https:\/\/warayana.com.pe\/publicaciones\/wp-content\/uploads\/2021\/11\/Blue-and-Yellow-Cognitive-Model-Infographic-4.png\" data-link=\"https:\/\/warayana.com.pe\/publicaciones\/?attachment_id=4746\" class=\"wp-image-4746\" srcset=\"https:\/\/warayana.com.pe\/publicaciones\/wp-content\/uploads\/2021\/11\/Blue-and-Yellow-Cognitive-Model-Infographic-4-410x1024.png 410w, https:\/\/warayana.com.pe\/publicaciones\/wp-content\/uploads\/2021\/11\/Blue-and-Yellow-Cognitive-Model-Infographic-4-120x300.png 120w, https:\/\/warayana.com.pe\/publicaciones\/wp-content\/uploads\/2021\/11\/Blue-and-Yellow-Cognitive-Model-Infographic-4-768x1920.png 768w, https:\/\/warayana.com.pe\/publicaciones\/wp-content\/uploads\/2021\/11\/Blue-and-Yellow-Cognitive-Model-Infographic-4.png 800w\" sizes=\"auto, (max-width: 410px) 100vw, 410px\" \/><\/figure><\/li><\/ul><\/figure>\n\n\n\n<figure class=\"wp-block-image size-large is-style-default\"><img loading=\"lazy\" decoding=\"async\" width=\"1024\" height=\"390\" src=\"https:\/\/warayana.com.pe\/publicaciones\/wp-content\/uploads\/2021\/11\/Copy-of-Pink-Brushstroke-Fashion-Influencer-Facebook-Cover-1024x390.png\" alt=\"\" class=\"wp-image-4691\" srcset=\"https:\/\/warayana.com.pe\/publicaciones\/wp-content\/uploads\/2021\/11\/Copy-of-Pink-Brushstroke-Fashion-Influencer-Facebook-Cover-1024x390.png 1024w, https:\/\/warayana.com.pe\/publicaciones\/wp-content\/uploads\/2021\/11\/Copy-of-Pink-Brushstroke-Fashion-Influencer-Facebook-Cover-300x114.png 300w, https:\/\/warayana.com.pe\/publicaciones\/wp-content\/uploads\/2021\/11\/Copy-of-Pink-Brushstroke-Fashion-Influencer-Facebook-Cover-768x292.png 768w, https:\/\/warayana.com.pe\/publicaciones\/wp-content\/uploads\/2021\/11\/Copy-of-Pink-Brushstroke-Fashion-Influencer-Facebook-Cover-1536x584.png 1536w, https:\/\/warayana.com.pe\/publicaciones\/wp-content\/uploads\/2021\/11\/Copy-of-Pink-Brushstroke-Fashion-Influencer-Facebook-Cover-2048x779.png 2048w\" sizes=\"auto, (max-width: 1024px) 100vw, 1024px\" \/><\/figure>\n\n\n\n<p class=\"has-white-color has-black-background-color has-text-color has-background has-medium-font-size\">Th\u00e9odule-Armand Ribot (1839), psic\u00f3logo franc\u00e9s, agreg\u00f3 el t\u00e9rmino \u00abAnhedonia\u00bb, para describir la p\u00e9rdida patol\u00f3gica de la felicidad. <\/p>\n\n\n\n<p class=\"has-white-color has-black-background-color has-text-color has-background has-medium-font-size\">Esta palabra es el ant\u00f3nimo de la palabra \u00abhedon\u00e9\u00bb, que significa \u00abfelicidad\u00bb, \u00abplacer\u00bb. Ribot, emple\u00f3 sus conocimientos mitol\u00f3gicos, para crear dicho t\u00e9rmino. Acorde a la mitolog\u00eda Hedon\u00e9, fue hija de Eros y Psiqu\u00e9, y represent\u00f3 a un personaje que simbolizaba el placer (deseo y lujur\u00eda).<\/p>\n\n\n\n<figure class=\"wp-block-gallery aligncenter columns-1 is-cropped wp-block-gallery-5 is-layout-flex wp-block-gallery-is-layout-flex\"><ul class=\"blocks-gallery-grid\"><li class=\"blocks-gallery-item\"><figure><img loading=\"lazy\" decoding=\"async\" width=\"593\" height=\"873\" src=\"https:\/\/warayana.com.pe\/publicaciones\/wp-content\/uploads\/2021\/11\/Goddess-fantasy-Tyche.jpg\" alt=\"\" data-id=\"4764\" data-full-url=\"https:\/\/warayana.com.pe\/publicaciones\/wp-content\/uploads\/2021\/11\/Goddess-fantasy-Tyche.jpg\" data-link=\"https:\/\/warayana.com.pe\/publicaciones\/?attachment_id=4764\" class=\"wp-image-4764\" srcset=\"https:\/\/warayana.com.pe\/publicaciones\/wp-content\/uploads\/2021\/11\/Goddess-fantasy-Tyche.jpg 593w, https:\/\/warayana.com.pe\/publicaciones\/wp-content\/uploads\/2021\/11\/Goddess-fantasy-Tyche-204x300.jpg 204w\" sizes=\"auto, (max-width: 593px) 100vw, 593px\" \/><\/figure><\/li><\/ul><\/figure>\n\n\n\n<figure class=\"wp-block-image size-large is-style-default\"><img loading=\"lazy\" decoding=\"async\" width=\"1024\" height=\"390\" src=\"https:\/\/warayana.com.pe\/publicaciones\/wp-content\/uploads\/2021\/11\/Copy-of-Pink-Brushstroke-Fashion-Influencer-Facebook-Cover-2-1024x390.png\" alt=\"\" class=\"wp-image-4693\" srcset=\"https:\/\/warayana.com.pe\/publicaciones\/wp-content\/uploads\/2021\/11\/Copy-of-Pink-Brushstroke-Fashion-Influencer-Facebook-Cover-2-1024x390.png 1024w, https:\/\/warayana.com.pe\/publicaciones\/wp-content\/uploads\/2021\/11\/Copy-of-Pink-Brushstroke-Fashion-Influencer-Facebook-Cover-2-300x114.png 300w, https:\/\/warayana.com.pe\/publicaciones\/wp-content\/uploads\/2021\/11\/Copy-of-Pink-Brushstroke-Fashion-Influencer-Facebook-Cover-2-768x292.png 768w, https:\/\/warayana.com.pe\/publicaciones\/wp-content\/uploads\/2021\/11\/Copy-of-Pink-Brushstroke-Fashion-Influencer-Facebook-Cover-2-1536x584.png 1536w, https:\/\/warayana.com.pe\/publicaciones\/wp-content\/uploads\/2021\/11\/Copy-of-Pink-Brushstroke-Fashion-Influencer-Facebook-Cover-2-2048x779.png 2048w\" sizes=\"auto, (max-width: 1024px) 100vw, 1024px\" \/><\/figure>\n\n\n\n<p class=\"has-white-color has-black-background-color has-text-color has-background has-medium-font-size\">Fisiol\u00f3gicamente, se han evidenciado distintas causas por las que aparecer\u00eda y se agudizar\u00eda la anhedonia:<\/p>\n\n\n\n<p class=\"has-white-color has-black-background-color has-text-color has-background has-medium-font-size\">Una de ellas, indicar\u00eda una&nbsp;alteraci\u00f3n cerebral que impide que se genere la cantidad regular de dopamina, siendo la dopamina aquel neurotransmisor encargado de provocar las sensaciones placenteras y de relajaci\u00f3n. <\/p>\n\n\n\n<p class=\"has-white-color has-black-background-color has-text-color has-background has-medium-font-size\">Otra de las posibles causas asignadas, se refiere a ciertas deficiencias en los centros de recompensa del Sistema Nervioso, esto sumado a factores gen\u00e9ticos y ambientales.<\/p>\n\n\n\n<p class=\"has-white-color has-black-background-color has-text-color has-background has-medium-font-size\">Otros investigadores identificaron la producci\u00f3n excesiva de&nbsp;galanina, una mol\u00e9cula de se\u00f1alizaci\u00f3n neuronal responsable de la regulaci\u00f3n emocional.<\/p>\n\n\n\n<p class=\"has-white-color has-black-background-color has-text-color has-background has-medium-font-size\">Un estudio publicado en la revista &#8216;JAMA Psychiatry&#8217;, revela que los ni\u00f1os con anhedonia presentan diferencias en la forma en que su cerebro integra la recompensa y la excitaci\u00f3n y en la manera en que su cerebro se activa al anticipar las recompensas.<\/p>\n\n\n\n<figure class=\"wp-block-image size-large is-style-default\"><img loading=\"lazy\" decoding=\"async\" width=\"1024\" height=\"390\" src=\"https:\/\/warayana.com.pe\/publicaciones\/wp-content\/uploads\/2021\/11\/Copy-of-Pink-Brushstroke-Fashion-Influencer-Facebook-Cover-6-1024x390.png\" alt=\"\" class=\"wp-image-4703\" srcset=\"https:\/\/warayana.com.pe\/publicaciones\/wp-content\/uploads\/2021\/11\/Copy-of-Pink-Brushstroke-Fashion-Influencer-Facebook-Cover-6-1024x390.png 1024w, https:\/\/warayana.com.pe\/publicaciones\/wp-content\/uploads\/2021\/11\/Copy-of-Pink-Brushstroke-Fashion-Influencer-Facebook-Cover-6-300x114.png 300w, https:\/\/warayana.com.pe\/publicaciones\/wp-content\/uploads\/2021\/11\/Copy-of-Pink-Brushstroke-Fashion-Influencer-Facebook-Cover-6-768x292.png 768w, https:\/\/warayana.com.pe\/publicaciones\/wp-content\/uploads\/2021\/11\/Copy-of-Pink-Brushstroke-Fashion-Influencer-Facebook-Cover-6-1536x584.png 1536w, https:\/\/warayana.com.pe\/publicaciones\/wp-content\/uploads\/2021\/11\/Copy-of-Pink-Brushstroke-Fashion-Influencer-Facebook-Cover-6-2048x779.png 2048w\" sizes=\"auto, (max-width: 1024px) 100vw, 1024px\" \/><\/figure>\n\n\n\n<p class=\"has-white-color has-black-background-color has-text-color has-background has-medium-font-size\">Existen dos tipos de clasificaci\u00f3n de Anhedonia:<\/p>\n\n\n\n<figure class=\"wp-block-image size-large is-style-default\"><img loading=\"lazy\" decoding=\"async\" width=\"1024\" height=\"1024\" src=\"https:\/\/warayana.com.pe\/publicaciones\/wp-content\/uploads\/2021\/11\/Copy-of-Psicologo-y-Terapeuta-Folletos-Promocionales-29-1024x1024.png\" alt=\"\" class=\"wp-image-4777\" srcset=\"https:\/\/warayana.com.pe\/publicaciones\/wp-content\/uploads\/2021\/11\/Copy-of-Psicologo-y-Terapeuta-Folletos-Promocionales-29-1024x1024.png 1024w, https:\/\/warayana.com.pe\/publicaciones\/wp-content\/uploads\/2021\/11\/Copy-of-Psicologo-y-Terapeuta-Folletos-Promocionales-29-300x300.png 300w, https:\/\/warayana.com.pe\/publicaciones\/wp-content\/uploads\/2021\/11\/Copy-of-Psicologo-y-Terapeuta-Folletos-Promocionales-29-150x150.png 150w, https:\/\/warayana.com.pe\/publicaciones\/wp-content\/uploads\/2021\/11\/Copy-of-Psicologo-y-Terapeuta-Folletos-Promocionales-29-768x768.png 768w, https:\/\/warayana.com.pe\/publicaciones\/wp-content\/uploads\/2021\/11\/Copy-of-Psicologo-y-Terapeuta-Folletos-Promocionales-29-60x60.png 60w, https:\/\/warayana.com.pe\/publicaciones\/wp-content\/uploads\/2021\/11\/Copy-of-Psicologo-y-Terapeuta-Folletos-Promocionales-29.png 1080w\" sizes=\"auto, (max-width: 1024px) 100vw, 1024px\" \/><\/figure>\n\n\n\n<p class=\"has-white-color has-black-background-color has-text-color has-background has-medium-font-size\">A continuaci\u00f3n, se mencionar\u00e1n los subtipos de anhedonia en base al est\u00edmulo percibido:<\/p>\n\n\n\n<p class=\"has-text-align-center has-black-background-color has-text-color has-background has-large-font-size\" style=\"color:#adf7ff\"><strong>Anhedonia social<\/strong>: <\/p>\n\n\n\n<figure class=\"wp-block-gallery columns-1 is-cropped wp-block-gallery-6 is-layout-flex wp-block-gallery-is-layout-flex\"><ul class=\"blocks-gallery-grid\"><li class=\"blocks-gallery-item\"><figure><img loading=\"lazy\" decoding=\"async\" width=\"1024\" height=\"1024\" src=\"https:\/\/warayana.com.pe\/publicaciones\/wp-content\/uploads\/2021\/11\/Cute-Notes-Illustration-Reminder-Quote-Instagram-Post-5-1024x1024.png\" alt=\"\" data-id=\"4784\" data-full-url=\"https:\/\/warayana.com.pe\/publicaciones\/wp-content\/uploads\/2021\/11\/Cute-Notes-Illustration-Reminder-Quote-Instagram-Post-5.png\" data-link=\"https:\/\/warayana.com.pe\/publicaciones\/?attachment_id=4784\" class=\"wp-image-4784\" srcset=\"https:\/\/warayana.com.pe\/publicaciones\/wp-content\/uploads\/2021\/11\/Cute-Notes-Illustration-Reminder-Quote-Instagram-Post-5-1024x1024.png 1024w, https:\/\/warayana.com.pe\/publicaciones\/wp-content\/uploads\/2021\/11\/Cute-Notes-Illustration-Reminder-Quote-Instagram-Post-5-300x300.png 300w, https:\/\/warayana.com.pe\/publicaciones\/wp-content\/uploads\/2021\/11\/Cute-Notes-Illustration-Reminder-Quote-Instagram-Post-5-150x150.png 150w, https:\/\/warayana.com.pe\/publicaciones\/wp-content\/uploads\/2021\/11\/Cute-Notes-Illustration-Reminder-Quote-Instagram-Post-5-768x768.png 768w, https:\/\/warayana.com.pe\/publicaciones\/wp-content\/uploads\/2021\/11\/Cute-Notes-Illustration-Reminder-Quote-Instagram-Post-5-60x60.png 60w, https:\/\/warayana.com.pe\/publicaciones\/wp-content\/uploads\/2021\/11\/Cute-Notes-Illustration-Reminder-Quote-Instagram-Post-5.png 1080w\" sizes=\"auto, (max-width: 1024px) 100vw, 1024px\" \/><\/figure><\/li><\/ul><\/figure>\n\n\n\n<p class=\"has-white-color has-black-background-color has-text-color has-background has-medium-font-size\">Se refiere a la incapacidad para disfrutar de las relaciones interpersonales y por ende, por presentar inter\u00e9s en este relacionamiento. Esto podr\u00eda conllevar al aislamiento social.<\/p>\n\n\n\n<p class=\"has-text-align-center has-black-background-color has-text-color has-background has-large-font-size\" style=\"color:#adf7ff\"><strong>Anhedonia f\u00edsica<\/strong>: <\/p>\n\n\n\n<figure class=\"wp-block-gallery columns-1 is-cropped wp-block-gallery-7 is-layout-flex wp-block-gallery-is-layout-flex\"><ul class=\"blocks-gallery-grid\"><li class=\"blocks-gallery-item\"><figure><img loading=\"lazy\" decoding=\"async\" width=\"1024\" height=\"1024\" src=\"https:\/\/warayana.com.pe\/publicaciones\/wp-content\/uploads\/2021\/11\/Cute-Notes-Illustration-Reminder-Quote-Instagram-Post-4-1024x1024.png\" alt=\"\" data-id=\"4783\" data-full-url=\"https:\/\/warayana.com.pe\/publicaciones\/wp-content\/uploads\/2021\/11\/Cute-Notes-Illustration-Reminder-Quote-Instagram-Post-4.png\" data-link=\"https:\/\/warayana.com.pe\/publicaciones\/?attachment_id=4783\" class=\"wp-image-4783\" srcset=\"https:\/\/warayana.com.pe\/publicaciones\/wp-content\/uploads\/2021\/11\/Cute-Notes-Illustration-Reminder-Quote-Instagram-Post-4-1024x1024.png 1024w, https:\/\/warayana.com.pe\/publicaciones\/wp-content\/uploads\/2021\/11\/Cute-Notes-Illustration-Reminder-Quote-Instagram-Post-4-300x300.png 300w, https:\/\/warayana.com.pe\/publicaciones\/wp-content\/uploads\/2021\/11\/Cute-Notes-Illustration-Reminder-Quote-Instagram-Post-4-150x150.png 150w, https:\/\/warayana.com.pe\/publicaciones\/wp-content\/uploads\/2021\/11\/Cute-Notes-Illustration-Reminder-Quote-Instagram-Post-4-768x768.png 768w, https:\/\/warayana.com.pe\/publicaciones\/wp-content\/uploads\/2021\/11\/Cute-Notes-Illustration-Reminder-Quote-Instagram-Post-4-60x60.png 60w, https:\/\/warayana.com.pe\/publicaciones\/wp-content\/uploads\/2021\/11\/Cute-Notes-Illustration-Reminder-Quote-Instagram-Post-4.png 1080w\" sizes=\"auto, (max-width: 1024px) 100vw, 1024px\" \/><\/figure><\/li><\/ul><\/figure>\n\n\n\n<p class=\"has-white-color has-black-background-color has-text-color has-background has-medium-font-size\">El placer tiene un car\u00e1cter multisensorial, puede ser olfativo, auditivo, visual, t\u00e1ctil y gustativo, por lo que una persona con anhedonia reduce o anula la sensibilidad positiva percibida, ya sea en alguna de las modalidades sensoriales de forma espec\u00edfica, o en su totalidad.<\/p>\n\n\n\n<p class=\"has-white-color has-black-background-color has-text-color has-background has-medium-font-size\">Las personas con anhedonia f\u00edsica, no logran disfrutar de placeres sensoriales, como por ejemplo, la m\u00fasica (anhedonia musical), los paisajes, las relaciones sexuales o la comida.<\/p>\n\n\n\n<p class=\"has-white-color has-black-background-color has-text-color has-background has-medium-font-size\">Algunos autores, mencionan un t\u00e9rmino espec\u00edfico \u00abAnhedonia eyaculatoria\u00bb, que se refiere a la dificultad para percibir un orgasmo durante la fase de eyaculaci\u00f3n.<\/p>\n\n\n\n<p class=\"has-white-color has-black-background-color has-text-color has-background has-medium-font-size\">Por otro lado, la anhedonia en base al tiempo en el que surge, se cataloga de la siguiente manera:<\/p>\n\n\n\n<p class=\"has-text-align-center has-black-background-color has-text-color has-background has-large-font-size\" style=\"color:#adf7ff\"><strong>La anhedonia anticipatoria<\/strong>:<\/p>\n\n\n\n<figure class=\"wp-block-gallery aligncenter columns-1 is-cropped wp-block-gallery-8 is-layout-flex wp-block-gallery-is-layout-flex\"><ul class=\"blocks-gallery-grid\"><li class=\"blocks-gallery-item\"><figure><img loading=\"lazy\" decoding=\"async\" width=\"255\" height=\"198\" src=\"https:\/\/warayana.com.pe\/publicaciones\/wp-content\/uploads\/2021\/11\/descarga-16.jpg\" alt=\"\" data-id=\"4780\" data-full-url=\"https:\/\/warayana.com.pe\/publicaciones\/wp-content\/uploads\/2021\/11\/descarga-16.jpg\" data-link=\"https:\/\/warayana.com.pe\/publicaciones\/?attachment_id=4780\" class=\"wp-image-4780\"\/><\/figure><\/li><\/ul><\/figure>\n\n\n\n<p class=\"has-white-color has-black-background-color has-text-color has-background has-medium-font-size\">La cual se caracteriza por la falta de ilusi\u00f3n y de inter\u00e9s antes de que ocurra cualquier est\u00edmulo previamente mencionado, o con tan solo imaginarlo. Se les dificulta visualizar que la experiencia ser\u00e1 positiva.<\/p>\n\n\n\n<p class=\"has-text-align-center has-black-background-color has-text-color has-background has-large-font-size\" style=\"color:#adf7ff\"><strong>La anhedonia consumatoria<\/strong>:<\/p>\n\n\n\n<figure class=\"wp-block-gallery columns-1 is-cropped wp-block-gallery-9 is-layout-flex wp-block-gallery-is-layout-flex\"><ul class=\"blocks-gallery-grid\"><li class=\"blocks-gallery-item\"><figure><img loading=\"lazy\" decoding=\"async\" width=\"1024\" height=\"576\" src=\"https:\/\/warayana.com.pe\/publicaciones\/wp-content\/uploads\/2021\/11\/Copy-of-Copy-of-Copy-of-Copy-of-Copy-of-Cream-and-Gray-Minimalist-Simple-Yoga-Presentation-3-1024x576.png\" alt=\"\" data-id=\"4782\" data-full-url=\"https:\/\/warayana.com.pe\/publicaciones\/wp-content\/uploads\/2021\/11\/Copy-of-Copy-of-Copy-of-Copy-of-Copy-of-Cream-and-Gray-Minimalist-Simple-Yoga-Presentation-3.png\" data-link=\"https:\/\/warayana.com.pe\/publicaciones\/?attachment_id=4782\" class=\"wp-image-4782\" srcset=\"https:\/\/warayana.com.pe\/publicaciones\/wp-content\/uploads\/2021\/11\/Copy-of-Copy-of-Copy-of-Copy-of-Copy-of-Cream-and-Gray-Minimalist-Simple-Yoga-Presentation-3-1024x576.png 1024w, https:\/\/warayana.com.pe\/publicaciones\/wp-content\/uploads\/2021\/11\/Copy-of-Copy-of-Copy-of-Copy-of-Copy-of-Cream-and-Gray-Minimalist-Simple-Yoga-Presentation-3-300x169.png 300w, https:\/\/warayana.com.pe\/publicaciones\/wp-content\/uploads\/2021\/11\/Copy-of-Copy-of-Copy-of-Copy-of-Copy-of-Cream-and-Gray-Minimalist-Simple-Yoga-Presentation-3-768x432.png 768w, https:\/\/warayana.com.pe\/publicaciones\/wp-content\/uploads\/2021\/11\/Copy-of-Copy-of-Copy-of-Copy-of-Copy-of-Cream-and-Gray-Minimalist-Simple-Yoga-Presentation-3-1536x864.png 1536w, https:\/\/warayana.com.pe\/publicaciones\/wp-content\/uploads\/2021\/11\/Copy-of-Copy-of-Copy-of-Copy-of-Copy-of-Cream-and-Gray-Minimalist-Simple-Yoga-Presentation-3.png 1920w\" sizes=\"auto, (max-width: 1024px) 100vw, 1024px\" \/><\/figure><\/li><\/ul><\/figure>\n\n\n\n<p class=\"has-white-color has-black-background-color has-text-color has-background has-medium-font-size\">Relacionada con la falta de placer al experimentar en el presente cualquiera de los est\u00edmulos sociales o f\u00edsicos, mencionados previamente. <\/p>\n\n\n\n<p class=\"has-text-align-center has-black-background-color has-text-color has-background has-large-font-size\" style=\"color:#adf7ff\"><strong>La anhedonia recordativa:<\/strong><\/p>\n\n\n\n<figure class=\"wp-block-gallery columns-1 is-cropped wp-block-gallery-10 is-layout-flex wp-block-gallery-is-layout-flex\"><ul class=\"blocks-gallery-grid\"><li class=\"blocks-gallery-item\"><figure><img loading=\"lazy\" decoding=\"async\" width=\"1024\" height=\"1024\" src=\"https:\/\/warayana.com.pe\/publicaciones\/wp-content\/uploads\/2021\/11\/Cute-Notes-Illustration-Reminder-Quote-Instagram-Post-6-1024x1024.png\" alt=\"\" data-id=\"4785\" data-full-url=\"https:\/\/warayana.com.pe\/publicaciones\/wp-content\/uploads\/2021\/11\/Cute-Notes-Illustration-Reminder-Quote-Instagram-Post-6.png\" data-link=\"https:\/\/warayana.com.pe\/publicaciones\/?attachment_id=4785\" class=\"wp-image-4785\" srcset=\"https:\/\/warayana.com.pe\/publicaciones\/wp-content\/uploads\/2021\/11\/Cute-Notes-Illustration-Reminder-Quote-Instagram-Post-6-1024x1024.png 1024w, https:\/\/warayana.com.pe\/publicaciones\/wp-content\/uploads\/2021\/11\/Cute-Notes-Illustration-Reminder-Quote-Instagram-Post-6-300x300.png 300w, https:\/\/warayana.com.pe\/publicaciones\/wp-content\/uploads\/2021\/11\/Cute-Notes-Illustration-Reminder-Quote-Instagram-Post-6-150x150.png 150w, https:\/\/warayana.com.pe\/publicaciones\/wp-content\/uploads\/2021\/11\/Cute-Notes-Illustration-Reminder-Quote-Instagram-Post-6-768x768.png 768w, https:\/\/warayana.com.pe\/publicaciones\/wp-content\/uploads\/2021\/11\/Cute-Notes-Illustration-Reminder-Quote-Instagram-Post-6-60x60.png 60w, https:\/\/warayana.com.pe\/publicaciones\/wp-content\/uploads\/2021\/11\/Cute-Notes-Illustration-Reminder-Quote-Instagram-Post-6.png 1080w\" sizes=\"auto, (max-width: 1024px) 100vw, 1024px\" \/><\/figure><\/li><\/ul><\/figure>\n\n\n\n<p class=\"has-white-color has-black-background-color has-text-color has-background has-medium-font-size\">Tambi\u00e9n conocida como la anhedonia del recuerdo.<\/p>\n\n\n\n<p class=\"has-white-color has-black-background-color has-text-color has-background has-medium-font-size\">Se refiere a la dificultad para recordar satisfactoriamente sucesos previos que en su momento se vivenciaron de forma placentera, no brind\u00e1ndole la misma valoraci\u00f3n que se percibi\u00f3 al momento de vivir las experiencias.<\/p>\n\n\n\n<figure class=\"wp-block-image size-large is-style-default\"><img loading=\"lazy\" decoding=\"async\" width=\"1024\" height=\"390\" src=\"https:\/\/warayana.com.pe\/publicaciones\/wp-content\/uploads\/2021\/11\/Copy-of-Pink-Brushstroke-Fashion-Influencer-Facebook-Cover-8-1024x390.png\" alt=\"\" class=\"wp-image-4708\" srcset=\"https:\/\/warayana.com.pe\/publicaciones\/wp-content\/uploads\/2021\/11\/Copy-of-Pink-Brushstroke-Fashion-Influencer-Facebook-Cover-8-1024x390.png 1024w, https:\/\/warayana.com.pe\/publicaciones\/wp-content\/uploads\/2021\/11\/Copy-of-Pink-Brushstroke-Fashion-Influencer-Facebook-Cover-8-300x114.png 300w, https:\/\/warayana.com.pe\/publicaciones\/wp-content\/uploads\/2021\/11\/Copy-of-Pink-Brushstroke-Fashion-Influencer-Facebook-Cover-8-768x292.png 768w, https:\/\/warayana.com.pe\/publicaciones\/wp-content\/uploads\/2021\/11\/Copy-of-Pink-Brushstroke-Fashion-Influencer-Facebook-Cover-8-1536x584.png 1536w, https:\/\/warayana.com.pe\/publicaciones\/wp-content\/uploads\/2021\/11\/Copy-of-Pink-Brushstroke-Fashion-Influencer-Facebook-Cover-8-2048x779.png 2048w\" sizes=\"auto, (max-width: 1024px) 100vw, 1024px\" \/><\/figure>\n\n\n\n<p class=\"has-white-color has-black-background-color has-text-color has-background has-medium-font-size\">A continuaci\u00f3n, se detallan los principales instrumentos psicot\u00e9cnicos que nos permitir\u00e1n medir esta dificultad emocional: <\/p>\n\n\n\n<figure class=\"wp-block-gallery columns-1 is-cropped wp-block-gallery-11 is-layout-flex wp-block-gallery-is-layout-flex\"><ul class=\"blocks-gallery-grid\"><li class=\"blocks-gallery-item\"><figure><img loading=\"lazy\" decoding=\"async\" width=\"1024\" height=\"1024\" src=\"https:\/\/warayana.com.pe\/publicaciones\/wp-content\/uploads\/2021\/11\/Cute-Notes-Illustration-Reminder-Quote-Instagram-Post-7-1024x1024.png\" alt=\"\" data-id=\"4786\" data-full-url=\"https:\/\/warayana.com.pe\/publicaciones\/wp-content\/uploads\/2021\/11\/Cute-Notes-Illustration-Reminder-Quote-Instagram-Post-7.png\" data-link=\"https:\/\/warayana.com.pe\/publicaciones\/?attachment_id=4786\" class=\"wp-image-4786\" srcset=\"https:\/\/warayana.com.pe\/publicaciones\/wp-content\/uploads\/2021\/11\/Cute-Notes-Illustration-Reminder-Quote-Instagram-Post-7-1024x1024.png 1024w, https:\/\/warayana.com.pe\/publicaciones\/wp-content\/uploads\/2021\/11\/Cute-Notes-Illustration-Reminder-Quote-Instagram-Post-7-300x300.png 300w, https:\/\/warayana.com.pe\/publicaciones\/wp-content\/uploads\/2021\/11\/Cute-Notes-Illustration-Reminder-Quote-Instagram-Post-7-150x150.png 150w, https:\/\/warayana.com.pe\/publicaciones\/wp-content\/uploads\/2021\/11\/Cute-Notes-Illustration-Reminder-Quote-Instagram-Post-7-768x768.png 768w, https:\/\/warayana.com.pe\/publicaciones\/wp-content\/uploads\/2021\/11\/Cute-Notes-Illustration-Reminder-Quote-Instagram-Post-7-60x60.png 60w, https:\/\/warayana.com.pe\/publicaciones\/wp-content\/uploads\/2021\/11\/Cute-Notes-Illustration-Reminder-Quote-Instagram-Post-7.png 1080w\" sizes=\"auto, (max-width: 1024px) 100vw, 1024px\" \/><figcaption class=\"blocks-gallery-item__caption\"><br><\/figcaption><\/figure><\/li><\/ul><\/figure>\n\n\n\n<p class=\"has-white-color has-black-background-color has-text-color has-background has-medium-font-size\">Estas escalas nos brindar\u00e1n un mayor entendimiento del tipo de anhedonia, as\u00ed como del nivel de gravedad y de afecci\u00f3n en el paciente, aunque es necesario que estos datos sean corroborados en las entrevistas y sesiones psicol\u00f3gicas.<\/p>\n\n\n\n<figure class=\"wp-block-image size-large is-style-default\"><img loading=\"lazy\" decoding=\"async\" width=\"1024\" height=\"390\" src=\"https:\/\/warayana.com.pe\/publicaciones\/wp-content\/uploads\/2021\/11\/Copy-of-Pink-Brushstroke-Fashion-Influencer-Facebook-Cover-4-1024x390.png\" alt=\"\" class=\"wp-image-4696\" srcset=\"https:\/\/warayana.com.pe\/publicaciones\/wp-content\/uploads\/2021\/11\/Copy-of-Pink-Brushstroke-Fashion-Influencer-Facebook-Cover-4-1024x390.png 1024w, https:\/\/warayana.com.pe\/publicaciones\/wp-content\/uploads\/2021\/11\/Copy-of-Pink-Brushstroke-Fashion-Influencer-Facebook-Cover-4-300x114.png 300w, https:\/\/warayana.com.pe\/publicaciones\/wp-content\/uploads\/2021\/11\/Copy-of-Pink-Brushstroke-Fashion-Influencer-Facebook-Cover-4-768x292.png 768w, https:\/\/warayana.com.pe\/publicaciones\/wp-content\/uploads\/2021\/11\/Copy-of-Pink-Brushstroke-Fashion-Influencer-Facebook-Cover-4-1536x584.png 1536w, https:\/\/warayana.com.pe\/publicaciones\/wp-content\/uploads\/2021\/11\/Copy-of-Pink-Brushstroke-Fashion-Influencer-Facebook-Cover-4-2048x779.png 2048w\" sizes=\"auto, (max-width: 1024px) 100vw, 1024px\" \/><\/figure>\n\n\n\n<p class=\"has-white-color has-black-background-color has-text-color has-background has-medium-font-size\">En primer lugar, hay que destacar la necesidad de diagnosticarla, identificar los tipos de anhedonia, y especialmente lograr conocer sus causas.  <\/p>\n\n\n\n<p class=\"has-white-color has-black-background-color has-text-color has-background has-medium-font-size\">Una vez identificada la(s) causa(s), los objetivos de psicoterapia podr\u00e1n ser focalizados en la(s) mismas, por ejemplo, cuando la anhedonia est\u00e1 causada por la depresi\u00f3n, los trastornos de ansiedad o consumo de sustancias psicoactivas, al mejorar estas enfermedades tambi\u00e9n ir\u00e1 desapareciendo o disminuyendo la anhedonia.<\/p>\n\n\n\n<p class=\"has-white-color has-black-background-color has-text-color has-background has-medium-font-size\">Como se mencion\u00f3 previamente, la anhedonia es un s\u00edntoma de otra patolog\u00eda o trastorno, por lo que es necesario identificarlo de base para establecer un tratamiento id\u00f3neo.<\/p>\n\n\n\n<p class=\"has-white-color has-black-background-color has-text-color has-background has-medium-font-size\">Por \u00faltimo, es recomendable efectuar una derivaci\u00f3n al psiquiatra, nutricionista, y de ser posible a alg\u00fan entrenador(a) f\u00edsico para trabajar en conjunto.<br><\/p>\n\n\n\n<blockquote class=\"wp-block-quote is-layout-flow wp-block-quote-is-layout-flow\"><p>Matar mi juventud con dagas ansiosas; ostentar<br>la librea extravagante de esta edad mezquina;<br>dejar que cada mano vil se hunda en mi tesoro;<br>trenzar mi alma al cabello de una mujer<br>y ser s\u00f3lo un siervo de Fortuna. Lo juro,<br>\u00a1no me agrada! Todo eso es menos para m\u00ed<br>que la fina espuma que se inquieta en el mar,<br>menos que el vilano sin semilla<br>en el aire estival. Mejor permanecer lejos<br>de esos necios que con calumnias se burlan de mi vida,<br>aunque no me conozcan. Mejor el m\u00e1s modesto techo<br>para abrigar al pe\u00f3n m\u00e1s abatido<br>que volver a esa cueva oscura de guerras,<br>donde mi alma blanca bes\u00f3 por vez primera la boca del pecado.<\/p><cite><em>Tedium Vitae<\/em> (Tedio por la vida), Poema de: Oscar Wilde (1854-1900)<\/cite><\/blockquote>\n\n\n\n<figure class=\"wp-block-image size-large is-style-default\"><img loading=\"lazy\" decoding=\"async\" width=\"1024\" height=\"390\" src=\"https:\/\/warayana.com.pe\/publicaciones\/wp-content\/uploads\/2021\/11\/Copy-of-Pink-Brushstroke-Fashion-Influencer-Facebook-Cover-7-1024x390.png\" alt=\"\" class=\"wp-image-4705\" srcset=\"https:\/\/warayana.com.pe\/publicaciones\/wp-content\/uploads\/2021\/11\/Copy-of-Pink-Brushstroke-Fashion-Influencer-Facebook-Cover-7-1024x390.png 1024w, https:\/\/warayana.com.pe\/publicaciones\/wp-content\/uploads\/2021\/11\/Copy-of-Pink-Brushstroke-Fashion-Influencer-Facebook-Cover-7-300x114.png 300w, https:\/\/warayana.com.pe\/publicaciones\/wp-content\/uploads\/2021\/11\/Copy-of-Pink-Brushstroke-Fashion-Influencer-Facebook-Cover-7-768x292.png 768w, https:\/\/warayana.com.pe\/publicaciones\/wp-content\/uploads\/2021\/11\/Copy-of-Pink-Brushstroke-Fashion-Influencer-Facebook-Cover-7-1536x584.png 1536w, https:\/\/warayana.com.pe\/publicaciones\/wp-content\/uploads\/2021\/11\/Copy-of-Pink-Brushstroke-Fashion-Influencer-Facebook-Cover-7-2048x779.png 2048w\" sizes=\"auto, (max-width: 1024px) 100vw, 1024px\" \/><\/figure>\n\n\n\n<p class=\"has-white-color has-black-background-color has-text-color has-background\">Garc\u00eda-Rodr\u00edguez, M., Fern\u00e1ndez-Company, J. F., Alvarado, J. M., Jim\u00e9nez, V., &amp; Ivanova-Iotova, A. (2021). \u201cPleasure in music and its relationship with social anhedonia\u201d.&nbsp;<em>Studies in Psychology<\/em>, 1-26.&nbsp;<a rel=\"noreferrer noopener\" href=\"https:\/\/doi.org\/10.1080\/02109395.2020.1857632\" target=\"_blank\">https:\/\/doi.org\/10.1080\/02109395.2020.1857632<\/a><\/p>\n\n\n\n<p class=\"has-white-color has-black-background-color has-text-color has-background\">Isella, V.; Iurlaro, S.; Piolti, R.; Ferrarese, C.; Frattola, L.; Appollonio, I.; Melzi, P.; Grimaldi, M. 2003. Physical anhedonia in Parkinson\u2019s disease. J. Neurol. Neurosur. Ps. 74: 1308\u20131311<\/p>\n\n\n\n<p class=\"has-white-color has-black-background-color has-text-color has-background\">Markou, A.; Kostenb, T.; Kooba, G. 1998. Neurobiological similarities in depression and drug dependence: a self-medication hypothesis. Neuropsychopharmacology 18: 135\u2013174.<\/p>\n\n\n\n<p class=\"has-white-color has-black-background-color has-text-color has-background\">Rev. Latinoam. Psicopat. Fund., S\u00e3o Paulo, 17(4), 827-830, dez. 2014<br>Editorial La anhedonia H\u00e9ctor Perez-Rinc\u00f3n* http:\/\/dx.doi.org\/10.1590\/1415-4714.2014v17n4p827.<\/p>\n\n\n\n<p class=\"has-white-color has-black-background-color has-text-color has-background\">Starkstein, S.E.; Jorge, R.; Mizrahi, R.; Robinson, R. 2005. The construct of minor and major depression in Alzheimer\u2019s disease. Am. J. Psychiat. 162: 2086\u20132093.<\/p>\n","protected":false},"excerpt":{"rendered":"<p>La anhedonia es un d\u00e9ficit severo que genera la p\u00e9rdida del inter\u00e9s, de la sensibilidad, del impulso y de la motivaci\u00f3n ante est\u00edmulos que previamente eran gratificantes. Suele estar acompa\u00f1ada de un aplanamiento afectivo.<\/p>\n","protected":false},"author":2,"featured_media":4791,"comment_status":"open","ping_status":"open","sticky":false,"template":"","format":"standard","meta":{"footnotes":""},"categories":[223,253],"tags":[279,280],"class_list":["post-4674","post","type-post","status-publish","format-standard","has-post-thumbnail","hentry","category-fundamentos-de-la-psicologia","category-salud-mental","tag-anhedonia","tag-tratamiento"],"_links":{"self":[{"href":"https:\/\/warayana.com.pe\/publicaciones\/wp-json\/wp\/v2\/posts\/4674","targetHints":{"allow":["GET"]}}],"collection":[{"href":"https:\/\/warayana.com.pe\/publicaciones\/wp-json\/wp\/v2\/posts"}],"about":[{"href":"https:\/\/warayana.com.pe\/publicaciones\/wp-json\/wp\/v2\/types\/post"}],"author":[{"embeddable":true,"href":"https:\/\/warayana.com.pe\/publicaciones\/wp-json\/wp\/v2\/users\/2"}],"replies":[{"embeddable":true,"href":"https:\/\/warayana.com.pe\/publicaciones\/wp-json\/wp\/v2\/comments?post=4674"}],"version-history":[{"count":76,"href":"https:\/\/warayana.com.pe\/publicaciones\/wp-json\/wp\/v2\/posts\/4674\/revisions"}],"predecessor-version":[{"id":4830,"href":"https:\/\/warayana.com.pe\/publicaciones\/wp-json\/wp\/v2\/posts\/4674\/revisions\/4830"}],"wp:featuredmedia":[{"embeddable":true,"href":"https:\/\/warayana.com.pe\/publicaciones\/wp-json\/wp\/v2\/media\/4791"}],"wp:attachment":[{"href":"https:\/\/warayana.com.pe\/publicaciones\/wp-json\/wp\/v2\/media?parent=4674"}],"wp:term":[{"taxonomy":"category","embeddable":true,"href":"https:\/\/warayana.com.pe\/publicaciones\/wp-json\/wp\/v2\/categories?post=4674"},{"taxonomy":"post_tag","embeddable":true,"href":"https:\/\/warayana.com.pe\/publicaciones\/wp-json\/wp\/v2\/tags?post=4674"}],"curies":[{"name":"wp","href":"https:\/\/api.w.org\/{rel}","templated":true}]}}