{"id":4254,"date":"2021-10-13T01:02:06","date_gmt":"2021-10-12T23:02:06","guid":{"rendered":"https:\/\/warayana.com.pe\/publicaciones\/?p=4254"},"modified":"2021-10-27T20:47:20","modified_gmt":"2021-10-27T18:47:20","slug":"desconocimiento-miedo-a-las-vacunas","status":"publish","type":"post","link":"https:\/\/warayana.com.pe\/publicaciones\/2021\/10\/13\/desconocimiento-miedo-a-las-vacunas\/","title":{"rendered":"Desconocimiento, y miedo a las vacunas"},"content":{"rendered":"\n<p>El proceso de vacunaci\u00f3n puede ser rastreado a 1796, cuando Edward Jenner observo que las mujeres que estaban expuestas a las llagas de vacas infectadas con viruela bobina, mostraban mayor resistencia a la variante humana. Como resultado de esta hip\u00f3tesis, a\u00f1os mas tarde el Dr. Pasteur postul\u00f3 que las enfermedades pod\u00edan ser atenuadas, si se introduc\u00eda intencionalmente un virus o bacteria debilitado. Postulado que puso a prueba en 1885, cuando trat\u00f3 exitosamente el caso de un ni\u00f1o mordido por un perro con rabia. En la actualidad, se puede afirmar que gracias a esta pr\u00e1ctica, virus como el de la viruela fueron declarados erradicados (American Academy of Pediatrics, s.&nbsp;f.).<\/p>\n\n\n\n<p>La vacunaci\u00f3n como proceso de inmunizaci\u00f3n global, puede ser considerado como uno de los grandes \u00e9xitos de la humanidad (Garcia Sanchez, 2017). La incidencia de fatalidades tras la inoculaci\u00f3n es muy baja si se compara con los pacientes que no recibieron ning\u00fan tratamiento. El procedimiento de acci\u00f3n consistente en la introducci\u00f3n de un microbio invasor, el cual se encuentra muerto o debilitado, tras el reconocimiento del sistema inmune, se generan anticuerpos preparados para combatir posibles infecciones (OMS, s.&nbsp;f.).<\/p>\n\n\n\n<p><strong>Miedo a las vacunas<\/strong><\/p>\n\n\n\n<p>El miedo es una emoci\u00f3n caracterizada por un intenso sentimiento de desagrado, provocado por la percepci\u00f3n de un peligro real o supuesto. Esta reacci\u00f3n es natural, puesto que prepara al cuerpo ante una amenaza. (Riera Peraferre, 2013)<\/p>\n\n\n\n<p>El miedo a las vacunas puede centrarse en dos puntos, los grupos activistas que rechazan activamente el proceso de vacunaci\u00f3n, y las personas que al no encontrarse del todo seguros prefiere no \u201carriesgarse\u201d. En ambos casos, se evidencia que tras haber erradicado varias enfermedades, disminuyendo el grado de propagaci\u00f3n y los efectos de las mimas, se a perdido el miedo; cambiando este por el miedo a los efectos secundarios de las vacunas.(Garcia Sanchez, 2017)<\/p>\n\n\n\n<p>Los grupos activistas suelen tener ideolog\u00edas prestablecidas, presentando informaci\u00f3n bajo la perspectiva de su opini\u00f3n o religi\u00f3n. Estos grupos suelen considerar que su perspectiva es la correcta, negando el debate o estudio de perspectivas adicionales. Lo que puede conllevar a la aparici\u00f3n de sesgos. Es decir, que estos grupos pueden distorsionar o negar informaci\u00f3n acorde a sus ideales.<\/p>\n\n\n\n<p>Por otra parte, el grupo que parte del desconocimiento suele ser mas receptivo en el estudio o debate. Lo que permite establecer sesiones psicoeducativas, dado que en su mayor\u00eda relaciona su miedo al desconocimiento, la desinformaci\u00f3n y la asociaci\u00f3n a experiencias negativas, que no necesariamente guardan relaci\u00f3n.<\/p>\n\n\n\n<figure class=\"wp-block-image is-resized\"><img loading=\"lazy\" decoding=\"async\" src=\"https:\/\/www.webconsultas.com\/sites\/default\/files\/styles\/wc_adaptive_curiosidad__small\/public\/articulos\/miedo_inyecciones_tripanofobia.jpg\" alt=\"Tripanofobia, qu\u00e9 es y c\u00f3mo superar el miedo a las inyecciones\" width=\"578\" height=\"386\"\/><\/figure>\n\n\n\n<p><br><strong>Medios de comunicaci\u00f3n.<\/strong><\/p>\n\n\n\n<p>Los medios de comunicaci\u00f3n son un punto importante a tomar en cuenta, puesto que la influencia que estos tiene en la percepci\u00f3n de la poblaci\u00f3n es muy grande. &nbsp;Un claro ejemplo es lo ocurrido durante el a\u00f1o 2018 en Brasil, durante la campa\u00f1a de vacunaci\u00f3n contra la fiebre amarilla. Se esparcieron rumores en redes sociales sobre la peligrosidad de las vacunas, llegando a afirmar que tras la inoculaci\u00f3n se podr\u00eda perder la vida. Situaci\u00f3n que redujo el alcance programado del 95% al 76% (Mejia et&nbsp;al., 2020).<\/p>\n\n\n\n<p>En Per\u00fa, se observ\u00f3 que tras la propagaci\u00f3n de informacion err\u00f3nea la comunicaci\u00f3n entre amigos o familiares brindaba cierto grado de fiabilidad, lo que contribu\u00eda a la propagaci\u00f3n de miedo y exageraci\u00f3n. Por otra parte, se demostr\u00f3 que el grado de educaci\u00f3n influye en la reducci\u00f3n de la propagaci\u00f3n del miedo (Mejia et&nbsp;al., 2020).<\/p>\n\n\n\n<figure class=\"wp-block-image\"><img decoding=\"async\" src=\"https:\/\/fundacionapta.org\/wp-content\/uploads\/2016\/06\/medios-de-comunicacion-adolescentes.jpg\" alt=\"C\u00f3mo afectan los Medios de Comunicaci\u00f3n en los Adolescentes? \u2013 Fundaci\u00f3n  APTA\"\/><\/figure>\n\n\n\n<p><strong>Conclusiones<\/strong><\/p>\n\n\n\n<p>El miedo generalizado est\u00e1 asociada al desconocimiento. Por lo que, este se suele remediar con la educaci\u00f3n, lo que representa una responsabilidad tanto para el gobierno como para la poblaci\u00f3n. Entonces, si se comparte posts no verificados, se puede contribuir a la desinformaci\u00f3n.<\/p>\n\n\n\n<p>La incidencia de efectos secundarios y enfermedades relacionadas se da en situaciones muy espec\u00edficas. Dado que en su mayor\u00eda, las vacunas no presentan efectos que contribuyan en la aparici\u00f3n de enfermedades, ni mucho menos en la aparici\u00f3n de situaciones de riesgo de vida. No obstante, el proceso de vacunaci\u00f3n requiere de una supervisi\u00f3n cercana, dado que existe la posibilidad de reacciones al\u00e9rgicas.<\/p>\n\n\n\n<p>El proceso de vacunaci\u00f3n puede ser opcional en circunstancias controladas. Sin embargo, cuando se establece situaciones en las que el bienestar de la poblaci\u00f3n en general se est\u00e1 comprometido, las pol\u00edticas de salud p\u00fablica pueden imponer medidas restrictivas para reducir la propagaci\u00f3n de enfermedades.<\/p>\n\n\n\n<p>Por \u00faltimo, se requiere impulsar programas de alfabetizaci\u00f3n digital. Se a demostrado, que la influencia de los medios de comunicaci\u00f3n influye en las creencias y acciones de la poblaci\u00f3n. Por lo que, si estas provienen de medios no confiables pueden acarrear conflictos que ponga en riesgo la salud p\u00fablica.<\/p>\n\n\n\n<p><strong>Recomendaciones<\/strong><\/p>\n\n\n\n<p>Tras el reconocimiento de educar a los grupos poblacionales, Canad\u00e1 emiti\u00f3 una gu\u00eda de trabajo con padres indecisos con el proceso de vacunaci\u00f3n (MacDonal et&nbsp;al., s.&nbsp;f.).<\/p>\n\n\n\n<p>&nbsp;Este se compone de 5 puntos:<\/p>\n\n\n\n<ol class=\"wp-block-list\" type=\"1\"><li>Entender las preocupaciones especificas de los padres.<\/li><\/ol>\n\n\n\n<p>Escuchar atentamente, no a todos les preocupa los mismo. Contrastar las dudas de los padres, poner en valor las causas, destacando los datos negativos de las enfermedades, como la muerte o lesiones que acaben en discapacidad.<\/p>\n\n\n\n<ul class=\"wp-block-list\"><li>Utilizar t\u00e9cnicas de entrevista motivacional.<\/li><\/ul>\n\n\n\n<p>Usar supuestos que generen el escenario \u00bfC\u00f3mo te sentir\u00edas si tu hijo tuviera una enfermedad grave por no haberle vacunado? Usar cifras positivas, \u201c las vacunas son efectivas en el 99% de los ni\u00f1os\u201d, mejor que \u201chay 1% de efectos secundarios\u201d.<\/p>\n\n\n\n<ul class=\"wp-block-list\"><li>Ser firmes en el mensaje, usar un lenguaje claro al hablar de los riesgos de la enfermedad.<\/li><\/ul>\n\n\n\n<p>Repetir el mensaje, informar sobre evidencias de beneficios y riesgos equitativamente.<\/p>\n\n\n\n<ul class=\"wp-block-list\"><li>Proponer a los padres t\u00e9cnicas para el control del dolor al vacunar.<\/li><\/ul>\n\n\n\n<p>Como el uso de hielo, analg\u00e9sicos y antinflamatorios de uso t\u00f3pico y oral.<\/p>\n\n\n\n<ul class=\"wp-block-list\"><li>Evitar el rechazar o dejar de atender a los ni\u00f1os no vacunados.<\/li><\/ul>\n\n\n\n<p>El rechazo o discriminaci\u00f3n, puede contribuir entorpecer el dialogo.<\/p>\n\n\n\n<p><strong>Referencias<\/strong><\/p>\n\n\n\n<p>American Academy of Pediatrics. (s.&nbsp;f.). <em>Historia de las vacunas<\/em>. HealthyChildren.org. Recuperado 11 de octubre de 2021, de https:\/\/www.healthychildren.org\/Spanish\/safety-prevention\/immunizations\/Paginas\/History-of-Immunizations.aspx<\/p>\n\n\n\n<p>Garcia Sanchez, N. (2017). <em>Hablemos de Vacunas<\/em>. https:\/\/archivos.fapap.es\/DetalleArticulo\/_l1urTLlmMtVrea6WrA0sG_M2Fx54BM31SXAQLUqI_fmsceXdvIqbpxm0DoceT9QksNIAnH4-9xW0_yGAM_n2SQ<\/p>\n\n\n\n<p>MacDonal, N., Desai, S., &amp; Gerstein, B. (s.&nbsp;f.). <em>Working with vaccine-hesitant parents: An update | Canadian Paediatric Society<\/em>. Recuperado 12 de octubre de 2021, de https:\/\/www.cps.ca\/en\/documents\/position\/working-with-vaccine-hesitant-parents<\/p>\n\n\n\n<p>Mejia, C. R., Rodriguez-Alarcon, J. F., Garay-Rios, L., Enriquez-Anco, M. de G., Moreno, A., Huayt\u00e1n-Rojas, K., Huancahuari-\u00d1a\u00f1acc Huari, N., Julca-Gonzales, A., Alvarez, C. H., Choque-Vargas, J., Curioso, W. H., Mejia, C. R., Rodriguez-Alarcon, J. F., Garay-Rios, L., Enriquez-Anco, M. de G., Moreno, A., Huayt\u00e1n-Rojas, K., Huancahuari-\u00d1a\u00f1acc Huari, N., Julca-Gonzales, A., \u2026 Curioso, W. H. (2020). Percepci\u00f3n de miedo o exageraci\u00f3n que transmiten los medios de comunicaci\u00f3n en la poblaci\u00f3n peruana durante la pandemia de la COVID-19. <em>Revista Cubana de Investigaciones Biom\u00e9dicas<\/em>, <em>39<\/em>(2). http:\/\/scielo.sld.cu\/scielo.php?script=sci_abstract&amp;pid=S0864-03002020000200001&amp;lng=es&amp;nrm=iso&amp;tlng=es<\/p>\n\n\n\n<p>OMS. (s.&nbsp;f.). <em>Vacunas e inmunizaci\u00f3n: \u00bfqu\u00e9 es la vacunaci\u00f3n?<\/em> Recuperado 11 de octubre de 2021, de https:\/\/www.who.int\/es\/news-room\/q-a-detail\/vaccines-and-immunization-what-is-vaccination<\/p>\n\n\n\n<p>Riera Peraferre, G. (2013). <em>Estrategias para minimizar el dolor, el estr\u00e9s y el miedo a la vacunaci\u00f3n&nbsp; infantil<\/em>.<\/p>\n","protected":false},"excerpt":{"rendered":"<p>El grupo que parte del desconocimiento suele ser mas receptivo en el estudio o debate. Lo que permite establecer sesiones psicoeducativas, dado que en su mayor\u00eda relaciona su miedo al desconocimiento, la desinformaci\u00f3n y la asociaci\u00f3n a experiencias negativas, que no necesariamente guardan relaci\u00f3n.<\/p>\n","protected":false},"author":20,"featured_media":4256,"comment_status":"open","ping_status":"open","sticky":false,"template":"","format":"standard","meta":{"footnotes":""},"categories":[7],"tags":[33,226],"class_list":["post-4254","post","type-post","status-publish","format-standard","has-post-thumbnail","hentry","category-psicologiaycoronavirus","tag-coronavirus","tag-vacunas"],"_links":{"self":[{"href":"https:\/\/warayana.com.pe\/publicaciones\/wp-json\/wp\/v2\/posts\/4254","targetHints":{"allow":["GET"]}}],"collection":[{"href":"https:\/\/warayana.com.pe\/publicaciones\/wp-json\/wp\/v2\/posts"}],"about":[{"href":"https:\/\/warayana.com.pe\/publicaciones\/wp-json\/wp\/v2\/types\/post"}],"author":[{"embeddable":true,"href":"https:\/\/warayana.com.pe\/publicaciones\/wp-json\/wp\/v2\/users\/20"}],"replies":[{"embeddable":true,"href":"https:\/\/warayana.com.pe\/publicaciones\/wp-json\/wp\/v2\/comments?post=4254"}],"version-history":[{"count":7,"href":"https:\/\/warayana.com.pe\/publicaciones\/wp-json\/wp\/v2\/posts\/4254\/revisions"}],"predecessor-version":[{"id":4270,"href":"https:\/\/warayana.com.pe\/publicaciones\/wp-json\/wp\/v2\/posts\/4254\/revisions\/4270"}],"wp:featuredmedia":[{"embeddable":true,"href":"https:\/\/warayana.com.pe\/publicaciones\/wp-json\/wp\/v2\/media\/4256"}],"wp:attachment":[{"href":"https:\/\/warayana.com.pe\/publicaciones\/wp-json\/wp\/v2\/media?parent=4254"}],"wp:term":[{"taxonomy":"category","embeddable":true,"href":"https:\/\/warayana.com.pe\/publicaciones\/wp-json\/wp\/v2\/categories?post=4254"},{"taxonomy":"post_tag","embeddable":true,"href":"https:\/\/warayana.com.pe\/publicaciones\/wp-json\/wp\/v2\/tags?post=4254"}],"curies":[{"name":"wp","href":"https:\/\/api.w.org\/{rel}","templated":true}]}}