{"id":4072,"date":"2021-09-24T19:30:47","date_gmt":"2021-09-24T17:30:47","guid":{"rendered":"https:\/\/warayana.com.pe\/publicaciones\/?p=4072"},"modified":"2021-10-16T18:53:20","modified_gmt":"2021-10-16T16:53:20","slug":"la-psicologia-de-la-noche-estrellada-de-vincent-van-gogh","status":"publish","type":"post","link":"https:\/\/warayana.com.pe\/publicaciones\/2021\/09\/24\/la-psicologia-de-la-noche-estrellada-de-vincent-van-gogh\/","title":{"rendered":"La Psicolog\u00eda de \u00abLa Noche Estrellada\u00bb de Vincent van Gogh"},"content":{"rendered":"\n<p>La Noche Estrellada de Vincent van Gogh es la obra m\u00e1s conocida del pintor. Es reconocida y apreciada por los sumergidos en el mundo y por los admiradores casuales de los lienzos. Considero ello que se debe a la simpleza de sus figuras (la luna, las estrellas, un pueblo, las monta\u00f1as, un \u00e1rbol); a lo llamativo que es el trazo y la forma de haberlos pintado; y a la belleza tan sencilla de apreciar en un cuadro que permite a cualquiera vislumbrar el reflejo de la vida misma que es tan propio de la pintura como bella arte. A esto debo agregar que la sobreexposici\u00f3n medi\u00e1tica y comercial que ha tenido tanto la obra como el autor es solo una consecuencia circuncidante a lo verdaderamente importante del artista y su obra.<\/p>\n\n\n\n<p>En efecto \u201ccon la ayuda de sus pinceles chorreantes de color y vigor, van Gogh transform\u00f3 los paisajes, los personajes, los objetos y la luz de cada d\u00eda en una materia completamente nueva\u201d (El Mundo, 2016, p. 29).<\/p>\n\n\n\n<p><strong>La psicolog\u00eda que est\u00e1 detr\u00e1s&nbsp;<\/strong><\/p>\n\n\n\n<p><strong>Del autor y su obra en general<\/strong><\/p>\n\n\n\n<p>El arte de van Gogh tuvo una nueva manera de apreciar la est\u00e9tica, dirigi\u00e9ndola a conceptos m\u00e1s abstractos. El jugar con lo abstracto fue el factor innovador, capaz de llevar la pintura a direcciones que no estaban tomadas en cuenta antes de \u00e9l.<\/p>\n\n\n\n<p>Los colores impactantes en intensos, el \u00e9nfasis de las pinceladas, las formas de su obra son altamente expresivas e incluso excesivamente emocionales. Pero a su vez eso no lo dej\u00f3 exento de padecer los momentos de oscuridad que tra\u00edan consigo sentimientos de soledad y desesperaci\u00f3n (Dahlan, 2014, p. 333).<\/p>\n\n\n\n<div class=\"wp-block-image\"><figure class=\"aligncenter size-large is-resized\"><img loading=\"lazy\" decoding=\"async\" src=\"https:\/\/warayana.com.pe\/publicaciones\/wp-content\/uploads\/2021\/09\/592px-Vincent_van_Gogh_-_Self-Portrait_-_Google_Art_Project.jpg\" alt=\"\" class=\"wp-image-4084\" width=\"333\" height=\"404\" srcset=\"https:\/\/warayana.com.pe\/publicaciones\/wp-content\/uploads\/2021\/09\/592px-Vincent_van_Gogh_-_Self-Portrait_-_Google_Art_Project.jpg 592w, https:\/\/warayana.com.pe\/publicaciones\/wp-content\/uploads\/2021\/09\/592px-Vincent_van_Gogh_-_Self-Portrait_-_Google_Art_Project-247x300.jpg 247w\" sizes=\"auto, (max-width: 333px) 100vw, 333px\" \/><figcaption>\u00abAutorretrato de 1889\u00bb. El fondo comparte las formas de los espirales de luz de \u00abLa Noche Estrellada\u00bb<\/figcaption><\/figure><\/div>\n\n\n\n<p>Van Gogh pod\u00eda actuar de manera err\u00e1tica y de dif\u00edcil manejo; y a pesar de sufrir colapsos y depresiones, el artista estaba muy lejos del mito que se arm\u00f3 a su alrededor como si se tratase de una persona lun\u00e1tica (Dahlan, 2014, p. 333).<\/p>\n\n\n\n<p>El deseo de impresionar y apasionarse en su obra, hizo que se reflejara el mundo interior del artista, y no me refiero solo a sus puntos bajos sino tambi\u00e9n a los m\u00e1s altos y luminosos. Porque a trav\u00e9s de su arte -y de todo bello arte que cale en nuestro coraz\u00f3n-, podemos darnos cuenta de las maravillas de la realidad. Y que a pesar de las contingencias que puedan ocurrir uno nunca est\u00e1 totalmente desamparado, la misma vida de van Gogh, llena de amarguras, renuncias y tragedia es testimonio de ello.<\/p>\n\n\n\n<p><strong>La Noche Estrellada<\/strong><\/p>\n\n\n\n<p>Este cuadro en particular se presta totalmente a un an\u00e1lisis psicol\u00f3gico puesto que lo que se ve es un estado intermedio entre la realidad y la imaginaci\u00f3n, entre lo concreto y lo abstracto.<\/p>\n\n\n\n<p>Van Gogh hizo la pintura cuando estaba internado voluntariamente en el hospital para enfermos mentales de Saint-R\u00e9my, en Francia. El paisaje es una combinaci\u00f3n de la imaginaci\u00f3n del artista con la vista que ten\u00eda desde la ventana de su habitaci\u00f3n. Podr\u00eda decirse que representa la mirada y el anhelo de algo incluso mayor a la libertad, desde un estado de confinamiento que imposibilita o refrena muchos anhelo con la excepci\u00f3n necesidad creadora y la necesidad de sentido propios del ser humano.<\/p>\n\n\n\n<p>En 1889, y a pesar de su debilidad mental y f\u00edsica, a pesar del dolor, la agon\u00eda y la melancol\u00eda, van Gogh pint\u00f3 su Noche Estrellada que surgi\u00f3 por inspiraci\u00f3n y en la que hall\u00f3 consuelo al contemplarla terminada. Asimismo, van Gogh era adem\u00e1s de artista, un hombre intensamente religioso y se puede apreciar en muchas obras suyas y en el an\u00e1lisis de otras tantas, incluida La noche estrellada (Dahlan, 2014, p. 336).<\/p>\n\n\n\n<figure class=\"wp-block-image size-large\"><img loading=\"lazy\" decoding=\"async\" width=\"909\" height=\"720\" src=\"https:\/\/warayana.com.pe\/publicaciones\/wp-content\/uploads\/2021\/09\/909px-Van_Gogh_-_Starry_Night_-_Google_Art_Project.jpg\" alt=\"\" class=\"wp-image-4074\" srcset=\"https:\/\/warayana.com.pe\/publicaciones\/wp-content\/uploads\/2021\/09\/909px-Van_Gogh_-_Starry_Night_-_Google_Art_Project.jpg 909w, https:\/\/warayana.com.pe\/publicaciones\/wp-content\/uploads\/2021\/09\/909px-Van_Gogh_-_Starry_Night_-_Google_Art_Project-300x238.jpg 300w, https:\/\/warayana.com.pe\/publicaciones\/wp-content\/uploads\/2021\/09\/909px-Van_Gogh_-_Starry_Night_-_Google_Art_Project-768x608.jpg 768w\" sizes=\"auto, (max-width: 909px) 100vw, 909px\" \/><figcaption>La obra maestra<\/figcaption><\/figure>\n\n\n\n<p>Al ver el cielo inmenso y luminoso; representante del infinito y la otra vida; y que ocupa la gran mayor\u00eda del lienzo; comparado a la peque\u00f1ez y lejan\u00eda del pueblo, que representa en parte, a la vida en el mundo terreno; uno puede darse cuenta de los deseos de van Gogh por elevar su humanidad.<\/p>\n\n\n\n<p>El pueblo ocupa solo una parte del tercio inferior del cuadro, las luces de las casas es una modesta respuesta a la apoteosis de las estrellas celestiales. \u201cSolo el estirado pin\u00e1culo del campanario de la iglesia surge como un desafiante y a la vez fr\u00e1gil vinculo de uno entre el cielo y el hombre\u201d (El Mundo, 2016, p. 31).<\/p>\n\n\n\n<p>\u00bfY qu\u00e9 significa el cipr\u00e9s en primer plano? Si bien al cipr\u00e9s se le asocia con la muerte en algunas culturas europeas, es probable que van Gogh solo se interesase en el \u00e1rbol por el desaf\u00edo art\u00edstico que le representaba. En una carta a su hermano Theo, escribi\u00f3 lo siguiente: \u00abLos cipreses aun me inquietan. Me gustar\u00eda hacer algo con ellos como con los lienzos de los girasoles, porque me sorprende que todav\u00eda nadie los haya hecho de la manera como yo los veo\u00bb. Y previamente, en la misma carta: \u200b\u00bbdos estudios de cipreses de ese complicado tono verde botella\u00bb (van Gogh Museum, 1990)<\/p>\n\n\n\n<p>Adem\u00e1s, en el mismo a\u00f1o, van Gogh sinti\u00f3 el deseo de hacer sus propias versiones de cuadros de sus artistas favoritos, entre ellos tenemos su versi\u00f3n de \u00abLa Piedad\u00bb de Delacroix, lo que hace m\u00e1s que evidente el papel de la religi\u00f3n en su arte.<\/p>\n\n\n\n<p> <\/p>\n\n\n\n<div class=\"wp-block-image\"><figure class=\"aligncenter size-large is-resized\"><img loading=\"lazy\" decoding=\"async\" src=\"https:\/\/warayana.com.pe\/publicaciones\/wp-content\/uploads\/2021\/09\/vangoghmuseum-s0168V1962-800.jpg\" alt=\"\" class=\"wp-image-4083\" width=\"346\" height=\"422\" srcset=\"https:\/\/warayana.com.pe\/publicaciones\/wp-content\/uploads\/2021\/09\/vangoghmuseum-s0168V1962-800.jpg 654w, https:\/\/warayana.com.pe\/publicaciones\/wp-content\/uploads\/2021\/09\/vangoghmuseum-s0168V1962-800-245x300.jpg 245w\" sizes=\"auto, (max-width: 346px) 100vw, 346px\" \/><figcaption>\u00abLa Piedad\u00bb seg\u00fan van Gogh. N\u00f3tese la similitud del uso de colores con La Noche estrellada; y la similitud del rostro de Cristo con el de van Gogh,<\/figcaption><\/figure><\/div>\n\n\n\n<p>Van Gogh fue aficionado a la poes\u00eda y a la m\u00fasica. Se cree que el poema \u201cCanto a mi mismo\u201d de Walt Whitman (1.) fue una gran influencia para la creaci\u00f3n de la Noche estrellada y hay suficientes pruebas para estar seguro de ello (Dahlan, 2014, p. 336). <\/p>\n\n\n\n<p>El siguiente fragmento del poema es pr\u00e1cticamente una descripci\u00f3n del cuadro:<\/p>\n\n\n\n<blockquote class=\"wp-block-quote has-text-align-right is-layout-flow wp-block-quote-is-layout-flow\"><p>\u00abSonr\u00ede, tierra voluptuosa de fresco aliento,<br>Tierra de los \u00e1rboles dormidos y h\u00famedos,<br>Tierra del sol que ya se ha ido, tierra de las monta\u00f1as de cumbre nebulosa,<br>Tierra del cristalino fluir de la luna llena, apenas tocada de azul,<br>Tierra del brillo y de la sombra manchando la corriente del r\u00edo,<br>Tierra del gris l\u00edmpido de las nubes que resplandecen y se aclaran<br>para que yo no las vea,<br>Tierra yacente y extendida, rica tierra de azahares<br>Sonr\u00ede, porque llega tu amante\u00bb.<\/p><\/blockquote>\n\n\n\n<p>Van Gogh no pod\u00eda pintar en su habitaci\u00f3n, por ello, a partir de las im\u00e1genes retenidas su la mente, y con su propia imaginaci\u00f3n, fue que plasm\u00f3 lo que ahora podemos ver en el cuadro. Este proceso de crear a partir del recuerdo sin duda alguna tuvo que ver en el resultado final en lienzo.&nbsp;<\/p>\n\n\n\n<figure class=\"wp-block-image size-large\"><img loading=\"lazy\" decoding=\"async\" width=\"700\" height=\"275\" src=\"https:\/\/warayana.com.pe\/publicaciones\/wp-content\/uploads\/2021\/09\/image-36.png\" alt=\"\" class=\"wp-image-4093\" srcset=\"https:\/\/warayana.com.pe\/publicaciones\/wp-content\/uploads\/2021\/09\/image-36.png 700w, https:\/\/warayana.com.pe\/publicaciones\/wp-content\/uploads\/2021\/09\/image-36-300x118.png 300w\" sizes=\"auto, (max-width: 700px) 100vw, 700px\" \/><figcaption>Lo que vieron los ojos, y lo que vio el coraz\u00f3n<\/figcaption><\/figure>\n\n\n\n<p>Son la memoria y la observaci\u00f3n las que tradujeron lo que vio al arte abstracto de la pintura. Las ideas se transforman a un contexto visual. Y un ejemplo evidente de ello son los bocetos y cuadros que van Gogh hizo en Saint-R\u00e9my. (Dahlan, 2014, p. 336).<\/p>\n\n\n\n<p>La Noche estrellada involucra la poes\u00eda, la lucha espiritual, e incluso la astronom\u00eda. Sus inspiraciones y las m\u00faltiples interpretaciones se deben a la interacci\u00f3n de la psique humana con el poder de la existencia (Dahlan, 2014, p. 336). Son las personas profundas, con substancia y complejidad, las que pueden hacer creaciones que se presten a muchas interpretaciones. Van Gogh y su genio es la prueba fehaciente de ello.<\/p>\n\n\n\n<p>\u201cEs verdad: desde el punto de vista de su significaci\u00f3n hist\u00f3rica y social, el pintor es el hombre que ense\u00f1a a los dem\u00e1s hombres a ver, seg\u00fan arte, la realidad, el maestro y el t\u00e9cnico del <em>saper vedere <\/em>-saber ver-\u201d (Lain, 2018, p. 49)<em>.<\/em><\/p>\n\n\n\n<p><strong>Referencias<\/strong><\/p>\n\n\n\n<ul class=\"wp-block-list\"><li>Dahlan, A. G. (2014). \u201cEl grito\u201d y \u201cLa noche estrellada\u201d: emociones, s\u00edmbolos y motivos.&nbsp;<em>Estudios Sobre El Mensaje Period\u00edstico<\/em>,&nbsp;<em>20<\/em>(1), 331-339. <a href=\"https:\/\/doi.org\/10.5209\/rev_ESMP.2014.v20.n1.45235\">https:\/\/doi.org\/10.5209\/rev_ESMP.2014.v20.n1.45235<\/a><\/li><li>Lain, P. (2018). Picasso: problema y misterio. Alicante: Biblioteca Virtual Miguel de Cervantes. Disponible en: <a href=\"http:\/\/www.cervantesvirtual.com\/obra\/picasso-problema-y-misterio-928925\/\">http:\/\/www.cervantesvirtual.com\/obra\/picasso-problema-y-misterio-928925\/<\/a><\/li><li>Promociones El Mundo (2016). 100 Obras Maestras de la Pintura Universal. Barcelona: Editorial Sol 90.<\/li><li>van Gogh Museum (comp.) (1990). Vincent Van Gogh, The Letters. Disponible en: <a href=\"http:\/\/vangoghletters.org\/vg\/letters\/let783\/letter.html\">http:\/\/vangoghletters.org\/vg\/letters\/let783\/letter.html<\/a><\/li><\/ul>\n\n\n\n<p>______________________________________________________________________________<\/p>\n\n\n\n<p>1.  \u00abCanto a m\u00ed mismo\u00bb de Walt Whitman, poema completo traducido por Jorge Luis Borges:<\/p>\n\n\n\n<p><a href=\"https:\/\/revistas-colaboracion.juridicas.unam.mx\/index.php\/derechos-humanos-emx\/article\/view\/23855\/21338\">https:\/\/revistas-colaboracion.juridicas.unam.mx\/index.php\/derechos-humanos-emx\/article\/view\/23855\/21338<\/a><\/p>\n","protected":false},"excerpt":{"rendered":"<p>La Noche Estrellada de Vincent van Gogh es la obra m\u00e1s conocida del pintor. Es reconocida y apreciada por los sumergidos en el mundo y por los admiradores casuales de los lienzos. Considero ello que se debe a la simpleza de sus figuras (la luna, las estrellas, un pueblo, las monta\u00f1as, un \u00e1rbol); a lo [&hellip;]<\/p>\n","protected":false},"author":14,"featured_media":4074,"comment_status":"open","ping_status":"open","sticky":false,"template":"","format":"standard","meta":{"footnotes":""},"categories":[210],"tags":[25,191,30,190,189],"class_list":["post-4072","post","type-post","status-publish","format-standard","has-post-thumbnail","hentry","category-arte","tag-arte","tag-noche-estrellada","tag-personalidad","tag-pintura","tag-vincent-van-gogh"],"_links":{"self":[{"href":"https:\/\/warayana.com.pe\/publicaciones\/wp-json\/wp\/v2\/posts\/4072","targetHints":{"allow":["GET"]}}],"collection":[{"href":"https:\/\/warayana.com.pe\/publicaciones\/wp-json\/wp\/v2\/posts"}],"about":[{"href":"https:\/\/warayana.com.pe\/publicaciones\/wp-json\/wp\/v2\/types\/post"}],"author":[{"embeddable":true,"href":"https:\/\/warayana.com.pe\/publicaciones\/wp-json\/wp\/v2\/users\/14"}],"replies":[{"embeddable":true,"href":"https:\/\/warayana.com.pe\/publicaciones\/wp-json\/wp\/v2\/comments?post=4072"}],"version-history":[{"count":20,"href":"https:\/\/warayana.com.pe\/publicaciones\/wp-json\/wp\/v2\/posts\/4072\/revisions"}],"predecessor-version":[{"id":8668,"href":"https:\/\/warayana.com.pe\/publicaciones\/wp-json\/wp\/v2\/posts\/4072\/revisions\/8668"}],"wp:featuredmedia":[{"embeddable":true,"href":"https:\/\/warayana.com.pe\/publicaciones\/wp-json\/wp\/v2\/media\/4074"}],"wp:attachment":[{"href":"https:\/\/warayana.com.pe\/publicaciones\/wp-json\/wp\/v2\/media?parent=4072"}],"wp:term":[{"taxonomy":"category","embeddable":true,"href":"https:\/\/warayana.com.pe\/publicaciones\/wp-json\/wp\/v2\/categories?post=4072"},{"taxonomy":"post_tag","embeddable":true,"href":"https:\/\/warayana.com.pe\/publicaciones\/wp-json\/wp\/v2\/tags?post=4072"}],"curies":[{"name":"wp","href":"https:\/\/api.w.org\/{rel}","templated":true}]}}