{"id":4020,"date":"2021-09-17T19:11:00","date_gmt":"2021-09-17T17:11:00","guid":{"rendered":"https:\/\/warayana.com.pe\/publicaciones\/?p=4020"},"modified":"2021-10-08T19:46:11","modified_gmt":"2021-10-08T17:46:11","slug":"descubriendo-en-la-adultez-las-secuelas-que-del-maltrato-infantil","status":"publish","type":"post","link":"https:\/\/warayana.com.pe\/publicaciones\/2021\/09\/17\/descubriendo-en-la-adultez-las-secuelas-que-del-maltrato-infantil\/","title":{"rendered":"Descubriendo en la adultez las secuelas que del maltrato infantil"},"content":{"rendered":"\n<p>Hoy en pleno siglo XXI queremos darle la importancia que tiene el maltrato infantil por lo que se quiere empezar hablando de una de las etapas m\u00e1s relevantes para el desarrollo socioemocional del individuo; el cual hoy en d\u00eda a cogido especial atenci\u00f3n; pues nos hemos dado cuenta lo importante que es que la infancia tenga un adecuado desarrollo para que la persona tenga una buena salud mental.<\/p>\n\n\n\n<figure class=\"wp-block-image size-large is-resized\"><img loading=\"lazy\" decoding=\"async\" src=\"https:\/\/warayana.com.pe\/publicaciones\/wp-content\/uploads\/2021\/09\/image-23.png\" alt=\"\" class=\"wp-image-4033\" width=\"572\" height=\"185\" srcset=\"https:\/\/warayana.com.pe\/publicaciones\/wp-content\/uploads\/2021\/09\/image-23.png 711w, https:\/\/warayana.com.pe\/publicaciones\/wp-content\/uploads\/2021\/09\/image-23-300x97.png 300w\" sizes=\"auto, (max-width: 572px) 100vw, 572px\" \/><figcaption>Hasta el 2015, un 74% de ni\u00f1os en el Per\u00fa han sido v\u00edctimas de maltrato infantil alguna vez en su vida (ENARES en TeleSUR 2018).<\/figcaption><\/figure>\n\n\n\n<p>Siendo este un problema a nivel mundial y que no distingue clase social; tiene car\u00e1cter de invisibilidad debido a que ocurre dentro del \u00e1mbito familiar y pasa desapercibido. No conociendo que consecuencias tendr\u00eda en el ni\u00f1o ni las secuelas que podr\u00eda dejar en la adultez<br>Por lo que esta problem\u00e1tica reci\u00e9n comienza a ser objeto de inter\u00e9s por parte de los profesionales de la salud a partir de la segunda mitad del Siglo XX.<br>La Organizaci\u00f3n Mundial de la Salud (OMS) define el maltrato infantil como \u201ccualquier acci\u00f3n u omisi\u00f3n de acci\u00f3n que viole los derechos de los ni\u00f1os y adolescentes y afecte la posibilidad de que disfruten de un grado \u00f3ptimo de salud y que afecte su supervivencia o su desarrollo\u201d.<\/p>\n\n\n\n<figure class=\"wp-block-pullquote\"><blockquote><p>De quienes esperan recibir cuidado y amor, reciben golpes y  otros maltratos.<\/p><\/blockquote><\/figure>\n\n\n\n<p><strong>Tipos de maltrato infantil<\/strong><\/p>\n\n\n\n<p>Es relevante conocer que el maltrato infantil se divide en dos tipos los cuales son maltrato por acci\u00f3n y maltrato por omisi\u00f3n.<br>Dentro del maltrato por acci\u00f3n tenemos el maltrato f\u00edsico, psicol\u00f3gico o emocional y el abuso sexual. Y dentro del maltrato por omisi\u00f3n tenemos el abandono y la negligencia.<\/p>\n\n\n\n<div class=\"wp-block-image\"><figure class=\"aligncenter size-large is-resized\"><img loading=\"lazy\" decoding=\"async\" src=\"https:\/\/warayana.com.pe\/publicaciones\/wp-content\/uploads\/2021\/09\/image-12.png\" alt=\"\" class=\"wp-image-4022\" width=\"255\" height=\"168\" srcset=\"https:\/\/warayana.com.pe\/publicaciones\/wp-content\/uploads\/2021\/09\/image-12.png 530w, https:\/\/warayana.com.pe\/publicaciones\/wp-content\/uploads\/2021\/09\/image-12-300x198.png 300w\" sizes=\"auto, (max-width: 255px) 100vw, 255px\" \/><\/figure><\/div>\n\n\n\n<p><strong>Maltrato F\u00edsico: <\/strong>El maltrato f\u00edsico se define como aquella lesi\u00f3n infringida al menor y la cual es originada por los padres, cuidadores, docentes o cualquier persona que tenga a su cargo el cuidado de un ni\u00f1o. Aunque el adulto no tenga la intensi\u00f3n de lastimarlo; se considera maltrato a cualquier lesi\u00f3n f\u00edsica que presente el menor dentro de los cuales tenemos: hematomas, quemaduras, fracturas, lesiones cut\u00e1neas, torceduras, asfixia o ahogamiento.<\/p>\n\n\n\n<div class=\"wp-block-image\"><figure class=\"aligncenter size-large is-resized\"><img loading=\"lazy\" decoding=\"async\" src=\"https:\/\/warayana.com.pe\/publicaciones\/wp-content\/uploads\/2021\/09\/image-13.png\" alt=\"\" class=\"wp-image-4023\" width=\"220\" height=\"220\" srcset=\"https:\/\/warayana.com.pe\/publicaciones\/wp-content\/uploads\/2021\/09\/image-13.png 350w, https:\/\/warayana.com.pe\/publicaciones\/wp-content\/uploads\/2021\/09\/image-13-300x300.png 300w, https:\/\/warayana.com.pe\/publicaciones\/wp-content\/uploads\/2021\/09\/image-13-150x150.png 150w, https:\/\/warayana.com.pe\/publicaciones\/wp-content\/uploads\/2021\/09\/image-13-60x60.png 60w\" sizes=\"auto, (max-width: 220px) 100vw, 220px\" \/><\/figure><\/div>\n\n\n\n<p><strong>Maltrato Emocional o Psicol\u00f3gico: <\/strong>Se define como maltrato emocional a todo acto de ridiculizaci\u00f3n, menosprecio o insulto que este dirigido hacia un menor; consider\u00e1ndose tambi\u00e9n como maltrato psicol\u00f3gico cuando se le somete al menor a que presencie otros actos de violencia f\u00edsica o verbal hacia otros integrantes de su familia; afectando su bienestar y su salud f\u00edsica y mental. Dentro de los indicadores de maltrato emocional tenemos: el rechazo, el aislamiento, insultos, criticas destructivas y amenazas constantes de abandono.<\/p>\n\n\n\n<p><strong>Abuso Sexual:<\/strong> Se define como abuso sexual a todo contacto sexual que se da entre un adulto y un menor de 18 a\u00f1os. En el que el individuo usa al menor para su satisfacci\u00f3n sexual. Dentro del abuso sexual est\u00e1 considerado la exposici\u00f3n de genitales, la violaci\u00f3n, el estupro, tocamiento sexual, el incesto y actos libidinosos.<\/p>\n\n\n\n<div class=\"wp-block-image\"><figure class=\"aligncenter size-large is-resized\"><img loading=\"lazy\" decoding=\"async\" src=\"https:\/\/warayana.com.pe\/publicaciones\/wp-content\/uploads\/2021\/09\/image-14.png\" alt=\"\" class=\"wp-image-4024\" width=\"169\" height=\"255\" srcset=\"https:\/\/warayana.com.pe\/publicaciones\/wp-content\/uploads\/2021\/09\/image-14.png 212w, https:\/\/warayana.com.pe\/publicaciones\/wp-content\/uploads\/2021\/09\/image-14-199x300.png 199w\" sizes=\"auto, (max-width: 169px) 100vw, 169px\" \/><\/figure><\/div>\n\n\n\n<p><strong>Abandono o Negligencia:<\/strong> Se define como abandono o negligencia hacia un menor; cuando sus necesidades b\u00e1sicas es decir (comida, vestido, cuidados m\u00e9dicos, higiene, protecci\u00f3n y supervisi\u00f3n en situaciones peligrosas); no son cumplidas ni temporal ni permanentemente por ning\u00fan miembro de la familia que vive con el menor.<\/p>\n\n\n\n<p><\/p>\n\n\n\n<p><strong>Conociendo que secuelas deja el maltrato infantil a corto y largo plazo:<\/strong><\/p>\n\n\n\n<div class=\"wp-block-image\"><figure class=\"aligncenter size-large\"><img loading=\"lazy\" decoding=\"async\" width=\"813\" height=\"506\" src=\"https:\/\/warayana.com.pe\/publicaciones\/wp-content\/uploads\/2021\/09\/image-15.png\" alt=\"\" class=\"wp-image-4025\" srcset=\"https:\/\/warayana.com.pe\/publicaciones\/wp-content\/uploads\/2021\/09\/image-15.png 813w, https:\/\/warayana.com.pe\/publicaciones\/wp-content\/uploads\/2021\/09\/image-15-300x187.png 300w, https:\/\/warayana.com.pe\/publicaciones\/wp-content\/uploads\/2021\/09\/image-15-768x478.png 768w\" sizes=\"auto, (max-width: 813px) 100vw, 813px\" \/><\/figure><\/div>\n\n\n\n<div class=\"wp-block-image\"><figure class=\"aligncenter size-large is-resized\"><img loading=\"lazy\" decoding=\"async\" src=\"https:\/\/warayana.com.pe\/publicaciones\/wp-content\/uploads\/2021\/09\/image-16.png\" alt=\"\" class=\"wp-image-4026\" width=\"347\" height=\"322\" srcset=\"https:\/\/warayana.com.pe\/publicaciones\/wp-content\/uploads\/2021\/09\/image-16.png 594w, https:\/\/warayana.com.pe\/publicaciones\/wp-content\/uploads\/2021\/09\/image-16-300x278.png 300w\" sizes=\"auto, (max-width: 347px) 100vw, 347px\" \/><figcaption>El activista peruano Abel Daza quien tambi\u00e9n sufri\u00f3 de maltrato infantil; nos indica que en el pa\u00eds se considerada al maltrato como algo positivo para la educaci\u00f3n de los hijos tanto en el v\u00ednculo familiar como en el colegio (Telesur, 2018).<\/figcaption><\/figure><\/div>\n\n\n\n<p><strong>Hablando un poco m\u00e1s de las secuelas que trae el maltrato infantil<\/strong><\/p>\n\n\n\n<p>Despu\u00e9s de la familia, el ni\u00f1o considera el colegio como su segundo hogar. Sin embargo, si por parte de los profesores el ni\u00f1o recibe gritos, humillaciones, insultos o castigos f\u00edsicos esto puede ocasionar en el menor una baja autoestima y una falta confianza en s\u00ed mismo lo que puede originar inseguridad, agresividad, rechazo escolar, problemas de conducta y aprendizaje. Tambi\u00e9n se ha llegado a conocer que muchos ni\u00f1os ayudan a sus padres en el trabajo llegando muchas veces a no asistir a clases o tambi\u00e9n trabajan independientemente en empleos informales sufriendo diferentes tipos de maltrato.<br>Al existir violencia intrafamiliar las habilidades sociales no se pueden desarrollar adecuadamente y los padres tampoco realizan de una manera adecuada sus roles tendiendo a repetir el ciclo de violencia del que alguna vez ellos tambi\u00e9n fueron v\u00edctima.<\/p>\n\n\n\n<p><br>Mesa-Gresa y Moya-Albiol (2011) sostienen que, el ni\u00f1o a medida que va creciendo deja de tener consideraci\u00f3n o simpat\u00eda por su madre que es v\u00edctima de maltrato intrafamiliar y tienden a ser hostiles y hasta agresivos. Llegando muchas veces a sufrir lesiones al estar involucrados en la violencia que se da entre sus padres. Teniendo m\u00e1s probabilidad a sufrir problemas emocionales y de conducta.<br>Las personas que han sido v\u00edctimas de violencia pueden llegar a presentar cuadros de depresi\u00f3n recibiendo el nombre de desesperanza aprendida, la adaptaci\u00f3n hacia las diversas circunstancias de violencia y que se da como mecanismo psicol\u00f3gico como la negaci\u00f3n o minimizaci\u00f3n.<\/p>\n\n\n\n<div class=\"wp-block-image\"><figure class=\"aligncenter size-large is-resized\"><img loading=\"lazy\" decoding=\"async\" src=\"https:\/\/warayana.com.pe\/publicaciones\/wp-content\/uploads\/2021\/09\/image-17.png\" alt=\"\" class=\"wp-image-4027\" width=\"220\" height=\"244\" srcset=\"https:\/\/warayana.com.pe\/publicaciones\/wp-content\/uploads\/2021\/09\/image-17.png 543w, https:\/\/warayana.com.pe\/publicaciones\/wp-content\/uploads\/2021\/09\/image-17-271x300.png 271w\" sizes=\"auto, (max-width: 220px) 100vw, 220px\" \/><\/figure><\/div>\n\n\n\n<p><strong>\u00bfCu\u00e1les son los indicadores que nos podr\u00edan se\u00f1alar que un ni\u00f1o es v\u00edctima de maltrato infantil?<\/strong><\/p>\n\n\n\n<ul class=\"wp-block-list\"><li>El ni\u00f1o se muestra desconfiado, asustado.<\/li><li>Presenta una mirada baja o evitaci\u00f3n de la mirada del adulto.<\/li><li>Hay desnutrici\u00f3n.<\/li><li>Incapacidad para relacionarse.<\/li><li>Par\u00e1metros de crecimiento por debajo de lo normal.<\/li><li>Bajo peso.<\/li><li>Rendimiento escolar bajo.<\/li><li>Alteraci\u00f3n en la salud f\u00edsica y mental.<\/li><\/ul>\n\n\n\n<p>Antiguamente y hoy en d\u00eda; se utilizan diferentes formas de maltrato para corregir las conductas inapropiadas de los ni\u00f1os y que err\u00f3neamente es visto de una forma natural y es socialmente permitido.<\/p>\n\n\n\n<p><strong>Ciclo de la violencia y la normalizaci\u00f3n de la misma dentro de la familia<\/strong><\/p>\n\n\n\n<p>La violencia es un problema de salud p\u00fablica que hasta hoy en d\u00eda sigue permaneciendo a ocultas por muchas circunstancias y que no nos permite conocer la magnitud real de esta problem\u00e1tica a nivel mundial, este ciclo de violencia es frecuente, repetitivo y cada a\u00f1o se incrementa m\u00e1s. Ya que hoy en d\u00eda y en la antig\u00fcedad esta problem\u00e1tica se ve\u00eda y se sigue viendo de manera normal en gran parte de los poblaci\u00f3n y es una forma de crianza; muchos de los padres que se convierten en agresores de sus propios hijos tambi\u00e9n han sufrido de estos diferentes tipos de maltrato cuando han sido ni\u00f1os viendo este maltrato como algo com\u00fan, repiti\u00e9ndose el ciclo de violencia una y otra vez; por lo que los profesionales de la salud nos hemos podido dar cuenta que existe mucha falta de informaci\u00f3n para poder orientar y concientizar a las personas sobre las secuelas que puede traer la violencia.<\/p>\n\n\n\n<p>El Ministerio de Salud del Per\u00fa se\u00f1ala que en 1997, 1.425.000 de ni\u00f1os, ni\u00f1as y adolescente entre edades de 6 a 17 a\u00f1os se encontraban trabajando, y m\u00e1s de 15,00 de ellos lo hacen corriendo peligro (2000, p.31).<br><\/p>\n\n\n\n<p><strong>Causas del maltrato infantil<\/strong><br>Hoy en d\u00eda en que el maltrato infantil aumenta cada vez m\u00e1s y es visto por la sociedad como algo normal debemos conocer cu\u00e1les son las causas que hacen que esta problem\u00e1tica se incremente cada vez m\u00e1s.<\/p>\n\n\n\n<p>Mesa-Gresa y Moya-Albiol (2011), afirman que los padres que se convierten en agresores de sus hijos sufren de alg\u00fan trastorno psicol\u00f3gico, vienen de familias disfuncionales o ellos han sido educados de la misma manera por lo que ven estos tipos de maltrato como algo normal para educar a sus hijos.<br>Otro de las causas que nos dieron a conocer es el factor econ\u00f3mico ya que los padres al no conseguir trabajo muchas veces descargan sus preocupaciones y frustraciones con sus hijos maltrat\u00e1ndolos de manera f\u00edsica o psicol\u00f3gica.<\/p>\n\n\n\n<p>Asimismo, ocurre que muchas veces los padres no tienen conocimiento acerca de lo que es un adecuado estilo de crianza, infringiendo su autoridad y sancionando cuando algo les parece mal por lo que maltrato f\u00edsico y psicol\u00f3gico es visto de manera normal; y es considerado una medida de correcci\u00f3n.<\/p>\n\n\n\n<p><strong>\u00bfC\u00f3mo se podr\u00eda prevenir el maltrato infantil?<\/strong><\/p>\n\n\n\n<ul class=\"wp-block-list\"><li>Realizar actividades de intervenci\u00f3n en las escuelas para padres con la finalidad de promover un adecuado estilo de crianza y dar a conocer cu\u00e1les son las consecuencias que trae el maltrato infantil a corto y largo plazo.<\/li><li>Identificar situaciones de maltrato infantil y establecer estrategias de tratamiento.<\/li><li>Remitir a centros de salud mental a padres que tengan alg\u00fan tipo de adicci\u00f3n.<\/li><li>Hacer que los profesionales de la salud puedan darle mayor \u00e9nfasis a las consecuencias que trae consigo los ni\u00f1os que son v\u00edctimas de maltrato infantil.<\/li><\/ul>\n\n\n\n<p><\/p>\n\n\n\n<div class=\"wp-block-image\"><figure class=\"aligncenter size-large is-resized\"><img loading=\"lazy\" decoding=\"async\" src=\"https:\/\/warayana.com.pe\/publicaciones\/wp-content\/uploads\/2021\/09\/image-18.png\" alt=\"\" class=\"wp-image-4028\" width=\"310\" height=\"207\" srcset=\"https:\/\/warayana.com.pe\/publicaciones\/wp-content\/uploads\/2021\/09\/image-18.png 523w, https:\/\/warayana.com.pe\/publicaciones\/wp-content\/uploads\/2021\/09\/image-18-300x200.png 300w\" sizes=\"auto, (max-width: 310px) 100vw, 310px\" \/><\/figure><\/div>\n\n\n\n<p>El psic\u00f3logo tiene un papel muy importante ya que va ayudar a comprender la necesidad de poder prevenir el maltrato infantil, identificando los casos de maltrato infantil en el colegio y en la consulta privada, realizando tambi\u00e9n programas de intervenci\u00f3n con los estudiantes.<\/p>\n\n\n\n<p>El maltrato infantil ha existido siempre y es algo que no ha cambiado incluso incrementa cada vez m\u00e1s; siendo relevante cambiar el estilo de crianza de los padres y modificar la din\u00e1mica familiar para que esta problem\u00e1tica que se da a nivel mundial no siga dejando consecuencias en los ni\u00f1os y posteriormente secuelas en los adultos. Porque para educar y corregir no necesitas agredir.<\/p>\n\n\n\n<p><\/p>\n\n\n\n<p><strong>Referencias<\/strong><\/p>\n\n\n\n<ul class=\"wp-block-list\"><li>Mesa-Gresa, P., &amp; Moya-Albiol, L. (2011). Neurobiolog\u00eda del maltrato infantil: el ciclo de la violencia. Neurol\u00f3gica.<\/li><li>Ministerio de Salud del Per\u00fa (2000). Violencia familiar y maltrato infantil. Situaci\u00f3n de la violencia familiar en el Per\u00fa.<\/li><li>Telesur (2018). Un 74% de ni\u00f1os peruanos son v\u00edctimas de maltrato. Recuperado de: https:\/\/www.telesurtv.net\/news\/peru-aumento-indices-maltrato-infantil&#8211;20180717-0035.html<\/li><\/ul>\n\n\n\n<p><\/p>\n","protected":false},"excerpt":{"rendered":"<p>Hoy en pleno siglo XXI queremos darle la importancia que tiene el maltrato infantil por lo que se quiere empezar hablando de una de las etapas m\u00e1s relevantes para el desarrollo socioemocional del individuo; el cual hoy en d\u00eda a cogido especial atenci\u00f3n; pues nos hemos dado cuenta lo importante que es que la infancia [&hellip;]<\/p>\n","protected":false},"author":24,"featured_media":4021,"comment_status":"open","ping_status":"open","sticky":false,"template":"","format":"standard","meta":{"footnotes":""},"categories":[8],"tags":[],"class_list":["post-4020","post","type-post","status-publish","format-standard","has-post-thumbnail","hentry","category-psicologiainfantil"],"_links":{"self":[{"href":"https:\/\/warayana.com.pe\/publicaciones\/wp-json\/wp\/v2\/posts\/4020","targetHints":{"allow":["GET"]}}],"collection":[{"href":"https:\/\/warayana.com.pe\/publicaciones\/wp-json\/wp\/v2\/posts"}],"about":[{"href":"https:\/\/warayana.com.pe\/publicaciones\/wp-json\/wp\/v2\/types\/post"}],"author":[{"embeddable":true,"href":"https:\/\/warayana.com.pe\/publicaciones\/wp-json\/wp\/v2\/users\/24"}],"replies":[{"embeddable":true,"href":"https:\/\/warayana.com.pe\/publicaciones\/wp-json\/wp\/v2\/comments?post=4020"}],"version-history":[{"count":6,"href":"https:\/\/warayana.com.pe\/publicaciones\/wp-json\/wp\/v2\/posts\/4020\/revisions"}],"predecessor-version":[{"id":4060,"href":"https:\/\/warayana.com.pe\/publicaciones\/wp-json\/wp\/v2\/posts\/4020\/revisions\/4060"}],"wp:featuredmedia":[{"embeddable":true,"href":"https:\/\/warayana.com.pe\/publicaciones\/wp-json\/wp\/v2\/media\/4021"}],"wp:attachment":[{"href":"https:\/\/warayana.com.pe\/publicaciones\/wp-json\/wp\/v2\/media?parent=4020"}],"wp:term":[{"taxonomy":"category","embeddable":true,"href":"https:\/\/warayana.com.pe\/publicaciones\/wp-json\/wp\/v2\/categories?post=4020"},{"taxonomy":"post_tag","embeddable":true,"href":"https:\/\/warayana.com.pe\/publicaciones\/wp-json\/wp\/v2\/tags?post=4020"}],"curies":[{"name":"wp","href":"https:\/\/api.w.org\/{rel}","templated":true}]}}