{"id":4004,"date":"2021-09-13T04:06:09","date_gmt":"2021-09-13T02:06:09","guid":{"rendered":"https:\/\/warayana.com.pe\/publicaciones\/?p=4004"},"modified":"2021-10-08T19:47:12","modified_gmt":"2021-10-08T17:47:12","slug":"efectos-del-distanciamiento-social","status":"publish","type":"post","link":"https:\/\/warayana.com.pe\/publicaciones\/2021\/09\/13\/efectos-del-distanciamiento-social\/","title":{"rendered":"Efectos del distanciamiento social"},"content":{"rendered":"\n<p>Tras haberse decretado estado de pandemia, la gran mayor\u00eda de los gobiernos opt\u00f3 por seguir protocolos de distanciamiento social. Entre los que se enumera los periodos de aislamiento o confinamiento obligatorio, estas medidas son dadas tanto para personas que hayan estado en contacto con alg\u00fan paciente diagnosticado, como para personas que residan en centros con altos \u00edndices de contagio&nbsp; (OMS, 2021). Sin embargo, estas medidas si bien fueron expuestas en el marco de la salud p\u00fablica, en muchas ocasiones esta acarreando problemas de salud psicol\u00f3gica. Puesto que, el ser humano por naturaleza es un ser altamente social, resiente en gran medida las restricciones que impidan compartir afecto.<\/p>\n\n\n\n<figure class=\"wp-block-image\"><img decoding=\"async\" src=\"https:\/\/healthmatters.nyp.org\/wp-content\/uploads\/2020\/03\/why-social-distancing-matters-hero.jpg\" alt=\"Qu\u00e9 debe saber sobre el distanciamiento social\"\/><\/figure>\n\n\n\n<p><strong>Antecedentes<\/strong>.<\/p>\n\n\n\n<p>Los primeros d\u00edas de pandemia, se vieron marcados por el desconcierto. Tras el cierre de frontera, varios ciudadanos se encontraban en ciudades, estados y hasta en pa\u00edses distintos a de su residencia habitual. Seg\u00fan cifras de la canciller\u00eda dadas al diario el comercio, a mediados de marzo del 2020, al menos 14,500 peruanos se encontraban \u201cvarados\u201d tras el cierre de la frontera peruana (Astos S\u00e1nchez, 2020).&nbsp; Este suceso, lejos de ser anecd\u00f3tico nos demuestra la vulnerabilidad vivida por estas personas, puesto que, si bien algunos pudieron tramitar su retorno por medios privados, muchos se vieron en la necesidad de solicitar ayuda a los pa\u00edses anfitriones.&nbsp; Por otra parte, tras la llevada al Per\u00fa, estos debieron pasar por \u201ccuarentenas\u201d obligatorias, las cuales en su mayor\u00eda se daban en completa soledad. Debido que, para evitar posibles contagios, estos no podr\u00edan regresar a sus hogares.<\/p>\n\n\n\n<p><strong>Efectos<\/strong>.<\/p>\n\n\n\n<p>Despu\u00e9s de reflexionar sobre los distintos sucesos vividos por la comunidad, se puede aseverar que tras los periodos de aislamiento las personas que estuvieron aisladas, al menos 3 semanas, vieron modificado su bienestar psicol\u00f3gico (Ahumada, 2020). En experimentos de laboratorio, se pudo evidenciar que en caso de animales; en relaci\u00f3n a si fueron criados en comunidad, o sin dem\u00e1s miembros de su especie, estos responder\u00e1n de distinta forma a situaciones de estr\u00e9s o ansiedad. Siendo que la crianza en comunidad presenta condiciones mas id\u00f3neas para el bienestar de estas. Por otra parte, si estos son aislados tras haber vivido en comunidad, puede presentar respuestas menos favorables a la frustraci\u00f3n. (Cuenya et&nbsp;al., 2011)<\/p>\n\n\n\n<p>Otro punto se refleja en la disfunci\u00f3n para adquirir nuevas habilidades, puesto que, parte de los procesos de aprendizaje tiene base en las relaciones sociales. Es decir, que al socializar con miembros de igual o mayor instrucci\u00f3n, se facilita la \u201cadquisici\u00f3n\u201d de los h\u00e1bitos, valores y conocimientos culturales. (Yubero, 2004)<\/p>\n\n\n\n<p><strong>Consecuencias<\/strong><\/p>\n\n\n\n<p>Como principal consecuencia del aislamiento social se puede nombrar al estr\u00e9s, ansiedad y depresi\u00f3n. Ya que, el desconcierto generalizado por la pandemia se ve agravado por un reducido sistema de contenci\u00f3n. En otras palabras, al no tener amigos o familia que puedan servir de ayuda, los conflictos personales se agravan. En otra instancia, se puede apreciar que, dependiendo de las caracter\u00edsticas de la poblaci\u00f3n, este desarrolla distintos cuadros patol\u00f3gicos. En el caso de las mujeres, se puede apreciar que estas demuestran sintomatolog\u00eda depresiva mayor al del grupo masculino. (Prieto-Molinaria et&nbsp;al., 2020)<\/p>\n\n\n\n<p>As\u00ed mismo, se puede referenciar que un sector claramente afectado es de las personas que estudian y trabajan. Puesto que, estos al buscar mejores oportunidades suelen abandonar su lugar de origen, lo que contribuye a encontrarse viviendo solos.<\/p>\n\n\n\n<figure class=\"wp-block-image\"><img decoding=\"async\" src=\"https:\/\/cienciasdelasalud.blogs.uoc.edu\/wp-content\/uploads\/sites\/141\/2021\/01\/erik-mclean-vaikxzs4pa-unsplash-1-1024x683.jpg\" alt=\"Dolor cr\u00f3nico y el confinamiento por COVID-19\"\/><\/figure>\n\n\n\n<p><strong>Alternativas<\/strong><\/p>\n\n\n\n<p>El uso de medios virtuales como las video llamadas son altamente empleados para reducir la brecha que impuso las medidas sanitarias. Sin embargo, se debe de tener mucho cuidado con las alternativas a tomar. Puesto que, se evidenci\u00f3 que exceso de tiempo libre o estrategias err\u00f3neas podr\u00edan desarrollar problemas adyacentes. Como alternativas negativas se suele evidenciar el abuso de bebidas alcoh\u00f3licas, el consumo de drogas, la sobre exposici\u00f3n a pantallas y el uso desmedido de juegos de video.<\/p>\n\n\n\n<p><strong>Conclusiones<\/strong><\/p>\n\n\n\n<div class=\"wp-block-image\"><figure class=\"aligncenter is-resized\"><img loading=\"lazy\" decoding=\"async\" src=\"https:\/\/encrypted-tbn0.gstatic.com\/images?q=tbn:ANd9GcQ409hR4JP4O5cPqZINVvKqaUY7A-o4NkP44IuSDqaUsvPLslSX3ap-u6YDuUX7RFy7idc&amp;usqp=CAU\" alt=\"Cuidado con las Video Llamadas! \u26a0 | CINERIE Amino Una Gran Familia Amino\" width=\"427\" height=\"320\"\/><\/figure><\/div>\n\n\n\n<p>A ra\u00edz de la situaci\u00f3n de pandemia, se evidencia que la din\u00e1mica social se ha visto modificada, lo que conlleva situaciones at\u00edpicas, como el distanciamiento social. Evento que \u00fanicamente puede ser comparado como el estado de guerra por los efectos en el d\u00eda a d\u00eda.<\/p>\n\n\n\n<p>Como conclusi\u00f3n, se puede afirmar que la falta de socializaci\u00f3n puede desencadenar efectos nocivos en la salud mental de la poblaci\u00f3n, suscitando episodios de estr\u00e9s, ansiedad y agravando cuadros depresivos. Por lo que, se recomienda emplear alternativas virtuales para estimular la comunicaci\u00f3n. As\u00ed mismo, en caso los s\u00edntomas no mejoraran, el buscar ayuda especializada es clave para evitar conflictos mayores.<\/p>\n\n\n\n<p><strong>Referencias<\/strong><\/p>\n\n\n\n<p>Ahumada, P. S. M. (2020). <em>Efectos del aislamiento social y la cuarentena sobre el bienestar subjetivo de los chilenos durante el brote de COVID-19<\/em>. SciELO Preprints. https:\/\/doi.org\/10.1590\/SciELOPreprints.368<\/p>\n\n\n\n<p>Astos Sanchez, M. (2020, mayo 23). <em>Coronavirus | Per\u00fa | \u201cEstamos cerca y no hacen nada por ayudarnos\u201d: M\u00e1s de 5.600 peruanos siguen varados en Latinoam\u00e9rica | Covid-19 | MUNDO<\/em>. El Comercio Per\u00fa; NOTICIAS EL COMERCIO PER\u00da. https:\/\/elcomercio.pe\/mundo\/latinoamerica\/coronavirus-peru-estamos-cerca-y-no-hacen-nada-por-ayudarnos-mas-de-5600-peruanos-siguen-varados-en-latinoamerica-covid-19-noticia\/<\/p>\n\n\n\n<p>Cuenya, L., Fosacheca, S., Mustaca, A., &amp; Kamenetzky, G. (2011). Efectos del aislamiento en la adultez sobre el dolor y la frustraci\u00f3n. <em>Psicol\u00f3gica<\/em>, <em>32<\/em>, 49-63.<\/p>\n\n\n\n<p>OMS. (2021, abril 19). <em>Declaraci\u00f3n acerca de la s\u00e9ptima reuni\u00f3n del Comit\u00e9 de Emergencias del Reglamento Sanitario \u200eInternacional (2005) sobre la pandemia de enfermedad por el coronavirus de 2019 (COVID-19)\u200e<\/em>. https:\/\/www.who.int\/es\/news\/item\/19-04-2021-statement-on-the-seventh-meeting-of-the-international-health-regulations-(2005)-emergency-committee-regarding-the-coronavirus-disease-(covid-19)-pandemic<\/p>\n\n\n\n<p>Prieto-Molinaria, D. E., Aguirre Bravo, G. L., de Pierola, I., Luna Victoria-de Bona, G., Merea Silva, L. A., Lazarte Nu\u00f1ez, C. S., Uribe-Bravo, K., Zegarra, \u00c1. C., Prieto-Molinaria, D. E., Aguirre Bravo, G. L., de Pierola, I., Luna Victoria-de Bona, G., Merea Silva, L. A., Lazarte Nu\u00f1ez, C. S., Uribe-Bravo, K., &amp; Zegarra, \u00c1. C. (2020). Depresi\u00f3n y ansiedad durante el aislamiento obligatorio por el COVID-19 en Lima Metropolitana. <em>Liberabit<\/em>, <em>26<\/em>(2). https:\/\/doi.org\/10.24265\/liberabit.2020.v26n2.09<\/p>\n\n\n\n<p>Yubero, S. (2004). <em>CAP\u00cdTULO XXIV SOCIALIZACI\u00d3N Y APRENDIZAJE SOCIAL<\/em>. 26.<\/p>\n","protected":false},"excerpt":{"rendered":"<p>Tras haberse decretado estado de pandemia, la gran mayor\u00eda de los gobiernos opt\u00f3 por seguir protocolos de distanciamiento social. Entre los que se enumera los periodos de aislamiento o confinamiento obligatorio, estas medidas son dadas tanto para personas que hayan estado en contacto con alg\u00fan paciente diagnosticado, como para personas que residan en centros con [&hellip;]<\/p>\n","protected":false},"author":20,"featured_media":4008,"comment_status":"open","ping_status":"open","sticky":false,"template":"","format":"standard","meta":{"footnotes":""},"categories":[7],"tags":[33,188],"class_list":["post-4004","post","type-post","status-publish","format-standard","has-post-thumbnail","hentry","category-psicologiaycoronavirus","tag-coronavirus","tag-distanciamiento-social"],"_links":{"self":[{"href":"https:\/\/warayana.com.pe\/publicaciones\/wp-json\/wp\/v2\/posts\/4004","targetHints":{"allow":["GET"]}}],"collection":[{"href":"https:\/\/warayana.com.pe\/publicaciones\/wp-json\/wp\/v2\/posts"}],"about":[{"href":"https:\/\/warayana.com.pe\/publicaciones\/wp-json\/wp\/v2\/types\/post"}],"author":[{"embeddable":true,"href":"https:\/\/warayana.com.pe\/publicaciones\/wp-json\/wp\/v2\/users\/20"}],"replies":[{"embeddable":true,"href":"https:\/\/warayana.com.pe\/publicaciones\/wp-json\/wp\/v2\/comments?post=4004"}],"version-history":[{"count":3,"href":"https:\/\/warayana.com.pe\/publicaciones\/wp-json\/wp\/v2\/posts\/4004\/revisions"}],"predecessor-version":[{"id":4011,"href":"https:\/\/warayana.com.pe\/publicaciones\/wp-json\/wp\/v2\/posts\/4004\/revisions\/4011"}],"wp:featuredmedia":[{"embeddable":true,"href":"https:\/\/warayana.com.pe\/publicaciones\/wp-json\/wp\/v2\/media\/4008"}],"wp:attachment":[{"href":"https:\/\/warayana.com.pe\/publicaciones\/wp-json\/wp\/v2\/media?parent=4004"}],"wp:term":[{"taxonomy":"category","embeddable":true,"href":"https:\/\/warayana.com.pe\/publicaciones\/wp-json\/wp\/v2\/categories?post=4004"},{"taxonomy":"post_tag","embeddable":true,"href":"https:\/\/warayana.com.pe\/publicaciones\/wp-json\/wp\/v2\/tags?post=4004"}],"curies":[{"name":"wp","href":"https:\/\/api.w.org\/{rel}","templated":true}]}}