{"id":3945,"date":"2021-09-23T03:00:11","date_gmt":"2021-09-23T01:00:11","guid":{"rendered":"https:\/\/warayana.com.pe\/publicaciones\/?p=3945"},"modified":"2021-10-16T18:53:37","modified_gmt":"2021-10-16T16:53:37","slug":"el-nino-que-llevamos-dentro","status":"publish","type":"post","link":"https:\/\/warayana.com.pe\/publicaciones\/2021\/09\/23\/el-nino-que-llevamos-dentro\/","title":{"rendered":"El ni\u00f1o que llevamos dentro"},"content":{"rendered":"\n<p class=\"has-drop-cap\">\u00c9rase un ni\u00f1o. \u00c9rase nuestro ni\u00f1o. O mejor, \u00e9rase un nosotros ni\u00f1o. <\/p>\n\n\n\n<div class=\"wp-block-image\"><figure class=\"alignright size-large is-resized\"><img loading=\"lazy\" decoding=\"async\" src=\"https:\/\/warayana.com.pe\/publicaciones\/wp-content\/uploads\/2021\/09\/descarga-2.jpg\" alt=\"\" class=\"wp-image-4076\" width=\"236\" height=\"157\"\/><\/figure><\/div>\n\n\n\n<p>El nosotros ni\u00f1o -que tiene tu nombre-  viv\u00eda (o vive) dentro de una madre, un padre, de un adolescente o de un anciano. Vive dentro de ese que t\u00fa dices ser hoy -aunque quiz\u00e1s aun no lo definas del todo-, digamos que vive dentro y a trav\u00e9s de ese que los dem\u00e1s ven en ti.<\/p>\n\n\n\n<p>Sucede que los a\u00f1os, las circunstancias, las experiencias nos han ocultado de nosotros ni\u00f1os. Encima del ni\u00f1o se entretejen teor\u00edas, autoenga\u00f1o, heridas intensas y profundas, m\u00e1scaras y superficialidades de todo tipo: diplomas, fiestas, amor\u00edos, libros, f\u00edsico e infinitos etc\u00e9tera. Los a\u00f1os -que es la forma con la que llamamos al discurrir de la vida- se untan como petr\u00f3leo encima del ni\u00f1o. Y, sin embargo, nunca desaparece. Todo el amasijo que est\u00e1 sobre \u00e9l tiene su forma, parte de su molde. <\/p>\n\n\n\n<p>Ese ni\u00f1o es nuestra clave de lectura. De lectura interna. De introspecci\u00f3n. Son sus miedos y sus seguridades las que se esconden detr\u00e1s de nuestras formas de sentir el mundo. Si tengo miedo de que me abandonen, si creo que los dem\u00e1s no importan, si me siento seguro con los que me quieren y quiero. <\/p>\n\n\n\n<figure class=\"wp-block-image size-large\"><img loading=\"lazy\" decoding=\"async\" width=\"768\" height=\"479\" src=\"https:\/\/warayana.com.pe\/publicaciones\/wp-content\/uploads\/2021\/09\/los-lobos-pelicula.jpg\" alt=\"\" class=\"wp-image-4081\" srcset=\"https:\/\/warayana.com.pe\/publicaciones\/wp-content\/uploads\/2021\/09\/los-lobos-pelicula.jpg 768w, https:\/\/warayana.com.pe\/publicaciones\/wp-content\/uploads\/2021\/09\/los-lobos-pelicula-300x187.jpg 300w\" sizes=\"auto, (max-width: 768px) 100vw, 768px\" \/><\/figure>\n\n\n\n<p>Empezar a buscarlo, nos embarca en un camino de autodescubrimiento que implica reconocer la propia debilidad, los errores que mantenemos por a\u00f1os. Implica decir: \u00abS\u00ed, estoy herido. Me hirieron. Puede hasta que tenga pus. Pero ahora me toca curarme\u00bb. <\/p>\n\n\n\n<div class=\"wp-block-image\"><figure class=\"alignright size-large is-resized\"><img loading=\"lazy\" decoding=\"async\" src=\"https:\/\/warayana.com.pe\/publicaciones\/wp-content\/uploads\/2021\/09\/ARTICULOPORT-1024x737.jpg\" alt=\"\" class=\"wp-image-4085\" width=\"409\" height=\"294\" srcset=\"https:\/\/warayana.com.pe\/publicaciones\/wp-content\/uploads\/2021\/09\/ARTICULOPORT-1024x737.jpg 1024w, https:\/\/warayana.com.pe\/publicaciones\/wp-content\/uploads\/2021\/09\/ARTICULOPORT-300x216.jpg 300w, https:\/\/warayana.com.pe\/publicaciones\/wp-content\/uploads\/2021\/09\/ARTICULOPORT-768x552.jpg 768w, https:\/\/warayana.com.pe\/publicaciones\/wp-content\/uploads\/2021\/09\/ARTICULOPORT-1536x1105.jpg 1536w, https:\/\/warayana.com.pe\/publicaciones\/wp-content\/uploads\/2021\/09\/ARTICULOPORT.jpg 1817w\" sizes=\"auto, (max-width: 409px) 100vw, 409px\" \/><\/figure><\/div>\n\n\n\n<p>Por eso es necesario hurgar hasta el ni\u00f1o de cada uno. Para curarse. Y porque nadie va a hacer el trabajo por nosotros. Revolver toda la oficina hasta encontrarlo. Hasta abrazarlo. Hasta descubrir sus heridas, sus miedos, sus dolores, sus amores, su encanto por la vida, su ternura y su naturalidad. Porque existen dos ni\u00f1os: el que era antes de todo, el que se asombraba, el que no ten\u00eda verg\u00fcenza de nada, el que a\u00fan no comprend\u00eda la maldad; y aquel que aprendi\u00f3 a callar para no ser ignorado, o a portarse como adulto desde muy temprano, o el que llamaba la atenci\u00f3n a diestra y siniestra, o el que se aislaba. Consolando los dolores del segundo, podemos hallar los colores del primero. <\/p>\n\n\n\n<figure class=\"wp-block-image size-large is-resized\"><img loading=\"lazy\" decoding=\"async\" src=\"https:\/\/warayana.com.pe\/publicaciones\/wp-content\/uploads\/2021\/09\/unnamed-3.jpg\" alt=\"\" class=\"wp-image-4089\" width=\"577\" height=\"325\" srcset=\"https:\/\/warayana.com.pe\/publicaciones\/wp-content\/uploads\/2021\/09\/unnamed-3.jpg 512w, https:\/\/warayana.com.pe\/publicaciones\/wp-content\/uploads\/2021\/09\/unnamed-3-300x169.jpg 300w\" sizes=\"auto, (max-width: 577px) 100vw, 577px\" \/><\/figure>\n\n\n\n<p>Abrazar al ni\u00f1o interior no es abrazar la impulsividad o la inmadurez porque s\u00ed. No se trata de abrazar un ni\u00f1o interior aleatorio, idealizado. No es \u00abel ni\u00f1o que <strong>todos<\/strong> llevamos dentro\u00bb. Es <strong>tu<\/strong> ni\u00f1o. S\u00f3lo tuyo. \u00bfQui\u00e9n eras?, \u00bfQu\u00e9 pas\u00f3?, \u00bfC\u00f3mo llegaste aqu\u00ed? Cada ni\u00f1o tiene una forma diferente de ver el mundo: suspicaz o confiada en los otros, seguro de s\u00ed o anul\u00e1ndose. A este patr\u00f3n le llamamos apego en psicolog\u00eda. Pero lo interesante no es el nombre, sino lo \u00fatil de esto.<\/p>\n\n\n\n<p>Pi\u00e9nsalo un poco, si tienes miedo de que te abandonen, eres insegura sobre el afecto de tus amigos o familia; si, por el contrario, prefieres aislarte porque temes a la opini\u00f3n de los otros; o si lo haces porque nadie vale la pena tanto como t\u00fa. Todo viene desde que eras peque\u00f1o y te toc\u00f3 atravesar lo que cay\u00f3 en suerte. <\/p>\n\n\n\n<p>Padres ausentes, negligencia o sobre-exigencia familiar, crianza eg\u00f3latra, muertes cercanas, violencia, fuertes carencias. Forman un patr\u00f3n de pensamiento que quiz\u00e1s no has tenido claro hasta hoy. M\u00e1s all\u00e1 de esto, las relaciones que sostienes con varones o mujeres pueden ser reflejo (por semejanza u oposici\u00f3n) a tus experiencias infantiles.<\/p>\n\n\n\n<p>No te embarques solo, recorre esto con una compa\u00f1\u00eda. Que no te estanques en observar y apiadarte de tu pasado, es solo la transici\u00f3n a una mirada m\u00e1s consciente, m\u00e1s madura del mundo. Un amigo, un familiar, un profesional (especialmente si te han tocado situaciones m\u00e1s complejas de lo usual) puede sostenerte. Mostrarte la ruta despejada si te comienzas a apagar.<\/p>\n\n\n\n<p class=\"has-text-align-left\">Por encima de todo, que nos recuerde que siempre lo hemos tenido dentro, que la curiosidad, naturalidad y cari\u00f1o nunca se ha ido del todo. Que a\u00fan podemos tomarnos la vida menos en serio y m\u00e1s de verdad.<\/p>\n\n\n\n<p>A partir de aqu\u00ed, un largo camino comienza.<\/p>\n\n\n\n<figure class=\"wp-block-image size-large\"><img loading=\"lazy\" decoding=\"async\" width=\"1024\" height=\"512\" src=\"https:\/\/warayana.com.pe\/publicaciones\/wp-content\/uploads\/2021\/09\/DixLM5CX4AAxvBA.jpg\" alt=\"\" class=\"wp-image-4087\" srcset=\"https:\/\/warayana.com.pe\/publicaciones\/wp-content\/uploads\/2021\/09\/DixLM5CX4AAxvBA.jpg 1024w, https:\/\/warayana.com.pe\/publicaciones\/wp-content\/uploads\/2021\/09\/DixLM5CX4AAxvBA-300x150.jpg 300w, https:\/\/warayana.com.pe\/publicaciones\/wp-content\/uploads\/2021\/09\/DixLM5CX4AAxvBA-768x384.jpg 768w\" sizes=\"auto, (max-width: 1024px) 100vw, 1024px\" \/><\/figure>\n\n\n\n<pre class=\"wp-block-verse\"><\/pre>\n","protected":false},"excerpt":{"rendered":"<p>Abrazar el ni\u00f1o \u00fanico para cada cual, para conocer al adulto con el que vivimos hoy.<\/p>\n","protected":false},"author":26,"featured_media":4087,"comment_status":"open","ping_status":"open","sticky":false,"template":"","format":"standard","meta":{"footnotes":""},"categories":[225],"tags":[32,195],"class_list":["post-3945","post","type-post","status-publish","format-standard","has-post-thumbnail","hentry","category-psicologia-del-desarrollo","tag-infancia","tag-nino-interior"],"_links":{"self":[{"href":"https:\/\/warayana.com.pe\/publicaciones\/wp-json\/wp\/v2\/posts\/3945","targetHints":{"allow":["GET"]}}],"collection":[{"href":"https:\/\/warayana.com.pe\/publicaciones\/wp-json\/wp\/v2\/posts"}],"about":[{"href":"https:\/\/warayana.com.pe\/publicaciones\/wp-json\/wp\/v2\/types\/post"}],"author":[{"embeddable":true,"href":"https:\/\/warayana.com.pe\/publicaciones\/wp-json\/wp\/v2\/users\/26"}],"replies":[{"embeddable":true,"href":"https:\/\/warayana.com.pe\/publicaciones\/wp-json\/wp\/v2\/comments?post=3945"}],"version-history":[{"count":7,"href":"https:\/\/warayana.com.pe\/publicaciones\/wp-json\/wp\/v2\/posts\/3945\/revisions"}],"predecessor-version":[{"id":4107,"href":"https:\/\/warayana.com.pe\/publicaciones\/wp-json\/wp\/v2\/posts\/3945\/revisions\/4107"}],"wp:featuredmedia":[{"embeddable":true,"href":"https:\/\/warayana.com.pe\/publicaciones\/wp-json\/wp\/v2\/media\/4087"}],"wp:attachment":[{"href":"https:\/\/warayana.com.pe\/publicaciones\/wp-json\/wp\/v2\/media?parent=3945"}],"wp:term":[{"taxonomy":"category","embeddable":true,"href":"https:\/\/warayana.com.pe\/publicaciones\/wp-json\/wp\/v2\/categories?post=3945"},{"taxonomy":"post_tag","embeddable":true,"href":"https:\/\/warayana.com.pe\/publicaciones\/wp-json\/wp\/v2\/tags?post=3945"}],"curies":[{"name":"wp","href":"https:\/\/api.w.org\/{rel}","templated":true}]}}