{"id":3398,"date":"2021-07-20T20:30:06","date_gmt":"2021-07-20T18:30:06","guid":{"rendered":"https:\/\/warayana.com.pe\/publicaciones\/?p=3398"},"modified":"2021-10-08T20:03:28","modified_gmt":"2021-10-08T18:03:28","slug":"psicologia-paliativa-y-la-negativa-del-dolor","status":"publish","type":"post","link":"https:\/\/warayana.com.pe\/publicaciones\/2021\/07\/20\/psicologia-paliativa-y-la-negativa-del-dolor\/","title":{"rendered":"Psicolog\u00eda paliativa y la negativa del dolor"},"content":{"rendered":"\n<p><\/p>\n\n\n\n<p class=\"has-text-align-center\"><strong> Sociedad enferma ante el dolor.<\/strong><\/p>\n\n\n\n<figure class=\"wp-block-image\"><img decoding=\"async\" src=\"https:\/\/lh4.googleusercontent.com\/2VQB8KMIX3THSyDaiZCaru9i6qQP9J5MFOmCycL9h2MUiD3p59pTiuVformj4DqDolI34gLkcrxMYC0ACQA5s4pp_A37CKaLbMzxO_J4HxA6OAXdUO2Ddi7y9ArpKt8mkVJByLP6\" alt=\"\" \/><\/figure>\n\n\n\n<p class=\"has-text-align-center\"><em>\u201c\u00a1Cu\u00e9ntame qu\u00e9 es para ti el dolor y te dir\u00e9 qui\u00e9n eres!\u201d.<\/em><\/p>\n\n\n\n<p class=\"has-text-align-center\"><strong><em>&nbsp;Ernst J\u00fcnger&nbsp;<\/em><\/strong><\/p>\n\n\n\n<p class=\"has-text-align-center\"><strong>Palabras claves: <\/strong><em>algorafobia, sufrimiento, dolor, carencia, psicolog\u00eda positiva.&nbsp;<\/em><\/p>\n\n\n\n<p>En la vida del hombre, se deslumbra un peregrinar del sufrimiento, que se manifiesta a trav\u00e9s de experiencias tangibles y palpables. A su vez, aparece una inc\u00f3gnita constante que nos persigue y es \u00bfpor qu\u00e9?&nbsp;<\/p>\n\n\n\n<p>En el mundo, se presenta como personal y concreto. El terreno del sufrimiento humano es mucho m\u00e1s vasto, mucho m\u00e1s variado. El hombre sufre de modos diversos. El sufrimiento es algo&nbsp;todav\u00eda m\u00e1s amplio&nbsp;que la enfermedad, m\u00e1s complejo y a la vez a\u00fan m\u00e1s profundamente en la humanidad misma.<\/p>\n\n\n\n<p>Eso es as\u00ed por cuanto una de las caracter\u00edsticas del dolor es que afecta a la realidad en toda su extensi\u00f3n. Es lo que dice San Agust\u00edn: \u201cSentir dolor es privativo del alma, no del cuerpo\u201d (La ciudad de Dios, XXI, 3).<\/p>\n\n\n\n<p>Sin embargo, hoy en d\u00eda vemos que como las olas del mar el dolor se disipa y se vuelve m\u00e1s extremo e incluso irracional.<\/p>\n\n\n\n<div class=\"wp-block-image\"><figure class=\"aligncenter\"><img decoding=\"async\" src=\"https:\/\/lh5.googleusercontent.com\/r3XvquPJHa1nOU-nziO130hYuUDuqwZAvnywgi0EZjHQ9mQWwypLQNK1uC3DR4AZiiQ7gs2GK51G3vv30EuZK2IXMd01G6JFd2UOgK2M77IB7ipgwJqMQ4vqj8rmRzWhg9pW-XT7\" alt=\"\" \/><\/figure><\/div>\n\n\n\n<p class=\"has-text-align-center\"><strong><em>ALGORAFOBIA<\/em><\/strong><\/p>\n\n\n\n<p>El sentido del dolor y del sufrimiento humano es, en definitiva, un misterio que al igual que el prop\u00f3sito de la propia existencia terrenal, escapa a la comprensi\u00f3n.<\/p>\n\n\n\n<p>Es as\u00ed como entramos a una sociedad agonizante y llena de perturbaciones que se explicar\u00edan mucho mejor con este tipo de patolog\u00eda<strong><em> (Algorafobia)<\/em><\/strong> que es el miedo anormal y persistente al padecer dolor. Las causas de este pueden ser variadas. Sin embargo, el magma de la fuente traum\u00e1tica es la experiencia con situaciones donde la persona se ve sometida al dolor de una forma sumamente excesiva e intensa. De igual manera tenemos que tener en cuenta que, las fobias pueden <strong><em>ser heredadas y adquiridas<\/em><\/strong> por medio de lo que es la observaci\u00f3n, lo que mejor se conoce como es el <strong><em>condicionamiento vicario o modelado.<\/em><\/strong><\/p>\n\n\n\n<figure class=\"wp-block-image\"><img decoding=\"async\" src=\"https:\/\/lh6.googleusercontent.com\/5bWPJYga21AB3uwiID2dgPRorxSSeMfZcCwfd1stGUE_T8yUa-1vKf_2unuDDVIoFrxRzjgro3qquUqwv-K6E5Wq_1fZUyLkM2CbPp0kstbz-_kZ-VkUJAOcQTaq6fo4qcMr7rIl\" alt=\"\" \/><\/figure>\n\n\n\n<p class=\"has-text-align-center\"><strong>\u201cEl Grito\u201d -1893 &#8211; Edvard Munch \/ Expresionismo<\/strong><\/p>\n\n\n\n<p class=\"has-text-align-center\"><strong><em>APRENDIZAJE VICARIO Y SOCIAL&nbsp;<\/em><\/strong><\/p>\n\n\n\n<p>El \u201cgur\u00fa\u201d de la cuesti\u00f3n, es nadie m\u00e1s ni menos que el gran psic\u00f3logo canadiense de ascendencia europea, Albert Bandura &#8211; 4 de diciembre de 1925 (edad 95 a\u00f1os). Qui\u00e9n considera que el aprendizaje vicario es este principio de aprender a trav\u00e9s de la observaci\u00f3n de tal modo que, la persona realiza dicha acci\u00f3n y experimenta las consecuencias de la misma. <strong><em>Bandura, A. (1969).<\/em><\/strong><\/p>\n\n\n\n<p>&nbsp;\u00bfPero se preguntar\u00e1n qu\u00e9 tiene que ver esto con el dolor o el sufrimiento humano? Tal vez ahora en la coyuntura actual podemos hablar y deslizar un poco m\u00e1s respecto a esto y ver las causas de tal comportamiento en lo que es el <strong><em>aprendizaje social.&nbsp;<\/em><\/strong><\/p>\n\n\n\n<p>Nuevamente<strong><em> <\/em><\/strong><strong><em>Bandura, A. (1986) <\/em><\/strong>nos ilumina y recalca que<strong><em> el aprendizaje social <\/em><\/strong>es dicho aprender pero no mediante un refuerzo, sino que cae en el modelo de la imitaci\u00f3n. Para Bandura, tal comportamiento de la persona se ve \u00edntimamente influida por el mundo y se da de una forma hasta causal, es decir, mutua.<\/p>\n\n\n\n<div class=\"wp-block-image\"><figure class=\"aligncenter\"><img decoding=\"async\" src=\"https:\/\/lh5.googleusercontent.com\/JXG6WqPQ8_Cmf9b-HYaxLvumFsBwF4z789UoaF8TXFuvrSYfuZG1uA0C_nmH-3TVsajpC3b4zwgUThm5BMAi0cLIwUwg3eyuvR1ygxxiCo-D7jqKpmd8n33t2TfZTRlIKpiPA7hH\" alt=\"\" \/><\/figure><\/div>\n\n\n\n<p class=\"has-text-align-center\"><em><strong>Bandura fue Presidente de la American Psychological Association (APA). Adem\u00e1s es doctor \u201chonoris causa\u201d en varias universidades del mundo.<\/strong><\/em><\/p>\n\n\n\n<p class=\"has-text-align-center\"><strong>COYUNTURA ACTUAL&nbsp;<\/strong><\/p>\n\n\n\n<p>La pandemia fue la gota que derram\u00f3 el vaso (aunque siempre se puede esperar m\u00e1s.) De igual modo, han sido develadas las carencias del hombre moderno (y el mundo moderno) en el sentido que no est\u00e1bamos preparados para las circunstancias y para tal evento con tan compleja magnitud.&nbsp; A su vez al hombre, lo ha retado a confrontarse as\u00ed mismo y mucho m\u00e1s hondo a\u00fan con la muerte.<\/p>\n\n\n\n<p>Ya el sufrimiento y el dolor ha evolucionado; en este sentido podemos decir que se ve un gran enfrentamiento.<strong> <\/strong><strong><em>Porque es ahora donde se hace mucho m\u00e1s visible esta condici\u00f3n de finitud nuestra y a su vez el rostro de la decadencia y la muerte pr\u00e1cticamente est\u00e1 tocando la puerta.&nbsp;<\/em><\/strong><\/p>\n\n\n\n<p>\u00a1Pero no solo es esto! Ahora bajo el contexto en el cual estamos viviendo se va expandiendo este malestar a trav\u00e9s de lo que es la aceptaci\u00f3n de la visi\u00f3n positivista de la globalizaci\u00f3n (medios de comunicaci\u00f3n). Por otro lado, este conflicto que se ha ido dando en otras esferas de nuestra sociedad: La pol\u00edtica (en un estado antag\u00f3nico). En t\u00e9rminos de <strong><em>Chantal Mouffe, <\/em><\/strong>desarrolla este marco anal\u00edtico, subrayando la imposibilidad de llegar a un consenso (ilusi\u00f3n de una sociedad reconciliada) sin exclusiones.<\/p>\n\n\n\n<p>Otra cuesti\u00f3n que vuelve a aparecer es el dolor. \u00bfPor qu\u00e9 tenemos que ir a la agon\u00eda? Otra pregunta muy clave. Ya que, debemos volver a este estado de agonismo como una soluci\u00f3n radical para poder resolver de forma definitiva los diversos conflictos. Sin embargo, no hay espacio para el dolor, no hay espacio para el sufrimiento.<\/p>\n\n\n\n<figure class=\"wp-block-image\"><img decoding=\"async\" src=\"https:\/\/lh3.googleusercontent.com\/trtBnbimyzuyDsi4DRd2F7Oq8-sfFCG9cn2-KpbQ_4UUx0cHejO6r64qaY7mv5ttcl-jqbVcESSXAAyO9ryFkhtWOViSGCvSPMUza7Uiob7jBxjOzIKF2w4pAarGi5-88ny3CgSJ\" alt=\"\" \/><\/figure>\n\n\n\n<p class=\"has-text-align-center\"><strong><em>Chantal Mouffe, esposa de Ernesto Laclau &#8211; Filosofa Post-marxista<\/em><\/strong><\/p>\n\n\n\n<p class=\"has-text-align-center\">Y esta carencia tambi\u00e9n lo sufre la psicolog\u00eda.&nbsp;<\/p>\n\n\n\n<p class=\"has-text-align-center\"><strong>\u00bfPSICOLOGIA PALIATIVA&nbsp;<\/strong><\/p>\n\n\n\n<p class=\"has-text-align-center\"><strong>O<\/strong><\/p>\n\n\n\n<p class=\"has-text-align-center\"><strong>POSITIVA?<\/strong><\/p>\n\n\n\n<p>Hab\u00edamos mencionado previamente el t\u00e9rmino de carencia en la psicolog\u00eda respecto al dolor. La respuesta es muy sencilla, es la no existencia de una psicolog\u00eda negativa.&nbsp;<\/p>\n\n\n\n<p><strong><em>Martin Seligman <\/em><\/strong>el pionero, (ya que el padre pr\u00e1cticamente que acu\u00f1a el uso de dicho t\u00e9rmino fue <strong><em>Abraham Maslow.<\/em><\/strong>) La psicolog\u00eda positiva explica bien que la felicidad es un estado de diversas fortalezas, que se conjugan y hacen que esta realidad nos lleve a una vida con algo m\u00e1s que no sea dolor.<\/p>\n\n\n\n<p>En este sentido podemos ser bastante cr\u00edticos con <strong><em>Seligman<\/em><\/strong>, porque la perspectiva que construye acerca de la felicidad est\u00e1 basada en dimensiones que no albergan alguna connotaci\u00f3n negativa.<\/p>\n\n\n\n<p><strong><em>Veamos por qu\u00e9:<\/em><\/strong><\/p>\n\n\n\n<ul class=\"wp-block-list\"><li><strong><em>El sentido de la vida placentera:<\/em><\/strong> como un concepto muy hedonista orientado al placer.<\/li><\/ul>\n\n\n\n<ul class=\"wp-block-list\"><li><strong>&nbsp;La construcci\u00f3n de una buena vida:&nbsp; <\/strong>es decir alcanzar no solo el \u00e9xito en el sentido social, laboral, sino tambi\u00e9n alcanzar nuestro m\u00e1ximo potencial.<\/li><\/ul>\n\n\n\n<ul class=\"wp-block-list\"><li><strong><em>Una vida significativa<\/em><\/strong>: La \u00faltima gran dimensi\u00f3n, qu\u00e9 es el altruismo. Definici\u00f3n de la bondad y su ejercicio en el servicio a los dem\u00e1s.<\/li><\/ul>\n\n\n\n<ul class=\"wp-block-list\"><li>Incluso para complementar toda esta idea, <strong><em>Seligman <\/em><\/strong>crea un <em>sistema o clasificaci\u00f3n de dichas fortalezas humanas<\/em> donde destacan virtudes tales como:<\/li><\/ul>\n\n\n\n<p>&nbsp;la sabidur\u00eda,&nbsp; el conocimiento,&nbsp; el coraje, la humanidad, la prudencia y a su vez tambi\u00e9n la trascendencia.<\/p>\n\n\n\n<p>Sin espacio para el dolor la psicolog\u00eda, en su grandeza,\u00a0 tiene este gran defecto o carencia:<strong><em> servir como una especie de paliativo<\/em><\/strong>, y tambi\u00e9n (porqu\u00e9 no)\u00a0 otras ciencias (psiquiatr\u00eda), no ser\u00eda en s\u00ed misma, sino tambi\u00e9n en la negligencia de unos especialistas, llen\u00e1ndonos de medicamentos,\u00a0 para tal vez quiz\u00e1s tambi\u00e9n<strong><em> paliar<\/em><\/strong>, de alguna u otra forma dicha agon\u00eda, sin penetrar en ella&#8230;<\/p>\n\n\n\n<div class=\"wp-block-image\"><figure class=\"aligncenter\"><img decoding=\"async\" src=\"https:\/\/lh3.googleusercontent.com\/9tCnJCPA-POYEdRL089jkniNzjIJtqHSDmFHFxXVM8C7xjE-8Dk0TFLjxzat568SGkCLM8-VM11-FuYLTJCs65IQZcea2Yl-MxoVDVItpNdyUYDvqYq0r3mpuqeCZB8ahkl-lA5W\" alt=\"\" \/><\/figure><\/div>\n\n\n\n<p><em>\u00abConfieso que no s\u00e9 porqu\u00e9 pero mirar las estrellas siempre me hace so\u00f1ar\u00bb<\/em><\/p>\n\n\n\n<p class=\"has-text-align-center\"><strong><em>Vincent Van Gogh&nbsp;<\/em><\/strong><\/p>\n\n\n\n<p><strong>Bibliograf\u00eda:<\/strong><\/p>\n\n\n\n<p>Bandura, A. (1969). <em>Principles of behavior modification. New York: Holt, Rinehart &amp; Winston<\/em><\/p>\n\n\n\n<p>Bandura, A. (1986) <em>Social Foundations of Thought and Action: A Social-Comparison Theory. Englewood Cliffs: NJ: Prentice Hall<\/em><\/p>\n\n\n\n<p><em>Chantal Mouffe, En torno a lo pol\u00edtico, p. 16.<\/em><\/p>\n\n\n\n<p>San Agust\u00edn de Hipona &#8211; <em>La ciudad de Dios (Libro XXI: El infierno, fin de la ciudad terrenal) (413).<\/em><\/p>\n\n\n\n<p>Seligman, Martin (2011) <em>La aut\u00e9ntica felicidad. Madrid: Zeta Bolsillo.<\/em><\/p>\n","protected":false},"excerpt":{"rendered":"<p>Sociedad enferma ante el dolor. \u201c\u00a1Cu\u00e9ntame qu\u00e9 es para ti el dolor y te dir\u00e9 qui\u00e9n eres!\u201d. &nbsp;Ernst J\u00fcnger&nbsp; Palabras claves: algorafobia, sufrimiento, dolor, carencia, psicolog\u00eda positiva.&nbsp; En la vida del hombre, se deslumbra un peregrinar del sufrimiento, que se manifiesta a trav\u00e9s de experiencias tangibles y palpables. A su vez, aparece una inc\u00f3gnita constante [&hellip;]<\/p>\n","protected":false},"author":17,"featured_media":3401,"comment_status":"open","ping_status":"open","sticky":false,"template":"","format":"standard","meta":{"footnotes":""},"categories":[13],"tags":[],"class_list":["post-3398","post","type-post","status-publish","format-standard","has-post-thumbnail","hentry","category-procesos-cognitivos"],"_links":{"self":[{"href":"https:\/\/warayana.com.pe\/publicaciones\/wp-json\/wp\/v2\/posts\/3398","targetHints":{"allow":["GET"]}}],"collection":[{"href":"https:\/\/warayana.com.pe\/publicaciones\/wp-json\/wp\/v2\/posts"}],"about":[{"href":"https:\/\/warayana.com.pe\/publicaciones\/wp-json\/wp\/v2\/types\/post"}],"author":[{"embeddable":true,"href":"https:\/\/warayana.com.pe\/publicaciones\/wp-json\/wp\/v2\/users\/17"}],"replies":[{"embeddable":true,"href":"https:\/\/warayana.com.pe\/publicaciones\/wp-json\/wp\/v2\/comments?post=3398"}],"version-history":[{"count":8,"href":"https:\/\/warayana.com.pe\/publicaciones\/wp-json\/wp\/v2\/posts\/3398\/revisions"}],"predecessor-version":[{"id":8667,"href":"https:\/\/warayana.com.pe\/publicaciones\/wp-json\/wp\/v2\/posts\/3398\/revisions\/8667"}],"wp:featuredmedia":[{"embeddable":true,"href":"https:\/\/warayana.com.pe\/publicaciones\/wp-json\/wp\/v2\/media\/3401"}],"wp:attachment":[{"href":"https:\/\/warayana.com.pe\/publicaciones\/wp-json\/wp\/v2\/media?parent=3398"}],"wp:term":[{"taxonomy":"category","embeddable":true,"href":"https:\/\/warayana.com.pe\/publicaciones\/wp-json\/wp\/v2\/categories?post=3398"},{"taxonomy":"post_tag","embeddable":true,"href":"https:\/\/warayana.com.pe\/publicaciones\/wp-json\/wp\/v2\/tags?post=3398"}],"curies":[{"name":"wp","href":"https:\/\/api.w.org\/{rel}","templated":true}]}}