{"id":2971,"date":"2021-06-27T20:18:06","date_gmt":"2021-06-27T18:18:06","guid":{"rendered":"https:\/\/warayana.com.pe\/publicaciones\/?p=2971"},"modified":"2021-11-18T19:09:44","modified_gmt":"2021-11-18T18:09:44","slug":"dias-grises-que-entristecen-depresion-de-invierno","status":"publish","type":"post","link":"https:\/\/warayana.com.pe\/publicaciones\/2021\/06\/27\/dias-grises-que-entristecen-depresion-de-invierno\/","title":{"rendered":"D\u00cdAS GRISES QUE ENTRISTECEN: DEPRESI\u00d3N DE INVIERNO"},"content":{"rendered":"\n<blockquote class=\"wp-block-quote is-layout-flow wp-block-quote-is-layout-flow\"><p><em>\u201cLas bajas temperaturas que se inician en oto\u00f1o y contin\u00faan en la temporada de invierno, podr\u00edan presentarse por debajo de lo normal durante la noche en la sierra sur occidental del pa\u00eds\u201d<\/em><\/p><cite><em>Fuente: La Rep\u00fablica, 2021<\/em><\/cite><\/blockquote>\n\n\n\n<div class=\"wp-block-group has-black-color has-cyan-bluish-gray-background-color has-text-color has-background\"><div class=\"wp-block-group__inner-container is-layout-flow wp-block-group-is-layout-flow\">\n<p class=\"has-medium-font-size\">A fines del mes de abril de este a\u00f1o, el Senamhi anunciaba que se acercaba un invierno intenso. Al leer la noticia no puede evitar sentir tristeza y es que una de mis estaciones menos favoritas del a\u00f1o es el invierno. No me gusta los d\u00edas invernales, porque hay menos sol, y los colores de la naturaleza se tornan grises.<\/p>\n\n\n\n<p class=\"has-medium-font-size\">Cada vez que pienso en el invierno, se me viene a la mente la imagen del Invierno retratado en una de las F\u00e1bulas de Esopo:<\/p>\n<\/div><\/div>\n\n\n\n<div class=\"wp-block-image\"><figure class=\"aligncenter size-large is-resized\"><img loading=\"lazy\" decoding=\"async\" src=\"https:\/\/warayana.com.pe\/publicaciones\/wp-content\/uploads\/2021\/06\/image-7.png\" alt=\"\" class=\"wp-image-2976\" width=\"535\" height=\"392\" srcset=\"https:\/\/warayana.com.pe\/publicaciones\/wp-content\/uploads\/2021\/06\/image-7.png 322w, https:\/\/warayana.com.pe\/publicaciones\/wp-content\/uploads\/2021\/06\/image-7-300x220.png 300w\" sizes=\"auto, (max-width: 535px) 100vw, 535px\" \/><\/figure><\/div>\n\n\n\n<blockquote class=\"wp-block-quote is-style-large is-layout-flow wp-block-quote-is-layout-flow\"><p><em>Yo soy el rey del mundo \u2013 dijo el Invierno-. Proh\u00edbo levantar los ojos y ordeno dirigir la mirada al suelo. Hago temer a los hombres y les obligo a quedarse en casa.<\/em><\/p><cite><em>El Invierno y la Primavera (F\u00e1bulas de Esopo)<\/em><\/cite><\/blockquote>\n\n\n\n<p class=\"has-black-color has-cyan-bluish-gray-background-color has-text-color has-background has-medium-font-size\">De este extracto de la F\u00e1bula \u201cEl Invierno y la Primavera\u201d, notamos que el invierno se siente orgulloso de hacer que los hombres se resguarden en sus casas y de obligarlos a paralizar sus actividades. Adem\u00e1s, el Invierno sabe que con su llegada borra toda alegr\u00eda del coraz\u00f3n de los hombres, as\u00ed lo menciona Primavera:<\/p>\n\n\n\n<blockquote class=\"wp-block-quote is-style-large is-layout-flow wp-block-quote-is-layout-flow\"><p>&#8211; <em>Con raz\u00f3n \u2013 replic\u00f3 la primavera \u2013 los hombres se alegran cuando te vas. En cambio, hasta mi nombre les parece bello. Y cuando parto, guardan mi recuerdo, recibi\u00e9ndome alborozados a mi retorno.<\/em><\/p><cite><em>El Invierno y la Primavera (F\u00e1bulas de Esopo)<\/em><\/cite><\/blockquote>\n\n\n\n<p class=\"has-black-color has-cyan-bluish-gray-background-color has-text-color has-background has-medium-font-size\">Efectivamente, cuando llega el invierno todo se torna m\u00e1s oscuro, incluso los d\u00edas tienen menos horas de luz y solamente deseas buscar un refugio de ese fr\u00edo que cala hasta tus huesos. Para esos d\u00edas friolentos las actividades al aire libre no son una opci\u00f3n.<\/p>\n\n\n\n<h3 class=\"has-vivid-cyan-blue-color has-text-color wp-block-heading\">\u00bfQu\u00e9 es la Depresi\u00f3n de Invierno?<\/h3>\n\n\n\n<p class=\"has-vivid-cyan-blue-color has-text-color\">Cuando una determinada estaci\u00f3n del a\u00f1o afecta el estado de \u00e1nimo se le conoce como <strong><em>Trastorno Afectivo Estacional (TAE) <\/em><\/strong>y fue definido por primera vez en los ochenta por el Norman Rosenthal (Loreiro, 2006).<\/p>\n\n\n\n<p class=\"has-vivid-cyan-blue-color has-text-color\">En una entrevista a la Dra. Katherine Gonz\u00e1les en CNN, menciona que el Trastorno Afectivo Estacional es un subtipo de depresi\u00f3n que se presenta en determinadas \u00e9pocas del a\u00f1o.<\/p>\n\n\n\n<p class=\"has-vivid-cyan-blue-color has-text-color\">El DSM \u2013 V reconoce al Trastorno Afectivo Estacional y menciona que el TAE presenta dos causas una es ambiental (clima, social y cultura) y otro es la gen\u00e9tica. De acuerdo, con las investigaciones se sabe que se comparte este trastorno con familiares de primer grado, por lo tanto, el TAE es hereditario (Gat\u00e1n y otros, 2015).<\/p>\n\n\n\n<p class=\"has-vivid-cyan-blue-color has-text-color\">Por otro lado, al Trastorno Afectivo Estacional se le conoce como Depresi\u00f3n de Invierno, ya que, seg\u00fan las estad\u00edsticas en estos d\u00edas grises aumentan los casos de depresi\u00f3n.<\/p>\n\n\n\n<p class=\"has-vivid-cyan-blue-color has-text-color\">As\u00ed el director del MINSA menciona que los casos atendidos de depresi\u00f3n \u201csuperaron en 13.85 por ciento a los de verano. La progresi\u00f3n se ha hecho cada vez m\u00e1s intensa cuando el invierno ha sido m\u00e1s acentuado\u201d.<\/p>\n\n\n\n<h3 class=\"has-vivid-cyan-blue-color has-text-color wp-block-heading\"><strong>\u00bfA qu\u00e9 se debe ese desgano en Invierno?<\/strong><\/h3>\n\n\n\n<p class=\"has-vivid-cyan-blue-color has-text-color\">Sucede que, en la \u00e9poca de invierno, hay menos exposici\u00f3n a la luz solar, lo cual provoca que haya una alteraci\u00f3n a nivel cerebral, en especial en la producci\u00f3n de dos hormonas: melatonina y serotonina.<\/p>\n\n\n\n<p class=\"has-vivid-cyan-blue-color has-text-color\">La melatonina, tiene como funci\u00f3n regular los ciclos de sue\u00f1o seg\u00fan la iluminaci\u00f3n del medio ambiente. Por ejemplo, los osos durante el invierno producen m\u00e1s melatonina para poder gastar menos energ\u00eda, de esa forma es que logran disminuir su actividad motora y duermen m\u00e1s periodos de tiempo.<\/p>\n\n\n\n<div class=\"wp-block-image\"><figure class=\"aligncenter size-large\"><img loading=\"lazy\" decoding=\"async\" width=\"297\" height=\"249\" src=\"https:\/\/warayana.com.pe\/publicaciones\/wp-content\/uploads\/2021\/06\/image-8.png\" alt=\"\" class=\"wp-image-2981\"\/><\/figure><\/div>\n\n\n\n<p class=\"has-vivid-cyan-blue-color has-text-color\">La serotonina equilibra la temperatura del cuerpo con la actividad motora, as\u00ed como se encarga de regular el sue\u00f1o y apetito. En invierno, la producci\u00f3n de serotonina disminuye, y la melatonina aumenta su producci\u00f3n.<\/p>\n\n\n\n<h3 class=\"has-vivid-cyan-blue-color has-text-color wp-block-heading\"><strong>\u00bfC\u00f3mo saber si tengo Depresi\u00f3n de Invierno?<\/strong><\/h3>\n\n\n\n<p class=\"has-vivid-cyan-blue-color has-text-color\">S\u00ed se quiere saber si se padece de dicho trastorno es necesario acudir a los criterios diagn\u00f3sticos mencionados en Gu\u00eda de consulta de los criterios diagn\u00f3sticos del DSM-5 (2014):<\/p>\n\n\n\n<p class=\"has-vivid-cyan-blue-color has-text-color\">A. Ha habido una relaci\u00f3n temporal regular entre el inicio de los episodios de depresi\u00f3n mayor en el trastorno de depresi\u00f3n mayor y un momento del a\u00f1o particular (p. ej., en oto\u00f1o o invierno).<\/p>\n\n\n\n<p class=\"has-vivid-cyan-blue-color has-text-color\">B. Las remisiones totales (o un cambio de depresi\u00f3n mayor a man\u00eda o hipoman\u00eda) tambi\u00e9n se producen en un momento del a\u00f1o caracter\u00edstico (p. ej., la depresi\u00f3n desaparece en primavera).<\/p>\n\n\n\n<p class=\"has-vivid-cyan-blue-color has-text-color\">C. En los \u00faltimos dos a\u00f1os, se han producido dos episodios de depresi\u00f3n mayor que demuestran la relaci\u00f3n estacional definida m\u00e1s arriba y episodios de depresi\u00f3n mayor no estacional durante el mismo per\u00edodo.<\/p>\n\n\n\n<p class=\"has-vivid-cyan-blue-color has-text-color\">D. El n\u00famero de episodios de depresi\u00f3n mayor estacionales (como se han descrito m\u00e1s arriba) supera notablemente el de episodios de depresi\u00f3n mayor no estacionales que pueden haber sucedido a lo largo de la vida del individuo.<\/p>\n\n\n\n<p class=\"has-vivid-cyan-blue-color has-text-color\">Asimismo, se consideran los siguientes s\u00edntomas:<\/p>\n\n\n\n<ul class=\"has-vivid-cyan-blue-color has-text-color wp-block-list\"><li>Dificultad al levantarse<\/li><li>Energ\u00eda disminuida<\/li><li>Preferencia y toma de comidas con alto porcentaje de carbohidratos<\/li><li>Aumento marcado de apetito<\/li><li>Ganancia de peso<\/li><li>Dificultad en la concentraci\u00f3n<\/li><li>Disminuci\u00f3n de la libido<\/li><li>Aislamiento social progresivo<\/li><li>Depresi\u00f3n<\/li><li>Ansiedad<\/li><li>Irritabilidad<\/li><\/ul>\n\n\n\n<h3 class=\"has-vivid-cyan-blue-color has-text-color wp-block-heading\"><strong><strong>Recomendaciones<\/strong><\/strong><\/h3>\n\n\n\n<p class=\"has-vivid-cyan-blue-color has-text-color\">Si eres de las personas que al leer el art\u00edculo ha logrado identificar con los s\u00edntomas de la depresi\u00f3n de Invierno, es necesario acudir a terapia para que esta sensaci\u00f3n de angustia que crece cada vez que estamos frente a esos d\u00edas invernales pueda disminuir. Tambi\u00e9n, es importante tomar ba\u00f1os a la luz del sol, es decir, aprovechar al m\u00e1ximo las horas con luz para realizar actividades al aire libre.<\/p>\n\n\n\n<p class=\"has-vivid-cyan-blue-color has-text-color\">En los \u00faltimos a\u00f1os hay un tratamiento que ayuda a combatir esta depresi\u00f3n estacional y se trata de la fototerapia, que es la exposici\u00f3n a una luz blanca artificial por determinadas horas.<\/p>\n\n\n\n<hr class=\"wp-block-separator has-text-color has-background has-black-background-color has-black-color is-style-dots\"\/>\n\n\n\n<p><strong>REFERENCIAS<\/strong><\/p>\n\n\n\n<p>Asociaci\u00f3n Americana de Psiquiatra (2014). Gu\u00eda de consulta de los criterios diagn\u00f3sticos del DSM-5. Washington DC, Londres: American Psychiatric Publishing<\/p>\n\n\n\n<p>CNN en Espa\u00f1ol. (20 de noviembre del 2020). <em>Como la falta de luz del d\u00eda est\u00e1 ligada a la depresi\u00f3n. <\/em><a href=\"https:\/\/www.youtube.com\/watch?v=kRUXeiBdZVI\">https:\/\/www.youtube.com\/watch?v=kRUXeiBdZVI<\/a><\/p>\n\n\n\n<p>Gat\u00f3n, M., Gonz\u00e1lez, M. y Garivia, M. (2015). Trastornos afectivos estacionales, \u201cWinter Blues\u201d. <em>Revista de la Asociaci\u00f3n Espa\u00f1ola de Neuropsiquiatr\u00eda, 35 <\/em>(126). Recuperado de: <a href=\"https:\/\/scielo.isciii.es\/scielo.php?pid=S0211-57352015000200010&amp;script=sci_arttext&amp;tlng=en\">https:\/\/scielo.isciii.es\/scielo.php?pid=S0211-57352015000200010&amp;script=sci_arttext&amp;tlng=en<\/a><\/p>\n\n\n\n<p>Loreiro, A. (2006). Tristeza Invernal: todo lo que necesita saber para combatir el trastorno afectivo estacional. <em>Revista Internacional de Psicoan\u00e1lisis, 23. <\/em>Recuperado de: <a href=\"https:\/\/www.aperturas.org\/articulo.php?articulo=0000409\">https:\/\/www.aperturas.org\/articulo.php?articulo=0000409<\/a><\/p>\n\n\n\n<p>MINSA. (2013). <em>Se le conoce como depresi\u00f3n de invierno, N\u00b04<\/em>. Recuperado de: <a href=\"https:\/\/www.minsa.gob.pe\/portada\/prensa\/boletines\/boletinminsa5\/pag2.html\">https:\/\/www.minsa.gob.pe\/portada\/prensa\/boletines\/boletinminsa5\/pag2.html<\/a><\/p>\n\n\n\n<p>Pari, D. (Abril 22, 2021). \u201cSe viene fr\u00edo intenso en Arequipa y Moquegua\u201d. <em>La Rep\u00fablica. <\/em><a href=\"https:\/\/larepublica.pe\/sociedad\/2021\/04\/22\/se-viene-frio-intenso-en-arequipa-y-moquegua-lrsd\/\">https:\/\/larepublica.pe\/sociedad\/2021\/04\/22\/se-viene-frio-intenso-en-arequipa-y-moquegua-lrsd\/<\/a><\/p>\n\n\n\n<p>PUCP. (03 de julio de 2014). <em>\u00bfPor qu\u00e9 nos deprimimos en invierno? <\/em>Recuperado de: <a href=\"https:\/\/puntoedu.pucp.edu.pe\/noticia\/trastorno-afectivo-estacional\/\">https:\/\/puntoedu.pucp.edu.pe\/noticia\/trastorno-afectivo-estacional\/<\/a><\/p>\n","protected":false},"excerpt":{"rendered":"<p>\u201cLas bajas temperaturas que se inician en oto\u00f1o y contin\u00faan en la temporada de invierno, podr\u00edan presentarse por debajo de lo normal durante la noche en la sierra sur occidental del pa\u00eds\u201d Fuente: La Rep\u00fablica, 2021 A fines del mes de abril de este a\u00f1o, el Senamhi anunciaba que se acercaba un invierno intenso. Al [&hellip;]<\/p>\n","protected":false},"author":12,"featured_media":2975,"comment_status":"open","ping_status":"open","sticky":false,"template":"","format":"standard","meta":{"footnotes":""},"categories":[282],"tags":[113,122],"class_list":["post-2971","post","type-post","status-publish","format-standard","has-post-thumbnail","hentry","category-trastornos","tag-depresion","tag-invierno"],"_links":{"self":[{"href":"https:\/\/warayana.com.pe\/publicaciones\/wp-json\/wp\/v2\/posts\/2971","targetHints":{"allow":["GET"]}}],"collection":[{"href":"https:\/\/warayana.com.pe\/publicaciones\/wp-json\/wp\/v2\/posts"}],"about":[{"href":"https:\/\/warayana.com.pe\/publicaciones\/wp-json\/wp\/v2\/types\/post"}],"author":[{"embeddable":true,"href":"https:\/\/warayana.com.pe\/publicaciones\/wp-json\/wp\/v2\/users\/12"}],"replies":[{"embeddable":true,"href":"https:\/\/warayana.com.pe\/publicaciones\/wp-json\/wp\/v2\/comments?post=2971"}],"version-history":[{"count":14,"href":"https:\/\/warayana.com.pe\/publicaciones\/wp-json\/wp\/v2\/posts\/2971\/revisions"}],"predecessor-version":[{"id":2991,"href":"https:\/\/warayana.com.pe\/publicaciones\/wp-json\/wp\/v2\/posts\/2971\/revisions\/2991"}],"wp:featuredmedia":[{"embeddable":true,"href":"https:\/\/warayana.com.pe\/publicaciones\/wp-json\/wp\/v2\/media\/2975"}],"wp:attachment":[{"href":"https:\/\/warayana.com.pe\/publicaciones\/wp-json\/wp\/v2\/media?parent=2971"}],"wp:term":[{"taxonomy":"category","embeddable":true,"href":"https:\/\/warayana.com.pe\/publicaciones\/wp-json\/wp\/v2\/categories?post=2971"},{"taxonomy":"post_tag","embeddable":true,"href":"https:\/\/warayana.com.pe\/publicaciones\/wp-json\/wp\/v2\/tags?post=2971"}],"curies":[{"name":"wp","href":"https:\/\/api.w.org\/{rel}","templated":true}]}}