{"id":2808,"date":"2021-05-26T07:59:18","date_gmt":"2021-05-26T05:59:18","guid":{"rendered":"https:\/\/warayana.com.pe\/publicaciones\/?p=2808"},"modified":"2021-11-18T18:37:22","modified_gmt":"2021-11-18T17:37:22","slug":"es-posible-medir-la-belleza","status":"publish","type":"post","link":"https:\/\/warayana.com.pe\/publicaciones\/2021\/05\/26\/es-posible-medir-la-belleza\/","title":{"rendered":"\u00bfEs posible medir la belleza?"},"content":{"rendered":"\n<p>A prop\u00f3sito del \u00faltimo Concurso de Miss Universo 2021, donde nuestra compatriota Janick Maceta obtuvo un meritorio tercer lugar y en el que la mexicana Andrea Meza terminar\u00eda ganando el certamen, pero m\u00e1s all\u00e1 de los criterios de los jueces y del formato del concurso \u00bfRealmente es la representante mexicana m\u00e1s bella que la nuestra?<\/p>\n\n\n\n<div class=\"wp-block-image\"><figure class=\"aligncenter\"><img decoding=\"async\" src=\"https:\/\/www.mdzol.com\/u\/fotografias\/m\/2021\/5\/19\/f608x342-1058681_1088404_0.jpg\" alt=\"Esc\u00e1ndalo en Miss Universo 2021 a 3 d\u00edas de la coronaci\u00f3n | MDZ Online\"\/><\/figure><\/div>\n\n\n\n<p class=\"has-text-align-center\"><em>Imagen: La representante mexicana Andrea Meza fue elegida ganadora del concurso Miss Universo 2021<\/em><\/p>\n\n\n\n<p>Es una tarea complicada calificar objetivamente la belleza, ya que no hay manera de dejar de lado nuestro subjetivismos. Denis Pell, profesor de Psicolog\u00eda de la Universidad de New York menciona que de la misma manera en que no hay manera de saber si la percepci\u00f3n del color rojo es igual en dos sujetos a ciencia cierta, pasa lo mismo con la belleza.<\/p>\n\n\n\n<p>Los estudios como el de A. Brielmann y Denis G., plantean que todos compartimos ciertos patrones de actividad cerebral asociados a la belleza o al reconocimiento de la misma, por ejemplo, seg\u00fan Semir Zeki, profesor de la Universidad de London, las personas que disfrutan de piezas musicales o de las artes pl\u00e1sticas, presentan actividad en la corteza frontal orbital media cerebral, donde se ubica el centro de placer y recompensa del cerebro.<\/p>\n\n\n\n<p>La perspectiva actual del estudio emp\u00edrico de la belleza se ha abordado desde dos importantes perspectivas, entender que hace que algo nos resulte bello (perspectiva centrada en el producto) y averiguar en lo que ocurre en nuestra mente cuando apreciamos la belleza (perspectiva centrada en el sujeto)<\/p>\n\n\n\n<div class=\"wp-block-image\"><figure class=\"aligncenter\"><img decoding=\"async\" src=\"https:\/\/aws.traveler.es\/prod\/designs\/v1\/assets\/1000x667\/20486.jpg\" alt=\"Los 22 cuadros que hay que ver antes de morir\"\/><\/figure><\/div>\n\n\n\n<p class=\"has-text-align-center\"><em>Imagen: Personas observando la pintura \u00abLa Noche Estrellada\u00bb de Van Gogh en The Museum Modern Art<\/em><\/p>\n\n\n\n<p><strong>\u00bfQu\u00e9 es lo que consideramos bello?<\/strong><\/p>\n\n\n\n<p>Diversos estudios han demostrado que existen determinadas cualidades de los objetos que pueden contribuir en su valor est\u00e9tico. Es el caso por ejemplo de la simetr\u00eda o de aquello que se encuentra en la media, una persona es catalogada como atractiva si tiene el rostro o facciones sim\u00e9tricas y\/o ning\u00fan rasgo que sea muy distintivo de la media.<\/p>\n\n\n\n<p>El 2007 un estudio en Perception &amp; Psychophysics se\u00f1al\u00f3 que los rasgos sim\u00e9tricos pueden ser indicadores de la calidad gen\u00e9tica. El proceso de evoluci\u00f3n humana se ha realizado transmiti\u00e9ndose genes de antepasados a sus descendientes, en estos genes se encontrar\u00edan aquellos que determinan los rasgos faciales sim\u00e9tricos que estar\u00edan relacionados a buena calidad de salud.<\/p>\n\n\n\n<div class=\"wp-block-image\"><figure class=\"aligncenter\"><img decoding=\"async\" src=\"https:\/\/lh3.googleusercontent.com\/proxy\/3DIwLxq3mqVo-JEHgZmt4sMyx5e4Ibut2wzPdfICHejVcRntz3Dd88c1afsCEI1BdtmMdLY2QxdKV555-zMZa2SlrUSGNGiwiEeqbV5wPkVUrL248Q\" alt=\"As\u00ed se ver\u00edan estos 15 famosos si tuviesen rostros totalmente sim\u00e9tricos.  Gal Gadot se ve aterradora | Upsocl\"\/><\/figure><\/div>\n\n\n\n<p class=\"has-text-align-center\"><em>Imagen: Comparaci\u00f3n de una fotograf\u00eda original y una fotograf\u00eda con rasgos sim\u00e9tricos entre ambos lados del rostro<\/em><\/p>\n\n\n\n<p>De la misma manera, algunas investigaciones sugieren, que somos m\u00e1s proclives a apreciar obras o composiciones en las que se dominen las curvas por encima de \u00e1ngulos rectos. Esto \u00faltimo, seg\u00fan la psicolog\u00eda evolutiva, esta relacionada con la evoluci\u00f3n de la especie humana, pues un cuerpo m\u00e1s curvil\u00edneo resultaba atractivo, dada su relaci\u00f3n con la fertilidad, de la misma manera una representaci\u00f3n de un paisaje frondoso compuesto por m\u00faltiples \u00e1ngulos va a resultar mucho mas acogedor para la vida que las l\u00edneas rectas de un desierto.<\/p>\n\n\n\n<p><strong>\u00bfQu\u00e9 es lo que ocurre en nuestro cerebro cuando observamos algo bello?<\/strong><\/p>\n\n\n\n<p>De acuerdo a diferentes estudios sobre el proceso de recepci\u00f3n del arte se concluye que un objeto mientras m\u00e1s simple se considera mas bello, esto debido a que resultan mas simples a ser procesados. Como se ha mencionado antes los centros de placer relacionados a la percepci\u00f3n de la belleza se encuentran en la regi\u00f3n orbitofrontal.<\/p>\n\n\n\n<div class=\"wp-block-image\"><figure class=\"aligncenter size-large is-resized\"><img loading=\"lazy\" decoding=\"async\" src=\"https:\/\/warayana.com.pe\/publicaciones\/wp-content\/uploads\/2021\/05\/image.jpeg\" alt=\"La belleza en el cerebro\" class=\"wp-image-2811\" width=\"578\" height=\"185\" srcset=\"https:\/\/warayana.com.pe\/publicaciones\/wp-content\/uploads\/2021\/05\/image.jpeg 396w, https:\/\/warayana.com.pe\/publicaciones\/wp-content\/uploads\/2021\/05\/image-300x96.jpeg 300w\" sizes=\"auto, (max-width: 578px) 100vw, 578px\" \/><\/figure><\/div>\n\n\n\n<p class=\"has-text-align-center\"><em>imagen: Representaci\u00f3n del procesamiento mental de las obras que apreciamos<\/em><\/p>\n\n\n\n<p>En este sentido, los investigadores apuntan a una posible explicaci\u00f3n de por qu\u00e9 la belleza y el arte podr\u00edan resultar adictivos. En el momento que nuestro cerebro recibe un estimulo que le resulte positivo o placentero, es l\u00f3gico que se busque replicar esta sensaci\u00f3n con est\u00edmulos similares. He ah\u00ed la raz\u00f3n de porque la b\u00fasqueda de la belleza se da de manera cotidiana, con la ropa que vestimos o los lugares que escogemos para vacacionar. Todo orquestado en b\u00fasqueda del placer que nos proporciona las cosas bellas.&nbsp;<\/p>\n\n\n\n<p><strong>La belleza y el Autoestima<\/strong><\/p>\n\n\n\n<p>Generalmente se suele asociar la autoestima y la apariencia f\u00edsica de la persona, ligando la belleza propia con su percepci\u00f3n de s\u00ed misma, dice Heather Patrick investigadora de los Institutos Nacionales de Salud de Estados Unidos, \u201cComparamos c\u00f3mo creemos que lucimos con la manera en que lucen otras personas, y tomamos una decisi\u00f3n acerca de s\u00ed estamos mucho mejor o mucho peor\u201d, explica.<\/p>\n\n\n\n<div class=\"wp-block-image\"><figure class=\"aligncenter\"><img decoding=\"async\" src=\"https:\/\/www.elcolombiano.com\/documents\/10157\/0\/580x441\/0c56\/580d365\/none\/11101\/HNBJ\/image_content_32708886_20190125195040.jpg\" alt=\"Ser adicto a redes sociales no es pasar todo el d\u00eda en ellas\"\/><\/figure><\/div>\n\n\n\n<p class=\"has-text-align-center\"><em>Imagen: En \u00e9pocas mas recientes las redes sociales influyen directamente con nuestra autopercepci\u00f3n de nuestra imagen<\/em><\/p>\n\n\n\n<p>Esta comparaci\u00f3n puede tener consecuencias emocionales y psicol\u00f3gicas. De acuerdo con Patrick, la importancia de la belleza y la apariencia f\u00edsica son formuladas desde la ni\u00f1ez. Los padres dan cierto grado de halagos a sus hijos por su apariencia y otro por la cantidad de esfuerzo que dedican a las tareas y actividades para las que son buenos. Eso prepara el escenario para como la gente piensa de s\u00ed misma en t\u00e9rminos de apariencia o capacidades.<\/p>\n\n\n\n<p>As\u00ed mismo, tenemos la tendencia a filtrar con mayor facilidad los juicios u opiniones de los dem\u00e1s sobre nuestra apariencia sobre nuestras propias percepciones. Esta obsesi\u00f3n por el aspecto particular llevado al extremo puede convertirse en un trastorno dism\u00f3rfico corporal, raz\u00f3n por la cual algunas personas suelen someterse a decenas de cirug\u00edas pl\u00e1sticas, pero nunca quedan satisfechas con los resultados.&nbsp; &nbsp;<\/p>\n\n\n\n<p><strong>La belleza y el poder<\/strong><\/p>\n\n\n\n<p>Algunos estudios sugieren que las personas atractivas pueden llegar a ser percibidas como m\u00e1s competentes y exitosas, Jasm\u00edn Cloutier una investigadora de la Universidad de Chicago expon\u00eda sobre la existencia de una dimensi\u00f3n cultural aprendida respecto a la percepci\u00f3n de la belleza.<\/p>\n\n\n\n<p>El sistema legal de EEUU podr\u00eda tomar cuenta el tema de la belleza, una serie de estudios han encontrado que el atractivo ayuda al momento de recibir dict\u00e1menes de veredictos y sentencias. Puesto que las personas, miembros del jurado, tienden a pensar que las personas bellas son menos propensas a cometer cr\u00edmenes violentos, contribuyendo con la percepci\u00f3n que las personas bonitas son \u201cbuenas\u201d y no hacen cosas malas.<\/p>\n\n\n\n<p>&nbsp;La psic\u00f3loga estadounidense Vivian Diller, hac\u00eda una divisi\u00f3n de la percepci\u00f3n de la belleza en tres aspectos: los factores aportados por la gen\u00e9tica, el arreglo personal y la manera en que la gente reacciona a su apariencia en sus primeros a\u00f1os de vida. Etapa en la que los padres influyen de manera mucho m\u00e1s directa en la percepci\u00f3n de tu propia apariencia.<\/p>\n\n\n\n<div class=\"wp-block-image\"><figure class=\"aligncenter is-resized\"><img loading=\"lazy\" decoding=\"async\" src=\"https:\/\/i.pinimg.com\/736x\/5d\/be\/25\/5dbe252418356e914ed651c7db012f45.jpg\" alt=\"Pin en vida es real\" width=\"415\" height=\"435\"\/><\/figure><\/div>\n\n\n\n<p class=\"has-text-align-center\"><em>Imagen: La apariencia de una persona muchas veces origina la estigmatizaci\u00f3n o creaci\u00f3n de prejuicios.<\/em><\/p>\n\n\n\n<p>La belleza influye en nosotros diariamente, como se explico antes, nos encontramos en la b\u00fasqueda constante de la sensaci\u00f3n que nos produce contemplar algo bello. Y en las personas, esto puede influir directamente en nuestra percepci\u00f3n de los dem\u00e1s, atribuyendo connotaciones positivas o negativas a las personas solo por como lucen.<\/p>\n\n\n\n<p>Sin embargo, no se puede dejar de mencionar el proceso que todo el mundo atraviesa eventualmente, el envejecimiento. Etapa en la que la apariencia de la juventud cambia y de la misma manera es natural que var\u00eda la visi\u00f3n de uno mismo. Por lo que no es recomendable basar el \u00e9xito que se pueda llegar a tener o el aprecio que se tenga de uno mismo, en tan solo uno de sus aspectos como lo es la apariencia f\u00edsica. Como se\u00f1alaba la psicolog\u00eda Gestalt: el todo es m\u00e1s que la suma de sus partes, por lo que resulta importante tomar en consideraci\u00f3n mas dimensiones de nosotros mismos y de los dem\u00e1s.<\/p>\n\n\n\n<p><strong>Referencias<\/strong><\/p>\n\n\n\n<p>Expansi\u00f3n. \u00bfEn qu\u00e9 basamos nuestra percepci\u00f3n de la belleza?. Expansi\u00f3n. Recuperado de: <a href=\"https:\/\/expansion.mx\/salud\/2012\/03\/28\/en-que-basamos-nuestra-percepcion-de-la-belleza\">https:\/\/expansion.mx\/salud\/2012\/03\/28\/en-que-basamos-nuestra-percepcion-de-la-belleza<\/a><\/p>\n\n\n\n<p>Raffio, V. (2018). \u00bfQu\u00e9 es la belleza y qu\u00e9 provoca en nuestro cerebro? El Periodico.com. Recuperado de: <a href=\"https:\/\/www.elperiodico.com\/es\/ciencia\/20180821\/que-es-la-belleza-arte-filosofia-ciencia-6997236\" target=\"_blank\" rel=\"noreferrer noopener\">https:\/\/www.elperiodico.com\/es\/ciencia\/20180821\/que-es-la-belleza-arte-filosofia-ciencia-6997236<\/a><\/p>\n","protected":false},"excerpt":{"rendered":"<p>A prop\u00f3sito del \u00faltimo Concurso de Miss Universo 2021, donde nuestra compatriota Janick Maceta obtuvo un meritorio tercer lugar y en el que la mexicana Andrea Meza terminar\u00eda ganando el certamen, pero m\u00e1s all\u00e1 de los criterios de los jueces y del formato del concurso \u00bfRealmente es la representante mexicana m\u00e1s bella que la nuestra?<\/p>\n","protected":false},"author":15,"featured_media":2810,"comment_status":"open","ping_status":"open","sticky":false,"template":"","format":"standard","meta":{"footnotes":""},"categories":[283],"tags":[],"class_list":["post-2808","post","type-post","status-publish","format-standard","has-post-thumbnail","hentry","category-psicologia-social"],"_links":{"self":[{"href":"https:\/\/warayana.com.pe\/publicaciones\/wp-json\/wp\/v2\/posts\/2808","targetHints":{"allow":["GET"]}}],"collection":[{"href":"https:\/\/warayana.com.pe\/publicaciones\/wp-json\/wp\/v2\/posts"}],"about":[{"href":"https:\/\/warayana.com.pe\/publicaciones\/wp-json\/wp\/v2\/types\/post"}],"author":[{"embeddable":true,"href":"https:\/\/warayana.com.pe\/publicaciones\/wp-json\/wp\/v2\/users\/15"}],"replies":[{"embeddable":true,"href":"https:\/\/warayana.com.pe\/publicaciones\/wp-json\/wp\/v2\/comments?post=2808"}],"version-history":[{"count":4,"href":"https:\/\/warayana.com.pe\/publicaciones\/wp-json\/wp\/v2\/posts\/2808\/revisions"}],"predecessor-version":[{"id":2818,"href":"https:\/\/warayana.com.pe\/publicaciones\/wp-json\/wp\/v2\/posts\/2808\/revisions\/2818"}],"wp:featuredmedia":[{"embeddable":true,"href":"https:\/\/warayana.com.pe\/publicaciones\/wp-json\/wp\/v2\/media\/2810"}],"wp:attachment":[{"href":"https:\/\/warayana.com.pe\/publicaciones\/wp-json\/wp\/v2\/media?parent=2808"}],"wp:term":[{"taxonomy":"category","embeddable":true,"href":"https:\/\/warayana.com.pe\/publicaciones\/wp-json\/wp\/v2\/categories?post=2808"},{"taxonomy":"post_tag","embeddable":true,"href":"https:\/\/warayana.com.pe\/publicaciones\/wp-json\/wp\/v2\/tags?post=2808"}],"curies":[{"name":"wp","href":"https:\/\/api.w.org\/{rel}","templated":true}]}}