{"id":114,"date":"2020-04-28T04:17:42","date_gmt":"2020-04-28T02:17:42","guid":{"rendered":"http:\/\/warayana.com.pe\/publicaciones\/?p=114"},"modified":"2021-11-18T18:18:58","modified_gmt":"2021-11-18T17:18:58","slug":"la-mente-de-los-ninos-en-los-tiempos-del-coronavirus","status":"publish","type":"post","link":"https:\/\/warayana.com.pe\/publicaciones\/2020\/04\/28\/la-mente-de-los-ninos-en-los-tiempos-del-coronavirus\/","title":{"rendered":"CAP\u00cdTULO I: \u00abLa mente de los ni\u00f1os en los tiempos del Coronavirus\u00bb"},"content":{"rendered":"<p>Estamos tomando decisiones a cada segundo, y ellos nos observan, nos escuchan, nos interpretan, me asusta pensar que no lo estemos haciendo del todo bien. Estamos marcando un precedente con nuestras acciones u omisiones, da lo mismo, ellos est\u00e1n traduciendo cada hecho, y se lo est\u00e1n tomando bastante personal.<\/p>\n<p>Llevo casi 10 a\u00f1os como Psic\u00f3loga, de ese tiempo las mejores experiencias las he tenido en consultas con los ni\u00f1os(as), estos \u00faltimos d\u00ed\u00adas realmente los estoy echando de menos, lo que m\u00e1s nostalgia me da, es el platicar con ellos mientras jugamos, su forma de ver la vida, tan pr\u00e1ctica, tan simple, y a la vez tan profunda. Muchas veces me han dejado en desconcierto, y es que debo confesarlo, todo este tiempo, he sentido que soy yo la que aprende m\u00e1s de ellos.<\/p>\n<p><img loading=\"lazy\" decoding=\"async\" class=\"wp-image-117 alignleft\" src=\"http:\/\/warayana.com.pe\/publicaciones\/wp-content\/uploads\/2020\/04\/14.LUCAS_-300x300.png\" alt=\"\" width=\"431\" height=\"430\" srcset=\"https:\/\/warayana.com.pe\/publicaciones\/wp-content\/uploads\/2020\/04\/14.LUCAS_-300x300.png 300w, https:\/\/warayana.com.pe\/publicaciones\/wp-content\/uploads\/2020\/04\/14.LUCAS_-150x150.png 150w, https:\/\/warayana.com.pe\/publicaciones\/wp-content\/uploads\/2020\/04\/14.LUCAS_-768x768.png 768w, https:\/\/warayana.com.pe\/publicaciones\/wp-content\/uploads\/2020\/04\/14.LUCAS_-1024x1024.png 1024w, https:\/\/warayana.com.pe\/publicaciones\/wp-content\/uploads\/2020\/04\/14.LUCAS_-60x60.png 60w, https:\/\/warayana.com.pe\/publicaciones\/wp-content\/uploads\/2020\/04\/14.LUCAS_.png 2048w\" sizes=\"auto, (max-width: 431px) 100vw, 431px\" \/><\/p>\n<p>Desde que inici\u00f3 la cuarentena estoy cuestion\u00e1ndome sobre la interpretaci\u00f3n que ellos le est\u00e1n dando a estos d\u00ed\u00adas, apartados del mundo exterior, imagino a muchos contentos de poder pasar ese tiempo tan anhelado con sus seres queridos, a otros disfrutando de haber sentido que las vacaciones se ampliaban, imagino tambi\u00e9n, con el pasar de los das, cierto temor en su mirada, dada la incertidumbre por la que atravesamos como sociedad. Estoy segura, cada uno tendr\u00eda una gran historia que contar, para el d\u00eda en el que nos reencontremos en el consultorio.<\/p>\n<p><img loading=\"lazy\" decoding=\"async\" class=\"wp-image-118 alignright\" src=\"http:\/\/warayana.com.pe\/publicaciones\/wp-content\/uploads\/2020\/04\/13.MIA_-300x300.png\" alt=\"\" width=\"375\" height=\"373\" srcset=\"https:\/\/warayana.com.pe\/publicaciones\/wp-content\/uploads\/2020\/04\/13.MIA_-150x150.png 150w, https:\/\/warayana.com.pe\/publicaciones\/wp-content\/uploads\/2020\/04\/13.MIA_-60x60.png 60w\" sizes=\"auto, (max-width: 375px) 100vw, 375px\" \/>Las vidas de todos est\u00e1n ciertamente pausadas, y hoy busco hablar en nombre de los ni\u00f1os y ni\u00f1as, a quienes tal vez les cueste un poco poder expresar lo que piensan por la complejidad del tema.<\/p>\n<p>Para esto, podr\u00ed\u00adamos empezar recordando aquella \u00e9poca de colegio, los est\u00ed\u00admulos, la profesora, los compa\u00f1eros del sal\u00f3n, el recreo, la bulla, el camino de ida y vuelta a casa, la lonchera, las tareas, las risas de los amigos, los juegos, los colores. Ahora, imaginemos que, de haber empezado las clases, a los pocos d\u00ed\u00adas, nos las quitan, no entendemos las razones, quiz\u00e1 nos acompa\u00f1a una alegr\u00ed\u00ada inicial, pensando que <img loading=\"lazy\" decoding=\"async\" class=\"wp-image-119 alignleft\" src=\"http:\/\/warayana.com.pe\/publicaciones\/wp-content\/uploads\/2020\/04\/11.IVANNA-300x300.png\" alt=\"\" width=\"437\" height=\"437\" srcset=\"https:\/\/warayana.com.pe\/publicaciones\/wp-content\/uploads\/2020\/04\/11.IVANNA-300x300.png 300w, https:\/\/warayana.com.pe\/publicaciones\/wp-content\/uploads\/2020\/04\/11.IVANNA-150x150.png 150w, https:\/\/warayana.com.pe\/publicaciones\/wp-content\/uploads\/2020\/04\/11.IVANNA-768x768.png 768w, https:\/\/warayana.com.pe\/publicaciones\/wp-content\/uploads\/2020\/04\/11.IVANNA-1024x1024.png 1024w, https:\/\/warayana.com.pe\/publicaciones\/wp-content\/uploads\/2020\/04\/11.IVANNA-60x60.png 60w, https:\/\/warayana.com.pe\/publicaciones\/wp-content\/uploads\/2020\/04\/11.IVANNA.png 2048w\" sizes=\"auto, (max-width: 437px) 100vw, 437px\" \/><em>Las cosas ser\u00e1n como hace unos d\u00ed\u00adas, con salidas al parque, centros comerciales, acompa\u00f1ar al trabajo a mam\u00e1 o pap\u00e1, visitar a los abuelos.<\/em> pero resulta que no, que \u00ab<em>Estos d\u00ed\u00adas no podemos salir de casa, no vamos a poder patear la pelota en el parque, jugar con los amigos, acompa\u00f1ar a hacer las compras, respirar el aire de libertad\u00bb.<\/em><\/p>\n<p>Son s\u00f3lo unos d\u00ed\u00adas, nos explican, pero en nuestra maravillosa e inocente mente, vivimos del presente, y unos d\u00ed\u00adas nos suenan a un lejano futuro. <em>No queda de otra, a hacer lo que nuestros padres dicen, \u00bfno?, pero, \u00bfLo dicen porque quieren, o porque lo dice el Presidente?<\/em>, \u00bf!<em>No entiendo!?<\/em>, \u00bf<em>Por qu\u00e9 no podemos salir?<\/em>, <em>Todos los adultos est\u00e1n raros, \u00bfQu\u00e9 pasar\u00e1 con pap\u00e1, \u00bfPor qu\u00e9 est\u00e1 sentado en la mesa con cara de preocupaci\u00f3n?<\/em>, \u00bf<em>Por qu\u00e9 tenemos que quedarnos en casa?<\/em>, \u00bf<em>Y por qu\u00e9 todo el d\u00eda hablan de un virus?<\/em>, <em>Estoy cansado de escuchar sobre el Coronavirus, es como la palabra m\u00e1s fea, y no s\u00e9 porque me parece tan fea<\/em>, <em>Resulta que el virus es c\u00f3mo la gripe, yo tuve gripe la semana pasada, \u00bfY, si me he contagiado\u00bf<\/em>, <em>\u00bfQu\u00e9 pasar\u00e1 conmigo si me contagio?<\/em>, <em>Escuch\u00e9 que hay que quedarnos en casa por el bien de todos los abuelitos del mundo<\/em>, \u00bf<em>Y si al salir a la tienda mam\u00e1 trae el virus a casa?<\/em>, \u00bf<em>Qu\u00e9 pasa con los ni\u00f1os, tambi\u00e9n enfermamos?<\/em>, <img loading=\"lazy\" decoding=\"async\" class=\" wp-image-120 alignright\" src=\"http:\/\/warayana.com.pe\/publicaciones\/wp-content\/uploads\/2020\/04\/20-300x300.png\" alt=\"\" width=\"451\" height=\"449\" srcset=\"https:\/\/warayana.com.pe\/publicaciones\/wp-content\/uploads\/2020\/04\/20-300x300.png 300w, https:\/\/warayana.com.pe\/publicaciones\/wp-content\/uploads\/2020\/04\/20-150x150.png 150w, https:\/\/warayana.com.pe\/publicaciones\/wp-content\/uploads\/2020\/04\/20-60x60.png 60w\" sizes=\"auto, (max-width: 451px) 100vw, 451px\" \/><em>Escuch\u00e9 decir que no hab\u00ed\u00ada cura, ni vacunas, que ya no hab\u00ed\u00adan camas en los hospitales<\/em>, <em>Dice mi t\u00ed\u00ada que en otras ciudades la gente est\u00e1 empezando a morir<\/em>,<em> \u00bfQu\u00e9 es la muerte?<\/em>, \u00bf<em>He visto el noticiero, que en Espa\u00f1a las personas se despiden de los viejitos usando la Tablet<\/em>, <em>Yo ya no quiero salir porque me da mucho miedo la calle.<\/em><\/p>\n<p>Mencion\u00e9 l\u00ed\u00adneas arriba que, hablar\u00ed\u00ada en nombre de nuestros ni\u00f1os(as), y es que, literalmente lo acabo de hacer, todas las frases descritas en cursiva son nubecitas de pensamientos extra\u00f1os de las terapias virtuales que cursamos en estos d\u00ed\u00adas de aislamiento, en esta oportunidad les he puesto los subt\u00edtulos a sus pensamientos.<\/p>\n<p>El impacto psicol\u00f3gico del confinamiento en nuestros ni\u00f1os, depende de la visi\u00f3n que ellos tengan sobre la situaci\u00f3n actual. Es por ello que, este art\u00ed\u00adculo pretende estimular una actitud m\u00e1s positiva frente a esta situaci\u00f3n, por parte de los padres, familiares, maestros y\/o cuidadores, esta es la fase inicial de todo proceso psicol\u00f3gico: \u00abLa concientizaci\u00f3n\u00bb.<\/p>\n<p><img loading=\"lazy\" decoding=\"async\" class=\"wp-image-121 alignleft\" src=\"http:\/\/warayana.com.pe\/publicaciones\/wp-content\/uploads\/2020\/04\/19-300x300.png\" alt=\"\" width=\"394\" height=\"392\" srcset=\"https:\/\/warayana.com.pe\/publicaciones\/wp-content\/uploads\/2020\/04\/19-150x150.png 150w, https:\/\/warayana.com.pe\/publicaciones\/wp-content\/uploads\/2020\/04\/19-60x60.png 60w\" sizes=\"auto, (max-width: 394px) 100vw, 394px\" \/><\/p>\n<p>Es necesario que nos tomemos un momento para escuchar sus preguntas y miedos. as\u00ed como tambi\u00e9n, para compartir los propios, claro, dentro de lo que corresponde a la edad del ni\u00f1o(a). Demostr\u00e1ndoles nuestra empat\u00ed\u00ada, y por sobre todas las cosas, paciencia.<\/p>\n<p>Es por esto que, hoy vuelvo a escribir otro art\u00ed\u00adculo, porque siento que nuestros ni\u00f1os realmente nos necesitan trabajando en equipo. Hay que darles hoy una lecci\u00f3n de vida, y \u00a1Hagamos que valga la pena!<\/p>\n<p>Prometo hacer m\u00e1s rutinario el vicio de la escritura, y volver pronto con nuevas reflexiones.<\/p>\n","protected":false},"excerpt":{"rendered":"<p>Estamos tomando decisiones a cada segundo, y ellos nos observan, nos escuchan, nos interpretan, me asusta pensar que no lo estemos haciendo del todo bien. Estamos marcando un precedente con nuestras acciones u omisiones, da lo mismo, ellos est\u00e1n traduciendo cada hecho, y se lo est\u00e1n tomando bastante personal. Llevo casi 10 a\u00f1os como Psic\u00f3loga, [&hellip;]<\/p>\n","protected":false},"author":2,"featured_media":124,"comment_status":"open","ping_status":"open","sticky":false,"template":"","format":"standard","meta":{"footnotes":""},"categories":[8,7],"tags":[],"class_list":["post-114","post","type-post","status-publish","format-standard","has-post-thumbnail","hentry","category-psicologiainfantil","category-psicologiaycoronavirus"],"_links":{"self":[{"href":"https:\/\/warayana.com.pe\/publicaciones\/wp-json\/wp\/v2\/posts\/114","targetHints":{"allow":["GET"]}}],"collection":[{"href":"https:\/\/warayana.com.pe\/publicaciones\/wp-json\/wp\/v2\/posts"}],"about":[{"href":"https:\/\/warayana.com.pe\/publicaciones\/wp-json\/wp\/v2\/types\/post"}],"author":[{"embeddable":true,"href":"https:\/\/warayana.com.pe\/publicaciones\/wp-json\/wp\/v2\/users\/2"}],"replies":[{"embeddable":true,"href":"https:\/\/warayana.com.pe\/publicaciones\/wp-json\/wp\/v2\/comments?post=114"}],"version-history":[{"count":8,"href":"https:\/\/warayana.com.pe\/publicaciones\/wp-json\/wp\/v2\/posts\/114\/revisions"}],"predecessor-version":[{"id":3606,"href":"https:\/\/warayana.com.pe\/publicaciones\/wp-json\/wp\/v2\/posts\/114\/revisions\/3606"}],"wp:featuredmedia":[{"embeddable":true,"href":"https:\/\/warayana.com.pe\/publicaciones\/wp-json\/wp\/v2\/media\/124"}],"wp:attachment":[{"href":"https:\/\/warayana.com.pe\/publicaciones\/wp-json\/wp\/v2\/media?parent=114"}],"wp:term":[{"taxonomy":"category","embeddable":true,"href":"https:\/\/warayana.com.pe\/publicaciones\/wp-json\/wp\/v2\/categories?post=114"},{"taxonomy":"post_tag","embeddable":true,"href":"https:\/\/warayana.com.pe\/publicaciones\/wp-json\/wp\/v2\/tags?post=114"}],"curies":[{"name":"wp","href":"https:\/\/api.w.org\/{rel}","templated":true}]}}